{"id":43309,"date":"2022-12-19T05:22:25","date_gmt":"2022-12-19T11:22:25","guid":{"rendered":"http:\/\/losperiodistas.com.mx\/portal\/?p=43309"},"modified":"2022-12-19T05:22:27","modified_gmt":"2022-12-19T11:22:27","slug":"saturnales-cuando-los-romanos-celebraban-orgias-y-los-amos-se-cambiaban-por-esclavos-la-razon","status":"publish","type":"post","link":"https:\/\/losperiodistas.com.mx\/portal\/saturnales-cuando-los-romanos-celebraban-orgias-y-los-amos-se-cambiaban-por-esclavos-la-razon\/","title":{"rendered":"Saturnales: cuando los romanos celebraban org\u00edas y los amos se cambiaban por esclavos | La Raz\u00f3n"},"content":{"rendered":"\n<h2 class=\"has-white-color has-text-color has-background has-medium-font-size wp-block-heading\" style=\"background-color:#3a02f7\">La celebraci\u00f3n, que es un antecedente de la Navidad, era una de las festividades m\u00e1s importantes en tiempos del Imperio Romano y se celebraban con bacanales<\/h2>\n\n\n\n<div class=\"wp-block-image is-style-default\"><figure class=\"aligncenter size-full\"><img fetchpriority=\"high\" decoding=\"async\" width=\"600\" height=\"400\" src=\"https:\/\/losperiodistas.com.mx\/portal\/wp-content\/uploads\/2022\/12\/AV572YMEZNDKZMNWD4KF3YQV2Y.jpg\" alt=\"\" class=\"wp-image-43310\" srcset=\"https:\/\/losperiodistas.com.mx\/portal\/wp-content\/uploads\/2022\/12\/AV572YMEZNDKZMNWD4KF3YQV2Y.jpg 600w, https:\/\/losperiodistas.com.mx\/portal\/wp-content\/uploads\/2022\/12\/AV572YMEZNDKZMNWD4KF3YQV2Y-300x200.jpg 300w\" sizes=\"(max-width: 600px) 100vw, 600px\" \/><figcaption><strong>Thomas Coure quiso plasmar la decadencia de roma a trav\u00e9s de una Saturnal en esta pintura<\/strong>\u00a0FOTO:\u00a0WIKIPEDIA\u00a0WIKIPEDIA COMMONS<\/figcaption><\/figure><\/div>\n\n\n\n<p class=\"has-vivid-cyan-blue-color has-text-color has-medium-font-size\">SOF\u00cdA CAMPOS \/ LA RAZ\u00d3N<\/p>\n\n\n\n<p>Se trataba de unas fechas muy esperadas por todos los s\u00fabditos del<a href=\"https:\/\/www.larazon.es\/cultura\/20201221\/teee5tmpijftdnfi3uocist3vy.html\">&nbsp;Imperio Romano<\/a>. Eran las fiestas que celebraban el final de los trabajos del campo, la llegada del invierno y el descanso hasta la primavera. En aquellos tiempos, cuando llegaba la semana del 17 al 25 de diciembre,&nbsp;<strong>los ciudadanos se dejaban llevar por el ambiente festivo y la relajaci\u00f3n de las normas sociales: se celebraban banquetes p\u00fablicos, org\u00edas privadas y se entregaban regalos.<\/strong>&nbsp;Incluso los amos intercambiaban sus roles con sus esclavos durante algunos d\u00edas. La primera vez que se celebraron, que se tenga constancia, fue 17 de diciembre del a\u00f1o 497 a.C., cuando se le dedic\u00f3 un templo en el Foro.<\/p>\n\n\n\n<p>Las fiestas estaban consagradas a Saturno, el dios de la agricultura y la cosecha. Coincidiendo con el 25 de diciembre, los romanos celebraban el solsticio de invierno,&nbsp;<strong>cuando se produc\u00eda \u201cel renacimiento\u201d del Sol<\/strong>&nbsp;y los d\u00edas comienzan, poco a poco, a alargarse, Ese d\u00eda 25 se consagraba a la festividad del Natalis Solis Invicti y,&nbsp;<strong>a la luz de las velas, corr\u00eda el vino y los alimentos para todos. Las calles estaban engalanadas y el ambiente que se respiraba era el de Carnaval<\/strong>. Mientras algunos debat\u00edan sobre la pol\u00edtica o la filosof\u00eda, otros contaban chistes mientras com\u00edan y beb\u00edan sin freno. Los ambientes eran distendidos y, entrada la noche, se produc\u00edan fiestas de diversa intensidad. Algunas derivaban en org\u00edas o al menos as\u00ed ha pasado a la historia, ya que de los comportamientos privados de aquellos tiempos han quedado pocos testimonios. Pero algo tendr\u00eda que haber de ello cuando&nbsp;<a href=\"https:\/\/dle.rae.es\/saturnal\" target=\"_blank\" rel=\"noreferrer noopener\">la RAE sigue recogiendo el significado<\/a>&nbsp;de \u201csaturnal\u201d como \u201corg\u00eda desenfrenada\u201d.<\/p>\n\n\n\n<figure class=\"wp-block-image is-style-default\"><a href=\"https:\/\/www.seedtag.com\/?utm_source=seedtag_publisher&amp;utm_medium=seedtag_tag&amp;utm_campaign=tag\" target=\"_blank\" rel=\"noreferrer noopener\"><img decoding=\"async\" src=\"https:\/\/www.larazon.es\/resizer\/YBJhoNhCjaBpnJwQN1L9KrzmnF0=\/600x0\/smart\/filters:format(jpg)\/cloudfront-eu-central-1.images.arcpublishing.com\/larazon\/4YIKMESLKJEKTFSWGAAK7QOVYA.JPG\" alt=\"El Templo de Saturno en el Foro Romano, en nuestros d\u00edas\"\/><\/a><figcaption>El Templo de Saturno en el Foro Romano, en nuestros d\u00edas&nbsp;FOTO:&nbsp;GREGORIO BORGIA&nbsp;AP<\/figcaption><\/figure>\n\n\n\n<p>Otra de las peculiaridades de esta celebraci\u00f3n era que se invert\u00eda el orden social. Los esclavos eran liberados de sus funciones y en ocasiones incluso eran servidos por sus amos. Se trataba de juegos que buscaban abiertamente \u201cel desgobierno\u201d entre los s\u00fabditos del Imperio,&nbsp;<strong>una v\u00e1lvula de escape que las convirti\u00f3 en la celebraci\u00f3n m\u00e1s importante de la \u00e9poca<\/strong>. Adem\u00e1s, las Saturnales se celebraban por todos los rincones del Imperio, desde Oriente Medio hasta Hispania y por supuesto en el Norte de \u00c1frica.&nbsp;<strong>Varios emperadores que ve\u00edan estas celebraciones con reticencia trataron, a lo largo de los tiempos, acortar el per\u00edodo de las fiestas.&nbsp;<\/strong>Pero la reticencia era grande y se enfrentaron a la oposici\u00f3n popular a lo ancho del imperio.<\/p>\n\n\n\n<p>En las fiestas Saturnales, se decoraban las viviendas y se hac\u00edan regalos (como figurillas de barro o prendas de ropa) que quedaron como costumbre cuando, tras la oficializaci\u00f3n de la religi\u00f3n cristiana, en torno al a\u00f1o 330 d. C.,\u00a0<a href=\"https:\/\/www.larazon.es\/cultura\/20221213\/c66624jhsbfh7ms6m2brm5z4eu.html\">se hizo determinar que Jesucristo hab\u00eda nacido un 25 de diciembre<\/a>, aunque n o se supiera con certeza la fecha, de manera que la nueva festividad por su natalicio coincidiera con la Saturnalia pagana. As\u00ed, las nuevas celebraciones eran m\u00e1s atractivas para un pueblo con unas costumbres arraigadas y no se exig\u00eda a los ciudadanos que renunciasen a sus fiestas, sino que les diesen un nuevo significado<\/p>\n\n\n\n<p>Fuente: https:\/\/www.larazon.es\/cultura\/historia\/20221219\/ntnc42brbjhf7c2fpkxdiwo6we.html<\/p>\n","protected":false},"excerpt":{"rendered":"<p>La celebraci\u00f3n, que es un antecedente de la Navidad, era una de las festividades m\u00e1s importantes en tiempos del Imperio [&hellip;]<\/p>\n","protected":false},"author":1,"featured_media":43310,"comment_status":"open","ping_status":"open","sticky":false,"template":"","format":"standard","meta":{"site-sidebar-layout":"default","site-content-layout":"","ast-site-content-layout":"default","site-content-style":"default","site-sidebar-style":"default","ast-global-header-display":"","ast-banner-title-visibility":"","ast-main-header-display":"","ast-hfb-above-header-display":"","ast-hfb-below-header-display":"","ast-hfb-mobile-header-display":"","site-post-title":"","ast-breadcrumbs-content":"","ast-featured-img":"","footer-sml-layout":"","theme-transparent-header-meta":"","adv-header-id-meta":"","stick-header-meta":"","header-above-stick-meta":"","header-main-stick-meta":"","header-below-stick-meta":"","astra-migrate-meta-layouts":"default","ast-page-background-enabled":"default","ast-page-background-meta":{"desktop":{"background-color":"var(--ast-global-color-4)","background-image":"","background-repeat":"repeat","background-position":"center center","background-size":"auto","background-attachment":"scroll","background-type":"","background-media":"","overlay-type":"","overlay-color":"","overlay-opacity":"","overlay-gradient":""},"tablet":{"background-color":"","background-image":"","background-repeat":"repeat","background-position":"center center","background-size":"auto","background-attachment":"scroll","background-type":"","background-media":"","overlay-type":"","overlay-color":"","overlay-opacity":"","overlay-gradient":""},"mobile":{"background-color":"","background-image":"","background-repeat":"repeat","background-position":"center center","background-size":"auto","background-attachment":"scroll","background-type":"","background-media":"","overlay-type":"","overlay-color":"","overlay-opacity":"","overlay-gradient":""}},"ast-content-background-meta":{"desktop":{"background-color":"var(--ast-global-color-5)","background-image":"","background-repeat":"repeat","background-position":"center center","background-size":"auto","background-attachment":"scroll","background-type":"","background-media":"","overlay-type":"","overlay-color":"","overlay-opacity":"","overlay-gradient":""},"tablet":{"background-color":"var(--ast-global-color-5)","background-image":"","background-repeat":"repeat","background-position":"center center","background-size":"auto","background-attachment":"scroll","background-type":"","background-media":"","overlay-type":"","overlay-color":"","overlay-opacity":"","overlay-gradient":""},"mobile":{"background-color":"var(--ast-global-color-5)","background-image":"","background-repeat":"repeat","background-position":"center center","background-size":"auto","background-attachment":"scroll","background-type":"","background-media":"","overlay-type":"","overlay-color":"","overlay-opacity":"","overlay-gradient":""}},"footnotes":""},"categories":[8],"tags":[5724,14317,14316],"class_list":["post-43309","post","type-post","status-publish","format-standard","has-post-thumbnail","hentry","category-noticias","tag-navidad","tag-orgias-imperio-romano","tag-saturnales"],"_links":{"self":[{"href":"https:\/\/losperiodistas.com.mx\/portal\/wp-json\/wp\/v2\/posts\/43309","targetHints":{"allow":["GET"]}}],"collection":[{"href":"https:\/\/losperiodistas.com.mx\/portal\/wp-json\/wp\/v2\/posts"}],"about":[{"href":"https:\/\/losperiodistas.com.mx\/portal\/wp-json\/wp\/v2\/types\/post"}],"author":[{"embeddable":true,"href":"https:\/\/losperiodistas.com.mx\/portal\/wp-json\/wp\/v2\/users\/1"}],"replies":[{"embeddable":true,"href":"https:\/\/losperiodistas.com.mx\/portal\/wp-json\/wp\/v2\/comments?post=43309"}],"version-history":[{"count":1,"href":"https:\/\/losperiodistas.com.mx\/portal\/wp-json\/wp\/v2\/posts\/43309\/revisions"}],"predecessor-version":[{"id":43311,"href":"https:\/\/losperiodistas.com.mx\/portal\/wp-json\/wp\/v2\/posts\/43309\/revisions\/43311"}],"wp:featuredmedia":[{"embeddable":true,"href":"https:\/\/losperiodistas.com.mx\/portal\/wp-json\/wp\/v2\/media\/43310"}],"wp:attachment":[{"href":"https:\/\/losperiodistas.com.mx\/portal\/wp-json\/wp\/v2\/media?parent=43309"}],"wp:term":[{"taxonomy":"category","embeddable":true,"href":"https:\/\/losperiodistas.com.mx\/portal\/wp-json\/wp\/v2\/categories?post=43309"},{"taxonomy":"post_tag","embeddable":true,"href":"https:\/\/losperiodistas.com.mx\/portal\/wp-json\/wp\/v2\/tags?post=43309"}],"curies":[{"name":"wp","href":"https:\/\/api.w.org\/{rel}","templated":true}]}}