{"id":4218,"date":"2021-02-05T09:00:43","date_gmt":"2021-02-05T15:00:43","guid":{"rendered":"http:\/\/losperiodistas.com.mx\/portal\/?p=4218"},"modified":"2021-02-05T09:00:43","modified_gmt":"2021-02-05T15:00:43","slug":"como-el-desayuno-nacional-de-oracion-se-convirtio-en-una-oportunidad-para-que-los-presidentes-y-lideres-religiosos-impulsaran-sus-agendas-politicas-the-conversation","status":"publish","type":"post","link":"https:\/\/losperiodistas.com.mx\/portal\/como-el-desayuno-nacional-de-oracion-se-convirtio-en-una-oportunidad-para-que-los-presidentes-y-lideres-religiosos-impulsaran-sus-agendas-politicas-the-conversation\/","title":{"rendered":"C\u00f3mo el Desayuno Nacional de Oraci\u00f3n se convirti\u00f3 en una oportunidad para que los presidentes y l\u00edderes religiosos impulsaran sus agendas pol\u00edticas | The Conversation"},"content":{"rendered":"\n<p style=\"font-size:18px\"><em>Al dirigirse a su primer Desayuno Nacional de Oraci\u00f3n como presidente el 4 de febrero, Joe Biden habl\u00f3 de la\u00a0<a href=\"https:\/\/apnews.com\/article\/donald-trump-joe-biden-capitol-siege-politics-christianity-ac782a7f78734012ea880e51be6fec79\">necesidad de \u00abvolverse a la fe\u00bb en un \u00abtiempo oscuro, oscuro<\/a>\u00a0\u00ab.<\/em><\/p>\n\n\n\n<p class=\"has-vivid-cyan-blue-color has-text-color has-medium-font-size\">DEBORAH WHITEHEAD \/ THE CONVERSATION<\/p>\n\n\n\n<p>A ra\u00edz del asalto del 6 de enero al Capitolio, pidi\u00f3 a los estadounidenses que \u00abconfronten y derroten el extremismo pol\u00edtico, la supremac\u00eda blanca y el terrorismo interno\u00bb, y argument\u00f3 que la religi\u00f3n puede ayudar a Estados Unidos a unirse como \u00abuna naci\u00f3n con un prop\u00f3sito com\u00fan: respetarnos unos a otros, cuidarnos unos a otros, [y] no dejar a nadie atr\u00e1s \u00ab.<\/p>\n\n\n\n<p>El discurso del presidente brind\u00f3 una idea de c\u00f3mo Biden planea navegar la compleja relaci\u00f3n entre&nbsp;<a href=\"https:\/\/theconversation.com\/whats-next-for-american-evangelicals-after-trump-leaves-office-149668\">religi\u00f3n y pol\u00edtica en la era posterior a Trump<\/a>&nbsp;.<\/p>\n\n\n\n<p>Pero tambi\u00e9n subraya la importancia del tradicional discurso presidencial en el Desayuno Nacional de Oraci\u00f3n, una reuni\u00f3n anual de alto perfil de l\u00edderes religiosos y pol\u00edticos celebrada en Washington DC el primer jueves de febrero desde 1953.<\/p>\n\n\n\n<h5 class=\"wp-block-heading\">Leer cobertura de noticias basada en evidencia, no en tweets<\/h5>\n\n\n\n<p>Recibir bolet\u00edn<\/p>\n\n\n\n<figure class=\"wp-block-image\"><img decoding=\"async\" src=\"https:\/\/images.theconversation.com\/files\/382281\/original\/file-20210203-17-ydf4lg.jpg?ixlib=rb-1.1.0&amp;rect=20%2C26%2C4473%2C2964&amp;q=45&amp;auto=format&amp;w=754&amp;fit=clip\" alt=\"Una multitud de cientos de personas, en su mayor\u00eda mayores, cantan y rezan\"\/><figcaption>La gente canta &#8216;Amazing Grace&#8217; durante el Desayuno Nacional de Oraci\u00f3n en 2019.&nbsp;<a href=\"https:\/\/www.gettyimages.com\/detail\/news-photo\/people-sing-amazing-grace-during-the-national-prayer-news-photo\/1094936078?adppopup=true\">Brendan Smialowski AFP a trav\u00e9s de Getty Images<\/a><\/figcaption><\/figure>\n\n\n\n<p>Que el desayuno anual atraiga tanta atenci\u00f3n marca el cumplimiento de un sue\u00f1o del&nbsp;<a href=\"http:\/\/archiveswest.orbiscascade.org\/ark:\/80444\/xv35217\">fundador<\/a>&nbsp;del evento&nbsp;<a href=\"http:\/\/archiveswest.orbiscascade.org\/ark:\/80444\/xv35217\">, Abraham Vereide<\/a>&nbsp;, un inmigrante noruego y ministro nacido en 1886 que atribuy\u00f3 la idea a una visi\u00f3n matutina provocada por la oraci\u00f3n.&nbsp;Como&nbsp;<a href=\"https:\/\/www.colorado.edu\/rlst\/deborah-whitehead\">estudioso de la religi\u00f3n y la cultura de los Estados Unidos<\/a>&nbsp;, creo que la historia del Desayuno Nacional de Oraci\u00f3n brinda una idea de la compleja relaci\u00f3n entre religi\u00f3n y pol\u00edtica en el \u00faltimo siglo.<\/p>\n\n\n\n<h2 class=\"wp-block-heading\">El comienzo en la d\u00e9cada de 1930<\/h2>\n\n\n\n<p>Vereide&nbsp;<a href=\"https:\/\/www.pp-publishing.com\/our-ebooks\/humanities\/spirituality-beliefs\/modern-viking-the-story-of-abraham-vereide-pioneer-in-christian-leadership-grubb\/\">lleg\u00f3 a los Estados Unidos en 1905<\/a>&nbsp;y encontr\u00f3 trabajo como ministro metodista itinerante.&nbsp;Se desempe\u00f1\u00f3 como director de Goodwill Industries en Seattle y pas\u00f3 la primera parte de su carrera haciendo trabajo de socorro para los pobres y necesitados durante la Gran Depresi\u00f3n.&nbsp;Pero seg\u00fan&nbsp;la biograf\u00eda del&nbsp;autor cristiano&nbsp;<a href=\"http:\/\/normangrubb.com\/\">Norman Percy Grubb<\/a>&nbsp;de Vereide, \u00bb&nbsp;<a href=\"https:\/\/www.pp-publishing.com\/our-ebooks\/humanities\/spirituality-beliefs\/modern-viking-the-story-of-abraham-vereide-pioneer-in-christian-leadership-grubb\/\">Modern Viking<\/a>&nbsp;\u00ab, lleg\u00f3 a sentir que no eran los \u00ababajo y afuera\u00bb sino los \u00abarriba y afuera\u00bb &#8211; hombres ricos y poderosos que no eran particularmente religiosos &#8211; que realmente necesitaba su atenci\u00f3n.&nbsp;<a href=\"https:\/\/books.google.com\/books?id=MAOwDwAAQBAJ&amp;lpg=PT92&amp;ots=LIgMTEE9pu&amp;dq=the%20manpower%20of%20the%20churches%20had%20dwindled%20badly%2C%20and%20politics%20seemed%20under%20the%20control%20of%20those%20who%20were%20not%20fit%20to%20take%20leadership&amp;pg=PT92#v=onepage&amp;q=the%20manpower%20of%20the%20churches%20had%20dwindled%20badly,%20and%20politics%20seemed%20under%20the%20control%20of%20those%20who%20were%20not%20fit%20to%20take%20leadership&amp;f=false\">Vereide escribi\u00f3<\/a>que \u00abla mano de obra de las iglesias se hab\u00eda reducido enormemente y la pol\u00edtica parec\u00eda estar bajo el control de aquellos que no estaban en condiciones de asumir el liderazgo\u00bb.&nbsp;Preocupado por el declive del poder pol\u00edtico de la religi\u00f3n organizada y el creciente papel del movimiento sindical organizado, y convencido de que tanto los sindicatos como el New Deal de FDR eran influencias \u00absubversivas\u00bb y \u00abantiamericanas\u00bb en los negocios y la pol\u00edtica, se volvi\u00f3 hacia la oraci\u00f3n.<\/p>\n\n\n\n<figure class=\"wp-block-image\"><a href=\"https:\/\/images.theconversation.com\/files\/382298\/original\/file-20210203-21-wxww2j.jpg?ixlib=rb-1.1.0&amp;q=45&amp;auto=format&amp;w=1000&amp;fit=clip\"><img decoding=\"async\" src=\"https:\/\/images.theconversation.com\/files\/382298\/original\/file-20210203-21-wxww2j.jpg?ixlib=rb-1.1.0&amp;q=45&amp;auto=format&amp;w=237&amp;fit=clip\" alt=\"Foto de cabeza de un hombre blanco de mediana edad con gafas.\"\/><\/a><figcaption>Abraham Vereide.&nbsp;<a href=\"https:\/\/en.wikipedia.org\/wiki\/File:Abraham_Vereide.jpg\">Wikipedia<\/a><\/figcaption><\/figure>\n\n\n\n<p>Una noche de abril de 1935, las oraciones de Vereide produjeron lo que, seg\u00fan \u00e9l, era una visi\u00f3n y un plan a la 1:30 am.&nbsp;M\u00e1s tarde ese mes, reuni\u00f3 a 19 empresarios locales para el&nbsp;<a href=\"https:\/\/slate.com\/news-and-politics\/2009\/06\/what-s-with-all-the-prayer-breakfasts.html\">primer desayuno de oraci\u00f3n en Seattle<\/a>&nbsp;.&nbsp;El horario de la reuni\u00f3n de las 7:45 am fue elegido para no interferir con las responsabilidades familiares y laborales.<\/p>\n\n\n\n<p>En estas reuniones iniciales, el grupo se preocup\u00f3 principalmente de c\u00f3mo combatir el movimiento de trabajadores locales, que percib\u00edan como peligroso y corrupto, y estaba restringido \u00fanicamente a ejecutivos de empresas.&nbsp;Pero en el proceso, Vereide se dio cuenta de que estas reuniones de desayuno &#8211; no denominacionales, llevadas a cabo en oficinas seculares en lugar de edificios de iglesias, y enfocadas en la oraci\u00f3n, el estudio de la Biblia y la construcci\u00f3n de relaciones &#8211; establecieron nuevas y poderosas redes entre los l\u00edderes empresariales, pol\u00edticos y religiosos de la ciudad.&nbsp;Los desayunos de oraci\u00f3n se convirtieron en&nbsp;<a href=\"https:\/\/www.pp-publishing.com\/our-ebooks\/humanities\/spirituality-beliefs\/modern-viking-the-story-of-abraham-vereide-pioneer-in-christian-leadership-grubb\/\">el m\u00e9todo de Vereide para llegar a las \u00e9lites poderosas<\/a>&nbsp;que podr\u00edan ayudar a promover los intereses cristianos en los negocios y la pol\u00edtica.<\/p>\n\n\n\n<p>El movimiento del desayuno de oraci\u00f3n se extendi\u00f3 r\u00e1pidamente a otras ciudades, incluida Washington, DC, donde se establecieron los primeros grupos de oraci\u00f3n en la&nbsp;<a href=\"https:\/\/www.mtsu.edu\/first-amendment\/article\/1062\/national-prayer-breakfast\">C\u00e1mara y el Senado de<\/a>&nbsp;los&nbsp;<a href=\"https:\/\/www.mtsu.edu\/first-amendment\/article\/1062\/national-prayer-breakfast\">Estados Unidos en 1942 y 1943<\/a>&nbsp;.&nbsp;En 1943 Vereide fund\u00f3 el Comit\u00e9 Nacional de Liderazgo Cristiano, cambiando su nombre a Liderazgo Cristiano Internacional al a\u00f1o siguiente, para proporcionar coordinaci\u00f3n para el movimiento en crecimiento.&nbsp;Se&nbsp;<a href=\"https:\/\/books.google.com\/books?id=qWeYDwAAQBAJ&amp;pg=PA70&amp;lpg=PA70&amp;dq=One+world+in+active+cooperation+in+commerce,+science,+labor+and+education+should+be+one+world+in+spiritual+unity+and+moral+convictions&amp;source=bl&amp;ots=hz7sK2fTgE&amp;sig=ACfU3U1gSERYek3ZNAprNK3sWaBbG1VRUg&amp;hl=en&amp;sa=X&amp;ved=2ahUKEwiym76L1dDuAhUx2FkKHRIkCnwQ6AEwAHoECAUQAg#v=onepage&amp;q=One%20world%20in%20active%20cooperation%20in%20commerce%2C%20science%2C%20labor%20and%20education%20should%20be%20one%20world%20in%20spiritual%20unity%20and%20moral%20convictions&amp;f=false\">define el prop\u00f3sito de la organizaci\u00f3n<\/a>&nbsp;como \u201cUn mundo en cooperaci\u00f3n activa en el comercio, la ciencia, el trabajo y la educaci\u00f3n debe ser uno mundial en la unidad espiritual y convicciones morales.\u201d<\/p>\n\n\n\n<p>Vereide atribuy\u00f3 el \u00e9xito del movimiento al ejemplo de nada menos que el mismo Jes\u00fas, cuyos disc\u00edpulos eran \u00abhombres en el negocio de la pesca\u00bb.<\/p>\n\n\n\n<p>\u201cJes\u00fas fund\u00f3 el primer grupo de desayuno\u201d, dijo.<\/p>\n\n\n\n<h2 class=\"wp-block-heading\">De la vacilaci\u00f3n a la oportunidad<\/h2>\n\n\n\n<p>En 1953, el primer Desayuno de Oraci\u00f3n Presidencial, como se llamaba entonces,&nbsp;<a href=\"https:\/\/time.com\/4202899\/national-prayer-breakfast-history\/\">se llev\u00f3 a cabo en el Hotel Mayflower<\/a>&nbsp;en Washington, DC, con 400 asistentes.&nbsp;El presidente Dwight Eisenhower&nbsp;<a href=\"https:\/\/www.smithsonianmag.com\/history\/national-prayer-breakfast-what-does-its-history-reveal-180962017\/\">inicialmente rechaz\u00f3 una invitaci\u00f3n para asistir<\/a>&nbsp;, pero cedi\u00f3 ante la persuasi\u00f3n del evangelista Billy Graham y pronunci\u00f3 un discurso sobre la importancia de la oraci\u00f3n.<\/p>\n\n\n\n<p>Eisenhower&nbsp;<a href=\"https:\/\/www.usatoday.com\/story\/news\/politics\/theoval\/2016\/02\/04\/how-presidents-pray-prayer-breakfast-eisenhower-obama\/79786384\/\">coment\u00f3 que<\/a>&nbsp;\u00abla oraci\u00f3n es simplemente una necesidad, porque creo que por oraci\u00f3n nos referimos a un esfuerzo por ponernos en contacto con el Infinito\u00bb.<\/p>\n\n\n\n<p>Desde Eisenhower, todos los presidentes estadounidenses en ejercicio han asistido al desayuno al menos una vez durante su mandato.&nbsp;El discurso presidencial es solo una parte del desayuno, un evento de varios d\u00edas.&nbsp;Si bien la mayor\u00eda de los presidentes han utilizado el discurso para hablar sobre sus creencias religiosas personales, en el desayuno de 2020, Donald Trump agit\u00f3 titulares de peri\u00f3dicos \u00abTrump Absuelto\u00bb y aprovech\u00f3 la oportunidad para&nbsp;<a href=\"https:\/\/theconversation.com\/national-prayer-breakfast-was-a-moment-for-leaders-to-show-humility-trump-changed-it-131178\">lanzar un ataque a los compromisos religiosos de sus oponentes pol\u00edticos<\/a>&nbsp;.<\/p>\n\n\n\n<figure class=\"wp-block-image\"><a href=\"https:\/\/images.theconversation.com\/files\/382292\/original\/file-20210203-17-avvhb4.jpg?ixlib=rb-1.1.0&amp;q=45&amp;auto=format&amp;w=1000&amp;fit=clip\"><img decoding=\"async\" src=\"https:\/\/images.theconversation.com\/files\/382292\/original\/file-20210203-17-avvhb4.jpg?ixlib=rb-1.1.0&amp;q=45&amp;auto=format&amp;w=754&amp;fit=clip\" alt=\"Donald Trump habla con un hombre que lleva un kip\u00e1 y que est\u00e1 alejado de la c\u00e1mara.\"\/><\/a><figcaption>El presidente Donald Trump en el Desayuno Nacional de Oraci\u00f3n en 2017.&nbsp;<a href=\"https:\/\/www.gettyimages.com\/detail\/news-photo\/president-donald-trump-greets-members-of-the-head-table-news-photo\/633542802?adppopup=true\">Win McNamee \/ Getty Images<\/a><\/figcaption><\/figure>\n\n\n\n<h2 class=\"wp-block-heading\">\u00bfExclusivo y elitista?<\/h2>\n\n\n\n<p>El desayuno todav\u00eda est\u00e1 patrocinado por la misma organizaci\u00f3n que fund\u00f3 Vereide, ahora conocida simplemente como&nbsp;<a href=\"https:\/\/www.motherjones.com\/politics\/2010\/09\/abraham-vereide-doug-coe-the-family\/\">The Family<\/a>&nbsp;, y dos miembros del Congreso y un comit\u00e9 bipartidista sirven como anfitriones honorarios.<\/p>\n\n\n\n<p>Despu\u00e9s de la muerte de Vereide en 1969, el evangelista y empresario Doug Coe&nbsp;<a href=\"https:\/\/www.nytimes.com\/2017\/02\/22\/us\/obituary-doug-coe-fellowship-foundation.html\">lo sucedi\u00f3 en el liderazgo de la organizaci\u00f3n<\/a>&nbsp;.&nbsp;Bajo Coe, quien muri\u00f3 en 2017, el desayuno de oraci\u00f3n continu\u00f3 creciendo en influencia, y el propio Coe cont\u00f3&nbsp;<a href=\"https:\/\/religionnews.com\/2017\/02\/22\/doug-coe-behind-the-scenes-leader-of-national-prayer-breakfast-dead-at-88\/\">a pol\u00edticos de alto rango entre sus poderosos amigos<\/a>&nbsp;.<\/p>\n\n\n\n<p>\u00abThe Family\u00bb, una&nbsp;<a href=\"https:\/\/www.netflix.com\/title\/80063867\">serie de Netflix de 2019<\/a>&nbsp;, explor\u00f3 la influencia de la organizaci\u00f3n en la pol\u00edtica estadounidense.&nbsp;El periodista&nbsp;<a href=\"https:\/\/faculty-directory.dartmouth.edu\/jeff-sharlet\">Jeff Sharlet<\/a>&nbsp;, cuyo libro de 2009 es la base de la serie, dice que \u00abEl Desayuno Nacional de Oraci\u00f3n es 100% el evento de La Familia, un evento que est\u00e1 destinado a ser una demostraci\u00f3n de poder muy p\u00fablica\u00bb.<\/p>\n\n\n\n<p>La asistencia al desayuno es solo por invitaci\u00f3n, y el evento ha enfrentado cr\u00edticas durante mucho tiempo por ser&nbsp;<a href=\"http:\/\/doi.org\/10.1093\/jaarel\/lfj060\">exclusivo y elitista<\/a>&nbsp;.&nbsp;Y los&nbsp;<a href=\"https:\/\/berkleycenter.georgetown.edu\/posts\/a-secular-view-of-obama-at-the-national-prayer-breakfast\">secularistas se resisten<\/a>&nbsp;a la forma en que el evento se ha convertido en un ritual religioso p\u00fablico en el centro del gobierno de Estados Unidos.<\/p>\n\n\n\n<p>Desde la era de Obama, muchos grupos seculares y no cristianos han&nbsp;<a href=\"https:\/\/www.nytimes.com\/2010\/02\/04\/us\/politics\/04prayer.html\">pedido a los presidentes que boicoteen el desayuno<\/a>&nbsp;debido a preocupaciones sobre sus conexiones con grupos anti-LGBTQ y de derecha.&nbsp;Este a\u00f1o, el grupo de defensa secular Americans United&nbsp;<a href=\"https:\/\/www.au.org\/media\/press-releases\/Biden-National-Prayer-Breakfast\">pidi\u00f3 a Biden<\/a>&nbsp;que \u00abestablezca un marcado contraste con su predecesor\u00bb al respaldar firmemente la separaci\u00f3n entre la iglesia y el estado, la libertad de religi\u00f3n y el pluralismo religioso.<\/p>\n\n\n\n<p>A medida que el desayuno se ha expandido para convertirse en un evento internacional interreligioso, que ahora incluye a&nbsp;<a href=\"https:\/\/www.smithsonianmag.com\/history\/national-prayer-breakfast-what-does-its-history-reveal-180962017\/\">4.000 asistentes de m\u00e1s de 140 pa\u00edses<\/a>&nbsp;, tambi\u00e9n se ha convertido en una oportunidad para establecer contactos y hacer negocios.<\/p>\n\n\n\n<p>Seg\u00fan el&nbsp;<a href=\"https:\/\/web.cvent.com\/event\/ba14a52c-e246-408c-a7f4-678a8c7196cd\/websitePage:2e3794fb-71fe-4142-bdfa-8248f201e80d\">sitio web de registro<\/a>&nbsp;del&nbsp;<a href=\"https:\/\/web.cvent.com\/event\/ba14a52c-e246-408c-a7f4-678a8c7196cd\/websitePage:2e3794fb-71fe-4142-bdfa-8248f201e80d\">evento<\/a>&nbsp;, \u00abel prop\u00f3sito del Desayuno Nacional de Oraci\u00f3n es reunir a personas de todo el mundo para orar por nuestros l\u00edderes y caminar con ellos en el camino que Jes\u00fas nos marca a todos\u00bb.&nbsp;Tambi\u00e9n afirma no ser \u00abuna reuni\u00f3n pol\u00edtica\u00bb.&nbsp;M\u00e1s bien, \u00abmuchos pol\u00edticos que vienen son l\u00edderes centrados en Jes\u00fas que hablan sobre c\u00f3mo colaboran y desarrollan amistades al otro lado del pasillo\u00bb.<\/p>\n\n\n\n<p>Pero un&nbsp;<a href=\"https:\/\/www.nytimes.com\/2018\/07\/27\/us\/politics\/national-prayer-breakfast.html\">art\u00edculo de 2018 en The New York Times<\/a>&nbsp;, publicado despu\u00e9s de la acusaci\u00f3n de Maria Butina, una&nbsp;<a href=\"https:\/\/www.ncronline.org\/news\/people\/why-mariia-butina-wasn-t-only-russian-attending-national-prayer-breakfast\">agente<\/a>&nbsp;rusa&nbsp;<a href=\"https:\/\/www.ncronline.org\/news\/people\/why-mariia-butina-wasn-t-only-russian-attending-national-prayer-breakfast\">que asisti\u00f3 al Desayuno Nacional de Oraci\u00f3n<\/a>&nbsp;dos veces en un esfuerzo por establecer reuniones de canal secundario entre funcionarios rusos y estadounidenses, tuvo una opini\u00f3n diferente, llamando el evento \u00abun bazar internacional de tr\u00e1fico de influencias, donde dignatarios extranjeros, l\u00edderes religiosos, diplom\u00e1ticos y cabilderos compiten por el acceso a las m\u00e1s altas esferas del poder estadounidense\u00bb.<\/p>\n\n\n\n<p>El discurso de Biden&nbsp;<a href=\"https:\/\/www.politico.com\/news\/2021\/02\/04\/biden-faith-unity-national-prayer-breakfast-465845\">intent\u00f3 abordar esas cr\u00edticas sin romper la tradici\u00f3n<\/a>&nbsp;y presentar a la religi\u00f3n como una fuerza unificadora, en lugar de divisiva, en la pol\u00edtica estadounidense.&nbsp;Desde Eisenhower, el desayuno ha perdurado como una tradici\u00f3n presidencial, dijo, pero lo que celebra es algo fundamentalmente m\u00e1s all\u00e1 del partidismo, m\u00e1s all\u00e1 de la pol\u00edtica y m\u00e1s all\u00e1 de cualquier tradici\u00f3n religiosa: \u00abUna naci\u00f3n &#8230; siempre en oraci\u00f3n\u00bb.<\/p>\n\n\n\n<p>[\u00a0<em>Conocimiento profundo, diario.\u00a0<\/em><a href=\"https:\/\/theconversation.com\/us\/newsletters\/the-daily-3?utm_source=TCUS&amp;utm_medium=inline-link&amp;utm_campaign=newsletter-text&amp;utm_content=deepknowledge\">Suscr\u00edbase al bolet\u00edn de The Conversation<\/a>\u00a0.]<\/p>\n\n\n\n<p>*<a href=\"https:\/\/theconversation.com\/profiles\/deborah-whitehead-1167196\">Deborah Whitehead<\/a><\/p>\n\n\n\n<p>Profesor asociado de estudios religiosos, Universidad de Colorado Boulder<\/p>\n\n\n\n<p>Fuente: https:\/\/theconversation.com\/how-the-national-prayer-breakfast-became-an-opportunity-for-presidents-and-faith-leaders-alike-to-push-their-political-agendas-153829<\/p>\n","protected":false},"excerpt":{"rendered":"<p>Al dirigirse a su primer Desayuno Nacional de Oraci\u00f3n como presidente el 4 de febrero, Joe Biden habl\u00f3 de la\u00a0necesidad [&hellip;]<\/p>\n","protected":false},"author":1,"featured_media":4219,"comment_status":"open","ping_status":"open","sticky":false,"template":"","format":"standard","meta":{"site-sidebar-layout":"default","site-content-layout":"","ast-site-content-layout":"default","site-content-style":"default","site-sidebar-style":"default","ast-global-header-display":"","ast-banner-title-visibility":"","ast-main-header-display":"","ast-hfb-above-header-display":"","ast-hfb-below-header-display":"","ast-hfb-mobile-header-display":"","site-post-title":"","ast-breadcrumbs-content":"","ast-featured-img":"","footer-sml-layout":"","theme-transparent-header-meta":"","adv-header-id-meta":"","stick-header-meta":"","header-above-stick-meta":"","header-main-stick-meta":"","header-below-stick-meta":"","astra-migrate-meta-layouts":"default","ast-page-background-enabled":"default","ast-page-background-meta":{"desktop":{"background-color":"var(--ast-global-color-4)","background-image":"","background-repeat":"repeat","background-position":"center center","background-size":"auto","background-attachment":"scroll","background-type":"","background-media":"","overlay-type":"","overlay-color":"","overlay-opacity":"","overlay-gradient":""},"tablet":{"background-color":"","background-image":"","background-repeat":"repeat","background-position":"center center","background-size":"auto","background-attachment":"scroll","background-type":"","background-media":"","overlay-type":"","overlay-color":"","overlay-opacity":"","overlay-gradient":""},"mobile":{"background-color":"","background-image":"","background-repeat":"repeat","background-position":"center center","background-size":"auto","background-attachment":"scroll","background-type":"","background-media":"","overlay-type":"","overlay-color":"","overlay-opacity":"","overlay-gradient":""}},"ast-content-background-meta":{"desktop":{"background-color":"var(--ast-global-color-5)","background-image":"","background-repeat":"repeat","background-position":"center center","background-size":"auto","background-attachment":"scroll","background-type":"","background-media":"","overlay-type":"","overlay-color":"","overlay-opacity":"","overlay-gradient":""},"tablet":{"background-color":"var(--ast-global-color-5)","background-image":"","background-repeat":"repeat","background-position":"center center","background-size":"auto","background-attachment":"scroll","background-type":"","background-media":"","overlay-type":"","overlay-color":"","overlay-opacity":"","overlay-gradient":""},"mobile":{"background-color":"var(--ast-global-color-5)","background-image":"","background-repeat":"repeat","background-position":"center center","background-size":"auto","background-attachment":"scroll","background-type":"","background-media":"","overlay-type":"","overlay-color":"","overlay-opacity":"","overlay-gradient":""}},"footnotes":""},"categories":[8],"tags":[],"class_list":["post-4218","post","type-post","status-publish","format-standard","has-post-thumbnail","hentry","category-noticias"],"_links":{"self":[{"href":"https:\/\/losperiodistas.com.mx\/portal\/wp-json\/wp\/v2\/posts\/4218","targetHints":{"allow":["GET"]}}],"collection":[{"href":"https:\/\/losperiodistas.com.mx\/portal\/wp-json\/wp\/v2\/posts"}],"about":[{"href":"https:\/\/losperiodistas.com.mx\/portal\/wp-json\/wp\/v2\/types\/post"}],"author":[{"embeddable":true,"href":"https:\/\/losperiodistas.com.mx\/portal\/wp-json\/wp\/v2\/users\/1"}],"replies":[{"embeddable":true,"href":"https:\/\/losperiodistas.com.mx\/portal\/wp-json\/wp\/v2\/comments?post=4218"}],"version-history":[{"count":1,"href":"https:\/\/losperiodistas.com.mx\/portal\/wp-json\/wp\/v2\/posts\/4218\/revisions"}],"predecessor-version":[{"id":4220,"href":"https:\/\/losperiodistas.com.mx\/portal\/wp-json\/wp\/v2\/posts\/4218\/revisions\/4220"}],"wp:featuredmedia":[{"embeddable":true,"href":"https:\/\/losperiodistas.com.mx\/portal\/wp-json\/wp\/v2\/media\/4219"}],"wp:attachment":[{"href":"https:\/\/losperiodistas.com.mx\/portal\/wp-json\/wp\/v2\/media?parent=4218"}],"wp:term":[{"taxonomy":"category","embeddable":true,"href":"https:\/\/losperiodistas.com.mx\/portal\/wp-json\/wp\/v2\/categories?post=4218"},{"taxonomy":"post_tag","embeddable":true,"href":"https:\/\/losperiodistas.com.mx\/portal\/wp-json\/wp\/v2\/tags?post=4218"}],"curies":[{"name":"wp","href":"https:\/\/api.w.org\/{rel}","templated":true}]}}