{"id":4211,"date":"2021-02-05T07:42:49","date_gmt":"2021-02-05T13:42:49","guid":{"rendered":"http:\/\/losperiodistas.com.mx\/portal\/?p=4211"},"modified":"2021-02-05T07:43:01","modified_gmt":"2021-02-05T13:43:01","slug":"oe-biden-reconoce-a-juan-guaido-como-presidente-encargado-para-protegerle-y-evitar-que-sea-detenido-el-mundo","status":"publish","type":"post","link":"https:\/\/losperiodistas.com.mx\/portal\/oe-biden-reconoce-a-juan-guaido-como-presidente-encargado-para-protegerle-y-evitar-que-sea-detenido-el-mundo\/","title":{"rendered":"Joe Biden reconoce a Juan Guaid\u00f3 como presidente encargado para protegerle y evitar que sea detenido | El Mundo"},"content":{"rendered":"\n<p style=\"font-size:18px\"><em>El espaldarazo de EEUU llega en medio de nuevas amenazas del chavismo contra el l\u00edder opositor, al que la Uni\u00f3n Europea rebaj\u00f3 al estatus de \u00abinterlocutor privilegiado\u00bb<\/em><\/p>\n\n\n\n<p class=\"has-vivid-cyan-blue-color has-text-color has-medium-font-size\">DANIEL LOZANO \/ EL MUNDO<\/p>\n\n\n\n<p>La Administraci\u00f3n de&nbsp;<a href=\"https:\/\/www.elmundo.es\/e\/jo\/joe-biden.html\">Joe Biden<\/a>&nbsp;ha confirmado su&nbsp;<strong>apoyo firme<\/strong>&nbsp;al l\u00edder opositor&nbsp;<a href=\"https:\/\/www.elmundo.es\/e\/ju\/juan-guaido.html\">Juan Guaid\u00f3<\/a>&nbsp;en medio de las nuevas amenazas del r\u00e9gimen bolivariano. \u00abEstados Unidos continuar\u00e1 reconociendo a la Asamblea Nacional de 2015 como la \u00faltima instituci\u00f3n democr\u00e1tica que queda en Venezuela. Y, consecuente con eso, a Juan Guaid\u00f3 como presidente interino\u00bb, ha precisado Ned Price, portavoz del Departamento de Estado.<\/p>\n\n\n\n<p>\u00abMaduro es un dictador. Su represi\u00f3n, corrupci\u00f3n y mala gesti\u00f3n han creado una de las crisis humanitarias m\u00e1s espantosas que ha visto este hemisferio\u00bb, ha recalcado Price, s\u00f3lo horas despu\u00e9s de que el Grupo Internacional de Contacto, patrocinado por la Uni\u00f3n Europa, liderado por su Alto Representante, Josep Borrell, y en el que tambi\u00e9n participan ocho pa\u00edses latinoamericanos,&nbsp;<a href=\"https:\/\/www.elmundo.es\/internacional\/2021\/02\/02\/6019b46221efa0b4148b4572.html\">hiciera un llamado a sus \u00absocios internacionales\u00bb<\/a>&nbsp;para buscar una&nbsp;<strong>nueva estrategia<\/strong>&nbsp;respecto a Venezuela, en clara referencia a la nueva administraci\u00f3n de Washington.<\/p>\n\n\n\n<figure class=\"wp-block-embed-youtube wp-block-embed is-type-video is-provider-youtube wp-embed-aspect-16-9 wp-has-aspect-ratio\"><div class=\"wp-block-embed__wrapper\">\n<iframe title=\"Joe Biden reconoce a Juan Guaid\u00f3 como presidente encargado\" width=\"500\" height=\"281\" src=\"https:\/\/www.youtube.com\/embed\/r21d5C7tQlo?feature=oembed\" frameborder=\"0\" allow=\"accelerometer; autoplay; clipboard-write; encrypted-media; gyroscope; picture-in-picture; web-share\" referrerpolicy=\"strict-origin-when-cross-origin\" allowfullscreen><\/iframe>\n<\/div><\/figure>\n\n\n\n<p>Price ha asegurado que trabajar\u00e1n de forma conjunta con pa\u00edses aliados, el Grupo de Lima y la Organizaci\u00f3n de Estados Americanos (OEA) para \u00abponerle fin a la dictadura corrupta\u00bb, pero que no espera tener contacto directo con el r\u00e9gimen \u00aben el corto plazo\u00bb.<\/p>\n\n\n\n<p>\u00abEl objetivo primordial de la Administraci\u00f3n Biden-Harris es apoyar una administraci\u00f3n democr\u00e1tica en Venezuela, a trav\u00e9s de elecciones presidenciales y parlamentarias libres y justas, adem\u00e1s de ayudar al pueblo venezolano a reconstruir su vida y su pa\u00eds\u00bb, ha a\u00f1adido el portavoz gubernamental,.<\/p>\n\n\n\n<p>La oposici\u00f3n democr\u00e1tica aglutinada en torno a Guaid\u00f3 ha recibido con alivio el espaldarazo estadounidense cuando&nbsp;<a href=\"https:\/\/www.elmundo.es\/internacional\/2021\/01\/25\/600f0c8b21efa0fc368b465a.html\">la Uni\u00f3n Europea ha \u00abrebajado\u00bb su estatus al de \u00abinterlocutor privilegiado\u00bb.<\/a>&nbsp;\u00abVenezolanos seguimos contando con el apoyo de EEUU como principal aliado de nuestra lucha por elecciones libres, justas y verificables. A la asistencia humanitaria para hermanos en la regi\u00f3n ahora se sumar\u00e1 el TPS (Estatus de Protecci\u00f3n Especial) para venezolanos en EEUU\u00bb, ha subrayado&nbsp;<strong>Carlos Vecchio<\/strong>, embajador de Guaid\u00f3 en Washington.<\/p>\n\n\n\n<p>La oposici\u00f3n venezolana se debate internamente para dar paso a un nuevo proceso de reunificaci\u00f3n en medio de la divisi\u00f3n. \u00abEl veh\u00edculo para enfrentar a la dictadura es la uni\u00f3n\u00bb, record\u00f3 ayer Guaid\u00f3 durante un encuentro entre partidos y sociedad civil, a la vez que llamaba a acompa\u00f1ar a los estudiantes en su jornada de protesta del pr\u00f3ximo 12 de febrero.<\/p>\n\n\n\n<figure class=\"wp-block-image\"><img decoding=\"async\" src=\"https:\/\/e00-elmundo.uecdn.es\/assets\/multimedia\/imagenes\/2021\/02\/04\/16124495623473.jpg\" alt=\"Iris Varela muestra sus esposas y amenaza a Juan Guaid\u00f3.\"\/><figcaption>Iris Varela muestra sus esposas y amenaza a Juan Guaid\u00f3.<strong>E. M.<\/strong><\/figcaption><\/figure>\n\n\n\n<h2 class=\"wp-block-heading\">UNAS ESPOSAS PARA GUAID\u00d3<\/h2>\n\n\n\n<p>Varias iniciativas en busca de un di\u00e1logo entre las partes se han puesto en marcha durante las \u00faltimas semanas, incluso desde el propio chavismo, sabedor de que Washington pretende usar las sanciones para conseguir avances en las conquistas democr\u00e1ticas.&nbsp;<strong>Maduro ofrece las elecciones a gobernador<\/strong>, previstas para finales de a\u00f1o, pero no quiere saber nada ni de presidenciales ni de parlamentarias, tal y como le reclama la comunidad internacional.<\/p>\n\n\n\n<p>Los diplom\u00e1ticos noruegos regresaron esta semana a Caracas tras el fiasco del a\u00f1o pasado, mientras el Grupo de Puebla mueve sus peones en beneficio del r\u00e9gimen. Quienes ya se sienten en la misma mesa del gobierno son empresarios de la patronal Fedec\u00e1maras, dispuestos a avanzar en los acuerdos con el gobierno.M\u00e1s en El Mundo<a href=\"https:\/\/www.elmundo.es\/ciencia-y-salud\/salud\/2021\/02\/05\/601c8411fc6c83513b8b4698.html\">Coronavirus Espa\u00f1a hoy, noticias en directo | M\u00f3nica Oltra: estamos salvando las vidas de &#8216;salvar la Navidad&#8217;, basta de salvadores<\/a><a href=\"https:\/\/www.elmundo.es\/ciencia-y-salud\/salud\/2021\/02\/04\/601c2dbc21efa032698b4623.html\">Un modelo matem\u00e1tico que tiene en cuenta las cepas predice \u00abcifras p\u00e9simas\u00bb en la evoluci\u00f3n de la pandemia<\/a><\/p>\n\n\n\n<p>Llamadas al di\u00e1logo que siempre vienen acompa\u00f1adas de&nbsp;<strong>nuevas amenazas<\/strong>, como las realizadas por Iris Varela, primera vicepresidenta de la&nbsp;<a href=\"https:\/\/www.elmundo.es\/internacional\/2021\/01\/05\/5ff3686221efa0000e8b45ba.html\">Asamblea Nacional revolucionaria<\/a>, producto de las elecciones fraudulentas de diciembre. La ex ministra de Prisiones, estrecha colaboradora de Maduro, esgrimi\u00f3 unas esposas durante una entrevista en televisi\u00f3n para amenazar directamente al presidente encargado. \u00abYo soy autoridad de la Rep\u00fablica, estas esposas son para pon\u00e9rselas a Guaid\u00f3 donde lo vea. Donde lo vea le pongo a la orden de la autoridad\u00bb, areng\u00f3 Varela, asegurando adem\u00e1s que las esposas son suyas.<\/p>\n\n\n\n<p>\u00abEs hora que responda por todo el da\u00f1o que ha hecho al pa\u00eds. Es un enemigo del pueblo, un enemigo de la patria\u00bb, a\u00f1adi\u00f3 la dirigente radical, quien lleva d\u00edas demandando la captura de los diputados leg\u00edtimos que todav\u00eda permanecen en Venezuela.<\/p>\n\n\n\n<p>Fuente: https:\/\/www.elmundo.es\/internacional\/2021\/02\/04\/601c063121efa0dd328b45b5.html<\/p>\n","protected":false},"excerpt":{"rendered":"<p>El espaldarazo de EEUU llega en medio de nuevas amenazas del chavismo contra el l\u00edder opositor, al que la Uni\u00f3n [&hellip;]<\/p>\n","protected":false},"author":1,"featured_media":4212,"comment_status":"open","ping_status":"open","sticky":false,"template":"","format":"standard","meta":{"site-sidebar-layout":"default","site-content-layout":"","ast-site-content-layout":"default","site-content-style":"default","site-sidebar-style":"default","ast-global-header-display":"","ast-banner-title-visibility":"","ast-main-header-display":"","ast-hfb-above-header-display":"","ast-hfb-below-header-display":"","ast-hfb-mobile-header-display":"","site-post-title":"","ast-breadcrumbs-content":"","ast-featured-img":"","footer-sml-layout":"","theme-transparent-header-meta":"","adv-header-id-meta":"","stick-header-meta":"","header-above-stick-meta":"","header-main-stick-meta":"","header-below-stick-meta":"","astra-migrate-meta-layouts":"default","ast-page-background-enabled":"default","ast-page-background-meta":{"desktop":{"background-color":"var(--ast-global-color-4)","background-image":"","background-repeat":"repeat","background-position":"center center","background-size":"auto","background-attachment":"scroll","background-type":"","background-media":"","overlay-type":"","overlay-color":"","overlay-opacity":"","overlay-gradient":""},"tablet":{"background-color":"","background-image":"","background-repeat":"repeat","background-position":"center center","background-size":"auto","background-attachment":"scroll","background-type":"","background-media":"","overlay-type":"","overlay-color":"","overlay-opacity":"","overlay-gradient":""},"mobile":{"background-color":"","background-image":"","background-repeat":"repeat","background-position":"center center","background-size":"auto","background-attachment":"scroll","background-type":"","background-media":"","overlay-type":"","overlay-color":"","overlay-opacity":"","overlay-gradient":""}},"ast-content-background-meta":{"desktop":{"background-color":"var(--ast-global-color-5)","background-image":"","background-repeat":"repeat","background-position":"center center","background-size":"auto","background-attachment":"scroll","background-type":"","background-media":"","overlay-type":"","overlay-color":"","overlay-opacity":"","overlay-gradient":""},"tablet":{"background-color":"var(--ast-global-color-5)","background-image":"","background-repeat":"repeat","background-position":"center center","background-size":"auto","background-attachment":"scroll","background-type":"","background-media":"","overlay-type":"","overlay-color":"","overlay-opacity":"","overlay-gradient":""},"mobile":{"background-color":"var(--ast-global-color-5)","background-image":"","background-repeat":"repeat","background-position":"center center","background-size":"auto","background-attachment":"scroll","background-type":"","background-media":"","overlay-type":"","overlay-color":"","overlay-opacity":"","overlay-gradient":""}},"footnotes":""},"categories":[8],"tags":[],"class_list":["post-4211","post","type-post","status-publish","format-standard","has-post-thumbnail","hentry","category-noticias"],"_links":{"self":[{"href":"https:\/\/losperiodistas.com.mx\/portal\/wp-json\/wp\/v2\/posts\/4211","targetHints":{"allow":["GET"]}}],"collection":[{"href":"https:\/\/losperiodistas.com.mx\/portal\/wp-json\/wp\/v2\/posts"}],"about":[{"href":"https:\/\/losperiodistas.com.mx\/portal\/wp-json\/wp\/v2\/types\/post"}],"author":[{"embeddable":true,"href":"https:\/\/losperiodistas.com.mx\/portal\/wp-json\/wp\/v2\/users\/1"}],"replies":[{"embeddable":true,"href":"https:\/\/losperiodistas.com.mx\/portal\/wp-json\/wp\/v2\/comments?post=4211"}],"version-history":[{"count":2,"href":"https:\/\/losperiodistas.com.mx\/portal\/wp-json\/wp\/v2\/posts\/4211\/revisions"}],"predecessor-version":[{"id":4214,"href":"https:\/\/losperiodistas.com.mx\/portal\/wp-json\/wp\/v2\/posts\/4211\/revisions\/4214"}],"wp:featuredmedia":[{"embeddable":true,"href":"https:\/\/losperiodistas.com.mx\/portal\/wp-json\/wp\/v2\/media\/4212"}],"wp:attachment":[{"href":"https:\/\/losperiodistas.com.mx\/portal\/wp-json\/wp\/v2\/media?parent=4211"}],"wp:term":[{"taxonomy":"category","embeddable":true,"href":"https:\/\/losperiodistas.com.mx\/portal\/wp-json\/wp\/v2\/categories?post=4211"},{"taxonomy":"post_tag","embeddable":true,"href":"https:\/\/losperiodistas.com.mx\/portal\/wp-json\/wp\/v2\/tags?post=4211"}],"curies":[{"name":"wp","href":"https:\/\/api.w.org\/{rel}","templated":true}]}}