{"id":4208,"date":"2021-02-05T07:31:12","date_gmt":"2021-02-05T13:31:12","guid":{"rendered":"http:\/\/losperiodistas.com.mx\/portal\/?p=4208"},"modified":"2021-02-05T07:31:12","modified_gmt":"2021-02-05T13:31:12","slug":"lydia-cacho-los-demonios-de-la-justicia-el-economista","status":"publish","type":"post","link":"https:\/\/losperiodistas.com.mx\/portal\/lydia-cacho-los-demonios-de-la-justicia-el-economista\/","title":{"rendered":"Lydia Cacho: los demonios de la justicia | El Economista"},"content":{"rendered":"\n<p style=\"font-size:18px\"><em>\u00abEl periodismo es el camino hacia la justicia\u00bb, escribi\u00f3 Lydia Cacho en su cuenta de Twitter, en donde tambi\u00e9n anunci\u00f3 estar al tanto de la detenci\u00f3n de Mario Mar\u00edn por los delitos de secuestro y tortura en su contra.\u00a0<\/em><\/p>\n\n\n\n<p class=\"has-vivid-cyan-blue-color has-text-color has-medium-font-size\">ANA KAREN GARC\u00cdA \/ EL ECONOMISTA<\/p>\n\n\n\n<p>El 3 de febrero las autoridades mexicanas&nbsp;<a href=\"https:\/\/www.eleconomista.com.mx\/politica\/FGR-detiene-al-exgobernador-de-Puebla-Mario-Marin-20210203-0117.html\" target=\"_blank\" rel=\"noreferrer noopener\">detuvieron en Acapulco, Guerrero, a Mario Mar\u00edn<\/a>, exgobernador de Puebla, quien&nbsp;fue trasladado e ingresado a un penal de Canc\u00fan en donde es requerido por las acusaciones de tortura y abuso de poder en contra de la periodista mexicana&nbsp;<strong>Lydia Cacho<\/strong>.<\/p>\n\n\n\n<p><strong>Lydia Cacho<\/strong>&nbsp;public\u00f3 en 2004 su libro \u00ab<strong>Los demonios del Ed\u00e9n<\/strong>\u00ab, en donde exhibi\u00f3 una red de pornograf\u00eda, abuso y explotaci\u00f3n infantil en la que est\u00e1n involucrados algunos funcionarios p\u00fablicos y&nbsp;los empresarios&nbsp;<strong>Kamel Nacif<\/strong>&nbsp;y&nbsp;<strong>Jean Succar Kuri<\/strong>.<\/p>\n\n\n\n<p>Entonces, fue acusada de difamaci\u00f3n y posteriormente privada de la libertad de manera irregular. La&nbsp;<strong>periodista<\/strong>&nbsp;expuso su denuncia en donde asegur\u00f3 haber sido torturada por agentes de la Fiscal\u00eda de Puebla, mismos acontecimientos que fueron reforzados por la filtraci\u00f3n de una llamada telef\u00f3nica entre el entonces gobernador poblano&nbsp;<strong>Mario Mar\u00edn<\/strong>&nbsp;y el empresario&nbsp;<strong>Kamel Nacif<\/strong>&nbsp;publicada por el diario nacional&nbsp;<em>La Jornada<\/em>.<\/p>\n\n\n\n<p>Desde el 2005, a\u00f1o en que ocurrieron estos hechos, hasta el 2019 el<a href=\"https:\/\/www.eleconomista.com.mx\/politica\/Mario-Marin-exgobernador-de-Puebla-permanece-en-una-carcel-de-Cancun-tras-ser-detenido-en-Acapulco-20210204-0024.html\" target=\"_blank\" rel=\"noreferrer noopener\">&nbsp;exgobernador de Puebla<\/a>&nbsp;no estuvo relacionado ni investigado por el caso, hasta que organizaciones internacionales exigieron al gobierno mexicano el esclarecimiento y la aplicaci\u00f3n de justica.<\/p>\n\n\n\n<p>Desde el 2005,&nbsp;<strong>Lydia Cacho<\/strong>&nbsp;se autoexili\u00f3 por recomendaciones de expertos y autoridades como consecuencia de las agresiones de las que fue v\u00edctima y las amenazas de muerte que recibi\u00f3. Lydia se ha mantenido gran parte del tiempo en Espa\u00f1a, desde donde ha realizado publicaciones e investigaciones period\u00edsticas donde expone el abuso de poder en el pa\u00eds y otras problem\u00e1ticas relacionadas con la violaci\u00f3n a los<strong>&nbsp;derechos humanos<\/strong>.<\/p>\n\n\n\n<p>El Estado mexicano ofreci\u00f3 en enero de 2019 una&nbsp;<a href=\"https:\/\/www.eleconomista.com.mx\/politica\/Estado-mexicano-ofrecio-disculpa-publica-a-la-periodista-Lydia-Cacho-por-violacion-de-derechos-humanos-20190110-0088.html\" target=\"_blank\" rel=\"noreferrer noopener\">disculpa p\u00fablica a la periodista mexicana<\/a>.<\/p>\n\n\n\n<p>\u00abLe ofrezco una disculpa p\u00fablica por violaci\u00f3n a sus derechos humanos en el marco del ejercicio de su derecho a la libertad de expresi\u00f3n\u00bb, dijo en aquella ocasi\u00f3n el subsecretario de Derechos Humanos de la Secretar\u00eda de Gobernaci\u00f3n, Alejandro Encinas.<\/p>\n\n\n\n<p><strong>Lydia Cacho<\/strong>&nbsp;es feminista, periodista de profesi\u00f3n, activista y escritora. Bajo su autor\u00eda est\u00e1n 16 libros publicados, entre los que destacan: \u00abCon mi hij@ NO\u00bb, \u00abEsclavas del Poder: trata sexual\u00bb, \u00abEl silencio es nuestro\u00bb, \u00abEn busca de Kayla\u00bb, \u00abLa ira de M\u00e9xico\u00bb, \u00abCiberesp\u00edas al rescate: En busca de Sam\u00bb y \u00ab#EllosHablan\u00bb. Sus obras han sido traducidas a quince idiomas y est\u00e1n disponibles en 20 pa\u00edses.<\/p>\n\n\n\n<p>Despu\u00e9s del atentado relacionado con el exgobernador Mar\u00edn y los empresarios Nacif y Succar, Lydia ha recibido m\u00e1s de 10 distinciones por su trabajo period\u00edstico y de activismo. Entre ellas, en 2006 recibi\u00f3 el galard\u00f3n espa\u00f1ol \u201cYo Dona\u201d a la labor humanitaria, en 2007 el premio \u201cGinetta Sagan\u201d de Amnist\u00eda Internacional, en 2008 el Premio Mundial UNESCO Guillermo Cano a la libertad de prensa, en 2011 gan\u00f3 el premio The Train Foundation World Courage en Nueva York y en 2018 el galard\u00f3n Reporteros del Mundo.<\/p>\n\n\n\n<p>La activista tambi\u00e9n ha sido galardonada por la agencia&nbsp;<em>CNN<\/em>, la organizaci\u00f3n internacional Oxfam y por Human Rights Watch.<\/p>\n\n\n\n<p>Lydia Cacho, tambi\u00e9n dirigi\u00f3 y condujo la miniserie educativa sobre \u00e9tica infantil Somos Valientes. Su proyecto cinematogr\u00e1fico m\u00e1s reciente es<strong>&nbsp;PeacePeaceNowNow<\/strong>, serie producida por la periodista que retrata a mujeres supervivientes de la violencia de g\u00e9nero y la misoginia. Con la colaboraci\u00f3n de las actrices, modelos y activistas Yalitza Aparicio, Ester Exp\u00f3sito y Daniela Vega, Cacho aborda problem\u00e1ticas globales como el desplazamiento femenino, la persecuci\u00f3n pol\u00edtica contra mujeres y los abusos sexuales.<\/p>\n\n\n\n<p>Lydia Cacho anunci\u00f3 a trav\u00e9s de sus cuentas de redes sociales que estaba al tanto de la detenci\u00f3n e ingreso de Mario Mar\u00edn al penal de Quintana Roo, lugar donde ocurri\u00f3 el atentado en su contra. \u201cLa @FGRM\u00e9xico me avis\u00f3 en cuanto detuvieron al exgobernador #MarioMar\u00edn escondido en Acapulco. Llevo 14 a\u00f1os buscando justicia por haber sido torturada por este c\u00f3mplice de redes de #pornograf\u00edainfantil. Vamos por todos.\u201d, escribi\u00f3. <\/p>\n\n\n\n<figure class=\"wp-block-embed-twitter wp-block-embed is-type-rich is-provider-twitter\"><div class=\"wp-block-embed__wrapper\">\nhttps:\/\/twitter.com\/lydiacachosi\/status\/1357128368127369216?s=20\n<\/div><\/figure>\n\n\n\n<p>M\u00e9xico es el pa\u00eds sin guerra m\u00e1s&nbsp;<a href=\"https:\/\/www.eleconomista.com.mx\/politica\/Periodistas-asesinados-en-el-gobierno-de-Andres-Manuel-Lopez-Obrador-20190817-0008.html\" target=\"_blank\" rel=\"noreferrer noopener\">peligroso para los periodistas<\/a>&nbsp;y defensores de los derechos humanos. La organizaci\u00f3n Reporteros Sin Fronteras coloc\u00f3 a M\u00e9xico en el sitio 144 de 180 pa\u00edses en la Clasificaci\u00f3n Mundial de la Libertad de Prensa en donde m\u00e1s cerca del 1 mayor derecho a la expresi\u00f3n existe.<\/p>\n\n\n\n<p>\u00abEl periodismo es el camino hacia la justicia\u00bb, Lydia Cacho.\u00a0<\/p>\n\n\n\n<p>Fuente: https:\/\/www.eleconomista.com.mx\/arteseideas\/Lydia-Cacho-Los-demonios-de-la-justicia-20210204-0066.html<\/p>\n","protected":false},"excerpt":{"rendered":"<p>\u00abEl periodismo es el camino hacia la justicia\u00bb, escribi\u00f3 Lydia Cacho en su cuenta de Twitter, en donde tambi\u00e9n anunci\u00f3 [&hellip;]<\/p>\n","protected":false},"author":1,"featured_media":4209,"comment_status":"open","ping_status":"open","sticky":false,"template":"","format":"standard","meta":{"site-sidebar-layout":"default","site-content-layout":"","ast-site-content-layout":"default","site-content-style":"default","site-sidebar-style":"default","ast-global-header-display":"","ast-banner-title-visibility":"","ast-main-header-display":"","ast-hfb-above-header-display":"","ast-hfb-below-header-display":"","ast-hfb-mobile-header-display":"","site-post-title":"","ast-breadcrumbs-content":"","ast-featured-img":"","footer-sml-layout":"","theme-transparent-header-meta":"","adv-header-id-meta":"","stick-header-meta":"","header-above-stick-meta":"","header-main-stick-meta":"","header-below-stick-meta":"","astra-migrate-meta-layouts":"default","ast-page-background-enabled":"default","ast-page-background-meta":{"desktop":{"background-color":"var(--ast-global-color-4)","background-image":"","background-repeat":"repeat","background-position":"center center","background-size":"auto","background-attachment":"scroll","background-type":"","background-media":"","overlay-type":"","overlay-color":"","overlay-opacity":"","overlay-gradient":""},"tablet":{"background-color":"","background-image":"","background-repeat":"repeat","background-position":"center center","background-size":"auto","background-attachment":"scroll","background-type":"","background-media":"","overlay-type":"","overlay-color":"","overlay-opacity":"","overlay-gradient":""},"mobile":{"background-color":"","background-image":"","background-repeat":"repeat","background-position":"center center","background-size":"auto","background-attachment":"scroll","background-type":"","background-media":"","overlay-type":"","overlay-color":"","overlay-opacity":"","overlay-gradient":""}},"ast-content-background-meta":{"desktop":{"background-color":"var(--ast-global-color-5)","background-image":"","background-repeat":"repeat","background-position":"center center","background-size":"auto","background-attachment":"scroll","background-type":"","background-media":"","overlay-type":"","overlay-color":"","overlay-opacity":"","overlay-gradient":""},"tablet":{"background-color":"var(--ast-global-color-5)","background-image":"","background-repeat":"repeat","background-position":"center center","background-size":"auto","background-attachment":"scroll","background-type":"","background-media":"","overlay-type":"","overlay-color":"","overlay-opacity":"","overlay-gradient":""},"mobile":{"background-color":"var(--ast-global-color-5)","background-image":"","background-repeat":"repeat","background-position":"center center","background-size":"auto","background-attachment":"scroll","background-type":"","background-media":"","overlay-type":"","overlay-color":"","overlay-opacity":"","overlay-gradient":""}},"footnotes":""},"categories":[8],"tags":[],"class_list":["post-4208","post","type-post","status-publish","format-standard","has-post-thumbnail","hentry","category-noticias"],"_links":{"self":[{"href":"https:\/\/losperiodistas.com.mx\/portal\/wp-json\/wp\/v2\/posts\/4208","targetHints":{"allow":["GET"]}}],"collection":[{"href":"https:\/\/losperiodistas.com.mx\/portal\/wp-json\/wp\/v2\/posts"}],"about":[{"href":"https:\/\/losperiodistas.com.mx\/portal\/wp-json\/wp\/v2\/types\/post"}],"author":[{"embeddable":true,"href":"https:\/\/losperiodistas.com.mx\/portal\/wp-json\/wp\/v2\/users\/1"}],"replies":[{"embeddable":true,"href":"https:\/\/losperiodistas.com.mx\/portal\/wp-json\/wp\/v2\/comments?post=4208"}],"version-history":[{"count":1,"href":"https:\/\/losperiodistas.com.mx\/portal\/wp-json\/wp\/v2\/posts\/4208\/revisions"}],"predecessor-version":[{"id":4210,"href":"https:\/\/losperiodistas.com.mx\/portal\/wp-json\/wp\/v2\/posts\/4208\/revisions\/4210"}],"wp:featuredmedia":[{"embeddable":true,"href":"https:\/\/losperiodistas.com.mx\/portal\/wp-json\/wp\/v2\/media\/4209"}],"wp:attachment":[{"href":"https:\/\/losperiodistas.com.mx\/portal\/wp-json\/wp\/v2\/media?parent=4208"}],"wp:term":[{"taxonomy":"category","embeddable":true,"href":"https:\/\/losperiodistas.com.mx\/portal\/wp-json\/wp\/v2\/categories?post=4208"},{"taxonomy":"post_tag","embeddable":true,"href":"https:\/\/losperiodistas.com.mx\/portal\/wp-json\/wp\/v2\/tags?post=4208"}],"curies":[{"name":"wp","href":"https:\/\/api.w.org\/{rel}","templated":true}]}}