{"id":4202,"date":"2021-02-05T06:55:51","date_gmt":"2021-02-05T12:55:51","guid":{"rendered":"http:\/\/losperiodistas.com.mx\/portal\/?p=4202"},"modified":"2021-02-05T06:55:51","modified_gmt":"2021-02-05T12:55:51","slug":"el-presidente-anuncia-que-salio-negativo-a-la-prueba-de-covid-se-dice-animado-tengamos-fe-pide-sinembargo","status":"publish","type":"post","link":"https:\/\/losperiodistas.com.mx\/portal\/el-presidente-anuncia-que-salio-negativo-a-la-prueba-de-covid-se-dice-animado-tengamos-fe-pide-sinembargo\/","title":{"rendered":"El Presidente anuncia que sali\u00f3 negativo a la prueba de COVID. Se dice animado. \u201cTengamos fe\u201d, pide | SinEmbargo"},"content":{"rendered":"\n<p class=\"has-vivid-cyan-blue-color has-text-color has-medium-font-size\">REDACCI\u00d3N SINEMBARGO<\/p>\n\n\n\n<p>Ciudad de M\u00e9xico, 4 de febrero (SinEmbargo).\u2013 El Presidente&nbsp;<strong>Andr\u00e9s Manuel L\u00f3pez Obrador<\/strong>&nbsp;dijo esta noche, en un mensaje en vivo desde Palacio Nacional, que sali\u00f3 negativo de la prueba de ant\u00edgeno y que se ha librado de la&nbsp;<strong>COVID-19<\/strong>, la enfermedad que ha causado 162 mil 922 muertes en M\u00e9xico y 2 millones 281 mil 608 en todo el mundo.<\/p>\n\n\n\n<p>El Jefe del Estado mexicano repiti\u00f3 el plan de vacunaci\u00f3n y dijo que la pr\u00f3xima semana llegar\u00e1n vacunas en dosis suficientes para la campa\u00f1a nacional. \u201cVamos a seguirnos cuidando y tengamos fe de que ya no nos vamos a enfermar y lo m\u00e1s importante: que vamos a salvar vidas\u201d.<\/p>\n\n\n\n<p>\u201cEste mes vamos a vacunar masivamente, este mes de febrero, lo mismo marzo, abril\u201d, agreg\u00f3.<\/p>\n\n\n\n<p>Dijo que en lo econ\u00f3mico est\u00e1 optimista porque \u201cpinta bien el nuevo a\u00f1o\u201d. Como muestra de ello asegur\u00f3 que en los primeros tres d\u00edas de febrero se han creado 33 mil nuevos empleos, mientras que enero, dijo, \u201cestuvo mucho mejor en cuanto a consumo interno\u201d.<\/p>\n\n\n\n<figure class=\"wp-block-embed-youtube wp-block-embed is-type-video is-provider-youtube wp-embed-aspect-16-9 wp-has-aspect-ratio\"><div class=\"wp-block-embed__wrapper\">\n<iframe title=\"Estamos recuperados de COVID-19\" width=\"500\" height=\"281\" src=\"https:\/\/www.youtube.com\/embed\/CPc1K3gIukk?feature=oembed\" frameborder=\"0\" allow=\"accelerometer; autoplay; clipboard-write; encrypted-media; gyroscope; picture-in-picture; web-share\" referrerpolicy=\"strict-origin-when-cross-origin\" allowfullscreen><\/iframe>\n<\/div><\/figure>\n\n\n\n<blockquote class=\"wp-block-quote is-style-large is-layout-flow wp-block-quote-is-layout-flow\"><p>\u201cMe da mucho gusto comunicarles que me hicieron la prueba de ant\u00edgeno hoy por la ma\u00f1ana y ya sal\u00ed negativo. Desde luego todav\u00eda tengo que esperar unos d\u00edas m\u00e1s, pero ya estoy bien de salud, me estoy recuperando del COVID-19\u201d, dijo en el video compartido esta noche en sus redes.<\/p><\/blockquote>\n\n\n\n<p>\u201cNo voy a dejar de agradecer a todas y todos ustedes, mexicanos y tambi\u00e9n extranjeros que se preocuparon por mi salud, a los que me desearon que saliera adelante\u201d, a\u00f1adi\u00f3.<\/p>\n\n\n\n<p>Previamente, el subsecretario Hugo L\u00f3pez-Gatell adelant\u00f3 que el Presidente \u201cha tenido una evoluci\u00f3n muy favorable\u201d desde que enferm\u00f3 por el SARS-CoV-2.<\/p>\n\n\n\n<p>Aunque detall\u00f3 que para egresar a sus actividades p\u00fablicas tendr\u00e1 que recibir un alta m\u00e9dica y un alta epidemiol\u00f3gica, adelant\u00f3 que podr\u00eda aparecer el pr\u00f3ximo lunes en su conferencia diaria.<\/p>\n\n\n\n<p>\u201cYo calculo que s\u00ed (podr\u00e1 estar el lunes), pero no anticipemos v\u00edsperas. Quien tendr\u00e1 que dar el alta m\u00e9dica y epidemiol\u00f3gica es el doctor Jorge Alcocer\u201d, dijo, en referencia al secretario de Salud y encargado de vigilar la evoluci\u00f3n del mandatario.<\/p>\n\n\n\n<p>\u201cVa muy bien el Presidente, como hemos dicho toda la semana. Pr\u00e1cticamente no ha habido variaci\u00f3n. Pr\u00e1cticamente desde el inicio estaba asintom\u00e1tico, solamente con febr\u00edcula los dos primeros d\u00edas\u201d, a\u00f1adi\u00f3 el funcionario.<\/p>\n\n\n\n<p>Esta ma\u00f1ana, L\u00f3pez Obrador realiz\u00f3 una caminata en uno de los patios de Palacio Nacional, donde reside y despacha sus asuntos mientras guarda su confinamiento.<\/p>\n\n\n\n<p>El video del paseo, grabado por un reportero desde un tel\u00e9fono m\u00f3vil, llam\u00f3 la atenci\u00f3n por ver al Presidente al aire libre por primera vez desde su contagio y usando cubrebocas, algo que no hac\u00eda antes de infectarse.<\/p>\n\n\n\n<figure class=\"wp-block-embed-twitter wp-block-embed is-type-rich is-provider-twitter\"><div class=\"wp-block-embed__wrapper\">\n<blockquote class=\"twitter-tweet\" data-width=\"500\" data-dnt=\"true\"><p lang=\"es\" dir=\"ltr\">\u00a1Buenos d\u00edas, presidente! <a href=\"https:\/\/twitter.com\/lopezobrador_?ref_src=twsrc%5Etfw\">@lopezobrador_<\/a> sali\u00f3 a caminar en uno de los patios de Palacio Nacional y s\u00ed, s\u00ed tra\u00eda cubrebocas. <a href=\"https:\/\/t.co\/V75LVG2TjK\">pic.twitter.com\/V75LVG2TjK<\/a><\/p>&mdash; Ruido en la Red (@RuidoEnLaRed) <a href=\"https:\/\/twitter.com\/RuidoEnLaRed\/status\/1357397926541099009?ref_src=twsrc%5Etfw\">February 4, 2021<\/a><\/blockquote><script async src=\"https:\/\/platform.twitter.com\/widgets.js\" charset=\"utf-8\"><\/script>\n<\/div><\/figure>\n\n\n\n<p><\/p>\n\n\n\n<p>El mandatario mexicano, quien suele controlar la agenda medi\u00e1tica con sus ruedas de prensa matutinas y mensajes en redes sociales, public\u00f3 un v\u00eddeo el viernes pasado desde Palacio Nacional para \u201cacallar los rumores\u201d sobre su salud, en el \u00fanico mensaje que ha emitido hasta ahora.<\/p>\n\n\n\n<p>Antes de eso, solo hab\u00eda una fotograf\u00eda del lunes 25 de enero tras conversar por tel\u00e9fono con el Presidente de Rusia, Vladimir Putin, para negociar dosis de la vacuna Sputnik V.<\/p>\n\n\n\n<p><em>\u2013Con informaci\u00f3n de EFE.<\/em><\/p>\n\n\n\n<p>Fuente: https:\/\/www.sinembargo.mx\/04-02-2021\/3934263<\/p>\n","protected":false},"excerpt":{"rendered":"<p>REDACCI\u00d3N SINEMBARGO Ciudad de M\u00e9xico, 4 de febrero (SinEmbargo).\u2013 El Presidente&nbsp;Andr\u00e9s Manuel L\u00f3pez Obrador&nbsp;dijo esta noche, en un mensaje en [&hellip;]<\/p>\n","protected":false},"author":1,"featured_media":4203,"comment_status":"open","ping_status":"open","sticky":false,"template":"","format":"standard","meta":{"site-sidebar-layout":"default","site-content-layout":"","ast-site-content-layout":"default","site-content-style":"default","site-sidebar-style":"default","ast-global-header-display":"","ast-banner-title-visibility":"","ast-main-header-display":"","ast-hfb-above-header-display":"","ast-hfb-below-header-display":"","ast-hfb-mobile-header-display":"","site-post-title":"","ast-breadcrumbs-content":"","ast-featured-img":"","footer-sml-layout":"","theme-transparent-header-meta":"","adv-header-id-meta":"","stick-header-meta":"","header-above-stick-meta":"","header-main-stick-meta":"","header-below-stick-meta":"","astra-migrate-meta-layouts":"default","ast-page-background-enabled":"default","ast-page-background-meta":{"desktop":{"background-color":"var(--ast-global-color-4)","background-image":"","background-repeat":"repeat","background-position":"center center","background-size":"auto","background-attachment":"scroll","background-type":"","background-media":"","overlay-type":"","overlay-color":"","overlay-opacity":"","overlay-gradient":""},"tablet":{"background-color":"","background-image":"","background-repeat":"repeat","background-position":"center center","background-size":"auto","background-attachment":"scroll","background-type":"","background-media":"","overlay-type":"","overlay-color":"","overlay-opacity":"","overlay-gradient":""},"mobile":{"background-color":"","background-image":"","background-repeat":"repeat","background-position":"center center","background-size":"auto","background-attachment":"scroll","background-type":"","background-media":"","overlay-type":"","overlay-color":"","overlay-opacity":"","overlay-gradient":""}},"ast-content-background-meta":{"desktop":{"background-color":"var(--ast-global-color-5)","background-image":"","background-repeat":"repeat","background-position":"center center","background-size":"auto","background-attachment":"scroll","background-type":"","background-media":"","overlay-type":"","overlay-color":"","overlay-opacity":"","overlay-gradient":""},"tablet":{"background-color":"var(--ast-global-color-5)","background-image":"","background-repeat":"repeat","background-position":"center center","background-size":"auto","background-attachment":"scroll","background-type":"","background-media":"","overlay-type":"","overlay-color":"","overlay-opacity":"","overlay-gradient":""},"mobile":{"background-color":"var(--ast-global-color-5)","background-image":"","background-repeat":"repeat","background-position":"center center","background-size":"auto","background-attachment":"scroll","background-type":"","background-media":"","overlay-type":"","overlay-color":"","overlay-opacity":"","overlay-gradient":""}},"footnotes":""},"categories":[8],"tags":[],"class_list":["post-4202","post","type-post","status-publish","format-standard","has-post-thumbnail","hentry","category-noticias"],"_links":{"self":[{"href":"https:\/\/losperiodistas.com.mx\/portal\/wp-json\/wp\/v2\/posts\/4202","targetHints":{"allow":["GET"]}}],"collection":[{"href":"https:\/\/losperiodistas.com.mx\/portal\/wp-json\/wp\/v2\/posts"}],"about":[{"href":"https:\/\/losperiodistas.com.mx\/portal\/wp-json\/wp\/v2\/types\/post"}],"author":[{"embeddable":true,"href":"https:\/\/losperiodistas.com.mx\/portal\/wp-json\/wp\/v2\/users\/1"}],"replies":[{"embeddable":true,"href":"https:\/\/losperiodistas.com.mx\/portal\/wp-json\/wp\/v2\/comments?post=4202"}],"version-history":[{"count":1,"href":"https:\/\/losperiodistas.com.mx\/portal\/wp-json\/wp\/v2\/posts\/4202\/revisions"}],"predecessor-version":[{"id":4204,"href":"https:\/\/losperiodistas.com.mx\/portal\/wp-json\/wp\/v2\/posts\/4202\/revisions\/4204"}],"wp:featuredmedia":[{"embeddable":true,"href":"https:\/\/losperiodistas.com.mx\/portal\/wp-json\/wp\/v2\/media\/4203"}],"wp:attachment":[{"href":"https:\/\/losperiodistas.com.mx\/portal\/wp-json\/wp\/v2\/media?parent=4202"}],"wp:term":[{"taxonomy":"category","embeddable":true,"href":"https:\/\/losperiodistas.com.mx\/portal\/wp-json\/wp\/v2\/categories?post=4202"},{"taxonomy":"post_tag","embeddable":true,"href":"https:\/\/losperiodistas.com.mx\/portal\/wp-json\/wp\/v2\/tags?post=4202"}],"curies":[{"name":"wp","href":"https:\/\/api.w.org\/{rel}","templated":true}]}}