{"id":4187,"date":"2021-02-04T07:41:32","date_gmt":"2021-02-04T13:41:32","guid":{"rendered":"http:\/\/losperiodistas.com.mx\/portal\/?p=4187"},"modified":"2021-02-04T07:41:32","modified_gmt":"2021-02-04T13:41:32","slug":"el-virologo-mas-prestigioso-de-alemania-manda-un-contundente-aviso-de-cara-a-la-semana-santa-cadena-ser","status":"publish","type":"post","link":"https:\/\/losperiodistas.com.mx\/portal\/el-virologo-mas-prestigioso-de-alemania-manda-un-contundente-aviso-de-cara-a-la-semana-santa-cadena-ser\/","title":{"rendered":"El vir\u00f3logo m\u00e1s prestigioso de Alemania manda un contundente aviso de cara a la Semana Santa | Cadena SER"},"content":{"rendered":"\n<p style=\"font-size:18px\"><em>A pesar de que el ritmo de vacunaci\u00f3n avanza favorablemente, Christian Drosten pide que no nos relajemos<\/em><\/p>\n\n\n\n<p class=\"has-vivid-cyan-blue-color has-text-color has-medium-font-size\">CADENA SER<\/p>\n\n\n\n<p>Una semana m\u00e1s,&nbsp;<strong>el vir\u00f3logo alem\u00e1n Christian Drosten ha analizado el avance de la pandemia en Alemania&nbsp;<a href=\"https:\/\/www.ndr.de\/nachrichten\/info\/Drosten-im-Corona-Podcast-Impfungen-veraendern-die-Pandemie-erst-nach-Ostern,coronavirusupdate152.html\" rel=\"noreferrer noopener\" target=\"_blank\">en el podcast informativo de la&nbsp;<em>NDR<\/em><\/a><\/strong>. En esta ocasi\u00f3n, el tambi\u00e9n epidemi\u00f3logo ha valorado positivamente el avance en el proceso de vacunaci\u00f3n contra la COVID-19 en el pa\u00eds y ha confiado que gran parte de la sociedad podr\u00e1 vacunarse antes de la llegada del verano: \u00abLa situaci\u00f3n es mucho mejor de lo que pensaba hace d\u00edas\u00bb.<\/p>\n\n\n\n<p>M\u00c1S INFORMACI\u00d3N<\/p>\n\n\n\n<ul class=\"wp-block-list\"><li class=\"\"><a href=\"https:\/\/cadenaser.com\/emisora\/2021\/02\/02\/radio_valencia\/1612294931_762641.html?int=masinfo\" target=\"_blank\" rel=\"noreferrer noopener\">\u00abSalvar Semana Santa\u00bb, una irresponsabilidad<\/a><\/li><li class=\"\"><a href=\"https:\/\/cadenaser.com\/emisora\/2021\/02\/03\/ser_gijon\/1612385224_255782.html?int=masinfo\" target=\"_blank\" rel=\"noreferrer noopener\">\u00abCaer en mensajes para salvar la Semana Santa es un error\u00bb: el aviso de Asturias ante la evoluci\u00f3n del virus<\/a><\/li><li class=\"\"><a href=\"https:\/\/cadenaser.com\/emisora\/2021\/02\/03\/radio_murcia\/1612358955_510139.html?int=masinfo\" target=\"_blank\" rel=\"noreferrer noopener\">Miras: \u00abNo hay debate con la Semana Santa, se van a mantener las medidas de seguridad\u00bb<\/a><\/li><\/ul>\n\n\n\n<p>Tras analizar el ritmo de vacunaci\u00f3n actual, el gobierno estima que habr\u00e1n podido vacuna a m\u00e1s de 50 millones de personas de cara al pr\u00f3ximo mes de julio. Sin embargo, y a pesar de que los datos en pa\u00edses como Israel sean alentadores, Drosten ha pedido cautela una vez m\u00e1s. Durante estas \u00faltimas semanas, Israel ha demostrado que si el 50% de un grupo de edad est\u00e1 vacunado contra la COVID-19 la tasa de ingresos hospitalarios desciende considerablemente.&nbsp;<strong>Sin embargo, esto no quiere decir que haya que relajar las medidas.<\/strong><\/p>\n\n\n\n<h2 class=\"wp-block-heading\">Drosten habla sobre el caso de Israel y el futuro de la Semana Santa<\/h2>\n\n\n\n<p>A pesar de que el ritmo de vacunaci\u00f3n avanza de forma positiva en el pa\u00eds, el vir\u00f3logo recuerda que todav\u00eda tienen que pasar varios meses hasta que puedan vivir una situaci\u00f3n como la de Israel: \u00abHasta pasada la Semana Santa no podemos esperar mucha protecci\u00f3n civil a trav\u00e9s de las vacunas\u00bb. Y es que, tal y como recuerda Drosten, las primeras vacunas son prioritarias para los residentes de los hogares de ancianos y las personas mayores de 80 a\u00f1os:&nbsp;<strong>\u00abSirven para proteger a los grupos de riesgo y reduce la mortalidad<\/strong>\u00ab.<\/p>\n\n\n\n<p>El resto de grupos continuar\u00e1 expuesto al virus, por lo que&nbsp;<strong>el n\u00famero de nuevas infecciones no disminuir\u00e1 de forma significativa durante las pr\u00f3ximas semanas<\/strong>: \u00abLas personas mayores se encuentran al final de la cadena de transmisi\u00f3n y rara vez tienen contactos diversos en la sociedad\u00bb. Por todo ello, Christian Drosten asume que hasta pasada la Semana Santa no se ver\u00e1 ning\u00fan tipo de efecto en lo que a infecciones se refiere.<\/p>\n\n\n\n<h2 class=\"wp-block-heading\">Drosten pide que las restricciones contin\u00faen m\u00e1s all\u00e1 de la Semana Santa<\/h2>\n\n\n\n<p>El vir\u00f3logo recuerda que los grandes grupos de edad, los m\u00e1s afectados por la pandemia, todav\u00eda est\u00e1n lejos de estar vacunados. Por todo ello, Drosten considera que ser\u00eda un error declarar el fin de la pandemia pasada la Semana Santa y comenzar a flexibilizar las restricciones:&nbsp;<strong>\u00abPor el momento, el proceso de infecci\u00f3n debe seguir regulado con restricciones de contacto\u00bb<\/strong>.<\/p>\n\n\n\n<p>Y es que, tal y como recuerda Drosten, los grandes sectores de la poblaci\u00f3n no se vacunar\u00e1n en meses. Entre ellos el grupo de 40 a 60 a\u00f1os, al que pertenecen alrededor de 23,6 millones de hombres y mujeres en Alemania: \u00abSi la pol\u00edtica relaja las restricciones contra la COVID-19 demasiado pronto,\u00a0<strong>la cantidad de infecciones en los grupos de edad no vacunados se disparar\u00e1\u00bb.<\/strong><\/p>\n\n\n\n<p>Fuente: https:\/\/cadenaser.com\/ser\/2021\/02\/04\/internacional\/1612441035_135399.html<\/p>\n","protected":false},"excerpt":{"rendered":"<p>A pesar de que el ritmo de vacunaci\u00f3n avanza favorablemente, Christian Drosten pide que no nos relajemos CADENA SER Una [&hellip;]<\/p>\n","protected":false},"author":1,"featured_media":4188,"comment_status":"open","ping_status":"open","sticky":false,"template":"","format":"standard","meta":{"site-sidebar-layout":"default","site-content-layout":"","ast-site-content-layout":"default","site-content-style":"default","site-sidebar-style":"default","ast-global-header-display":"","ast-banner-title-visibility":"","ast-main-header-display":"","ast-hfb-above-header-display":"","ast-hfb-below-header-display":"","ast-hfb-mobile-header-display":"","site-post-title":"","ast-breadcrumbs-content":"","ast-featured-img":"","footer-sml-layout":"","theme-transparent-header-meta":"","adv-header-id-meta":"","stick-header-meta":"","header-above-stick-meta":"","header-main-stick-meta":"","header-below-stick-meta":"","astra-migrate-meta-layouts":"default","ast-page-background-enabled":"default","ast-page-background-meta":{"desktop":{"background-color":"var(--ast-global-color-4)","background-image":"","background-repeat":"repeat","background-position":"center center","background-size":"auto","background-attachment":"scroll","background-type":"","background-media":"","overlay-type":"","overlay-color":"","overlay-opacity":"","overlay-gradient":""},"tablet":{"background-color":"","background-image":"","background-repeat":"repeat","background-position":"center center","background-size":"auto","background-attachment":"scroll","background-type":"","background-media":"","overlay-type":"","overlay-color":"","overlay-opacity":"","overlay-gradient":""},"mobile":{"background-color":"","background-image":"","background-repeat":"repeat","background-position":"center center","background-size":"auto","background-attachment":"scroll","background-type":"","background-media":"","overlay-type":"","overlay-color":"","overlay-opacity":"","overlay-gradient":""}},"ast-content-background-meta":{"desktop":{"background-color":"var(--ast-global-color-5)","background-image":"","background-repeat":"repeat","background-position":"center center","background-size":"auto","background-attachment":"scroll","background-type":"","background-media":"","overlay-type":"","overlay-color":"","overlay-opacity":"","overlay-gradient":""},"tablet":{"background-color":"var(--ast-global-color-5)","background-image":"","background-repeat":"repeat","background-position":"center center","background-size":"auto","background-attachment":"scroll","background-type":"","background-media":"","overlay-type":"","overlay-color":"","overlay-opacity":"","overlay-gradient":""},"mobile":{"background-color":"var(--ast-global-color-5)","background-image":"","background-repeat":"repeat","background-position":"center center","background-size":"auto","background-attachment":"scroll","background-type":"","background-media":"","overlay-type":"","overlay-color":"","overlay-opacity":"","overlay-gradient":""}},"footnotes":""},"categories":[8],"tags":[],"class_list":["post-4187","post","type-post","status-publish","format-standard","has-post-thumbnail","hentry","category-noticias"],"_links":{"self":[{"href":"https:\/\/losperiodistas.com.mx\/portal\/wp-json\/wp\/v2\/posts\/4187","targetHints":{"allow":["GET"]}}],"collection":[{"href":"https:\/\/losperiodistas.com.mx\/portal\/wp-json\/wp\/v2\/posts"}],"about":[{"href":"https:\/\/losperiodistas.com.mx\/portal\/wp-json\/wp\/v2\/types\/post"}],"author":[{"embeddable":true,"href":"https:\/\/losperiodistas.com.mx\/portal\/wp-json\/wp\/v2\/users\/1"}],"replies":[{"embeddable":true,"href":"https:\/\/losperiodistas.com.mx\/portal\/wp-json\/wp\/v2\/comments?post=4187"}],"version-history":[{"count":1,"href":"https:\/\/losperiodistas.com.mx\/portal\/wp-json\/wp\/v2\/posts\/4187\/revisions"}],"predecessor-version":[{"id":4189,"href":"https:\/\/losperiodistas.com.mx\/portal\/wp-json\/wp\/v2\/posts\/4187\/revisions\/4189"}],"wp:featuredmedia":[{"embeddable":true,"href":"https:\/\/losperiodistas.com.mx\/portal\/wp-json\/wp\/v2\/media\/4188"}],"wp:attachment":[{"href":"https:\/\/losperiodistas.com.mx\/portal\/wp-json\/wp\/v2\/media?parent=4187"}],"wp:term":[{"taxonomy":"category","embeddable":true,"href":"https:\/\/losperiodistas.com.mx\/portal\/wp-json\/wp\/v2\/categories?post=4187"},{"taxonomy":"post_tag","embeddable":true,"href":"https:\/\/losperiodistas.com.mx\/portal\/wp-json\/wp\/v2\/tags?post=4187"}],"curies":[{"name":"wp","href":"https:\/\/api.w.org\/{rel}","templated":true}]}}