{"id":4178,"date":"2021-02-04T06:31:42","date_gmt":"2021-02-04T12:31:42","guid":{"rendered":"http:\/\/losperiodistas.com.mx\/portal\/?p=4178"},"modified":"2021-02-04T06:31:42","modified_gmt":"2021-02-04T12:31:42","slug":"el-infierno-de-mariana-seis-meses-de-abuso-sexual-que-nadie-escucho-el-pais","status":"publish","type":"post","link":"https:\/\/losperiodistas.com.mx\/portal\/el-infierno-de-mariana-seis-meses-de-abuso-sexual-que-nadie-escucho-el-pais\/","title":{"rendered":"El infierno de Mariana: seis meses de abuso sexual que nadie escuch\u00f3 | El Pa\u00eds"},"content":{"rendered":"\n<p style=\"font-size:18px\"><em>La madre de la m\u00e9dica hallada muerta en las instalaciones de un centro de salud de Chiapas relata el \u201cmartirio\u201d que vivi\u00f3 su hija y denuncia la indiferencia de las autoridades sanitarias que no atendieron sus llamadas de auxilio<\/em><\/p>\n\n\n\n<p class=\"has-vivid-cyan-blue-color has-text-color has-medium-font-size\">ELENA REINA \/ EL PA\u00cdS<\/p>\n\n\n\n<p>Cuando lleg\u00f3 al cuartucho que el centro de salud le hab\u00eda proporcionado para vivir supo que no ten\u00eda que estar ah\u00ed. Cuatro paredes grises, sin cama, ni ba\u00f1o, ni otro indicio que le hiciera sentir que aquello era una vivienda. Hab\u00eda cucarachas rondando el suelo y para ir al aseo ten\u00eda que cruzar un terreno bald\u00edo y compartirlo con otros compa\u00f1eros de trabajo. Mariana S\u00e1nchez, de 26 a\u00f1os, quiso salir corriendo de all\u00ed. Estaba sola, sin apenas capacidad para comunicarse, pues la se\u00f1al de tel\u00e9fono e Internet no llegaba hasta este espacio pegado a la cl\u00ednica de un municipio rural en medio de la selva Lacandona (Chiapas), donde iba a trabajar durante un a\u00f1o como m\u00e9dica en pr\u00e1cticas. Y en ese rinc\u00f3n abandonado del M\u00e9xico pobre, un compa\u00f1ero comenz\u00f3 a acosarla. \u201cAquello era un infierno\u201d, cuenta por videollamada su madre, Mar\u00eda de Lourdes D\u00e1valos.<\/p>\n\n\n\n<p>El viernes el cad\u00e1ver de Mariana&nbsp;<a href=\"https:\/\/elpais.com\/mexico\/2021-02-01\/mariana-sanchez-el-nuevo-rostro-del-terror-de-los-feminicidios-en-mexico.html\" target=\"_blank\" rel=\"noreferrer noopener\">fue hallado colgado de una cuerda en ese cuarto del terror<\/a>. Ni las autoridades, ni el abogado de la familia pueden explicar los detalles de su muerte. D\u00e1valos no dispone, seis d\u00edas despu\u00e9s, de la carpeta de investigaci\u00f3n ni de los avances m\u00ednimos que ha llevado a cabo la Fiscal\u00eda, que desde un primer momento cerr\u00f3 el caso concluyendo que fue la misma joven quien decidi\u00f3 quitarse la vida. Ahora, ante la presi\u00f3n social, se ha reabierto la carpeta e investigan un posible feminicidio. Y en la cabeza de su madre conforme se acerca a aquella noche solo caben m\u00e1s dudas. Y una sola certeza. \u201cMariana no se suicid\u00f3, a Mariana la mataron\u201d, cuenta a este diario D\u00e1valos.<\/p>\n\n\n\n<p>S\u00e1nchez no eligi\u00f3 ese destino. Naci\u00f3 en la Ciudad de M\u00e9xico y desde muy peque\u00f1a vivi\u00f3 en casa de sus abuelos en la capital chiapaneca, Tuxtla Guti\u00e9rrez, desde donde estudi\u00f3 la carrera de m\u00e9dico cirujano en la Universidad Aut\u00f3noma de Chiapas (UNACH). El \u00faltimo a\u00f1o de universidad hizo un internado en una cl\u00ednica p\u00fablica en Monterrey, a unas pocas horas de su madre, en Saltillo (Coahuila), que se hab\u00eda trasladado hasta esta ciudad del norte del pa\u00eds buscando trabajo como arquitecta. Su siguiente paso consist\u00eda en el servicio social previo a comenzar su residencia, un trabajo por el que recib\u00eda una beca de 3.000 pesos al mes (unos 150 d\u00f3lares, 125 euros). Por concurso p\u00fablico, seg\u00fan el promedio de su carrera, termin\u00f3 S\u00e1nchez en el centro de salud de Nueva Palestina, una comunidad ind\u00edgena en el municipio de Ocosingo (Chiapas), en agosto.<\/p>\n\n\n\n<p>\u201cAl poco tiempo de estar ah\u00ed me cont\u00f3 por tel\u00e9fono que&nbsp;<a href=\"https:\/\/elpais.com\/mexico\/2021-02-01\/mariana-sanchez-el-nuevo-rostro-del-terror-de-los-feminicidios-en-mexico.html\" target=\"_blank\" rel=\"noreferrer noopener\">una persona la estaba acosando,&nbsp;<\/a>un compa\u00f1ero m\u00e9dico que cada vez era m\u00e1s insistente\u201d, relata su madre. Casi no pod\u00eda comunicarse con su hija, que por las ma\u00f1anas estaba pasando consulta y al salir del centro se quedaba sin se\u00f1al. Pero le hab\u00eda prometido que pedir\u00eda a la directora de la cl\u00ednica un traslado.<\/p>\n\n\n\n<p>En octubre o noviembre, no recuerda exactamente la fecha, su hija le envi\u00f3 un mensaje a un amigo. \u201cEse sujeto hab\u00eda forzado la puerta de su cuarto, la compa\u00f1era enfermera con la que viv\u00eda no estaba. Y se meti\u00f3 el tipo. Se hab\u00eda subido a su cama mientras dorm\u00eda, intent\u00f3 manosearla. Ella se resisti\u00f3 y huy\u00f3\u201d, cuenta D\u00e1valos. Su madre reconoce que pudo haber sido peor de lo que su hija le relataba por tel\u00e9fono, pero no quiso preocuparla. Desde entonces, S\u00e1nchez se reuni\u00f3 con la responsable del centro y le coment\u00f3 lo sucedido. \u201cLleg\u00f3 a presentar una renuncia por lo que hab\u00eda pasado. Pero no fue aceptada, le dijeron que la necesitaban ah\u00ed. Le llevaron unos tamales y le dijeron que se tomara unos d\u00edas de descanso para superar el trauma\u201d, cuenta su madre. Las autoridades sanitarias y universitarias de Chiapas han enviado un comunicado rechazando que ellos tuvieran conocimiento de un caso de abuso sexual.<\/p>\n\n\n\n<p>Regresar fue un martirio. A D\u00e1valos le preocupaba que si desped\u00edan al compa\u00f1ero m\u00e9dico que la estaba acosando se pudiera vengar de ella. \u201cYo le insist\u00ed en que ya renunciara, pero a ella le urg\u00eda terminar su servicio social y comenzar a trabajar como m\u00e9dica. Estuvo meses esperando un traslado que nunca lleg\u00f3. Nadie le hizo caso\u201d, recuerda su madre. Al compa\u00f1ero lo hab\u00edan cambiado de turno, pero el infierno continuaba.<\/p>\n\n\n\n<p>Un d\u00eda antes de su muerte, el jueves 27 de enero, S\u00e1nchez ten\u00eda sus maletas preparadas en la consulta. Iba a irse, como cada fin de semana, a su casa en Tuxtla. Su madre recuerda la \u00faltima conversaci\u00f3n con su hija: \u201cEstaba muy apurada. M\u00e1s de lo normal. Ten\u00eda mucha prisa y la not\u00e9 muy angustiada. Me contest\u00f3 llorando. Insist\u00eda en que la estaban acosando y que iba a volver a buscar a la directora. Quedamos en volver a hablar cuando terminara su trabajo, pero ya no pude. Ni siquiera s\u00e9 si fue esa noche o al d\u00eda siguiente por la ma\u00f1ana cuando la mataron\u201d.<\/p>\n\n\n\n<figure class=\"wp-block-image\"><img decoding=\"async\" src=\"https:\/\/imagenes.elpais.com\/resizer\/iqj-JlTr9dOlka8un-T5jv9t5Ek=\/1500x0\/cloudfront-eu-central-1.images.arcpublishing.com\/prisa\/KUDG6JWJQ66FHFTJUMKYCU3PFA.jpg\" alt=\"\"\/><\/figure>\n\n\n\n<p><a href=\"javascript:void(0)\"><\/a>Protesta para exigir justicia por el feminicidio de Mariana S\u00e1nchez, en San Crist\u00f3bal de las Casas.&nbsp;FOTO | VIDEO: EFE<\/p>\n\n\n\n<p>El viernes alrededor de las once de la ma\u00f1ana, una amiga de S\u00e1nchez llam\u00f3 a su madre. No fueron las autoridades de Chiapas ni un m\u00e9dico&nbsp;<a href=\"https:\/\/elpais.com\/mexico\/2021-02-01\/mariana-sanchez-el-nuevo-rostro-del-terror-de-los-feminicidios-en-mexico.html\" target=\"_blank\" rel=\"noreferrer noopener\">los que le dieron la noticia de la muerte de su hija<\/a>. Sus amigas se hab\u00edan enterado de lo sucedido mucho antes que su madre. Compr\u00f3 un billete de avi\u00f3n hacia el sur del pa\u00eds y tras un viaje de m\u00e1s de ocho horas, entre traslados y escalas, aterriz\u00f3 en la capital chiapaneca. El cuerpo de su hija se lo entregaron a la ma\u00f1ana siguiente. \u201cNo quise abrir el ata\u00fad. No pod\u00eda verla. Solo estuve unos 20 minutos con el ata\u00fad cerrado. No pod\u00eda con nada m\u00e1s. Ahora me pregunto qu\u00e9 ten\u00eda que haber hecho, por qu\u00e9 ten\u00edan tanta prisa en llev\u00e1rsela. En ese momento no era consciente de nada\u201d, relata D\u00e1valos agotada.<\/p>\n\n\n\n<p>Ese mismo d\u00eda, el s\u00e1bado, el cuerpo de su hija fue incinerado. D\u00e1valos insiste en que ella no firm\u00f3 ning\u00fan consentimiento para cremarla, tampoco sabe si alguien de su familia lo hizo. Incinerar un cad\u00e1ver tras una muerte violenta, incluso aunque se trate de un suicidio, va en contra del protocolo b\u00e1sico que manda el C\u00f3digo Federal de Procedimientos Penales. Y estos d\u00edas en los que la indignaci\u00f3n por la muerte de Mariana ha escalado al debate p\u00fablico nacional, la Fiscal\u00eda reabre el caso como feminicidio sin contar con el cuerpo. La primera necropsia arrojaba pocos datos sobre la muerte, pero apuntaba directamente al suicidio. El abogado privado de la madre busca a contra reloj estos d\u00edas otros indicios para demostrar esta nueva hip\u00f3tesis.<\/p>\n\n\n\n<p>El caso de Mariana se ha convertido en el nuevo rostro de la tragedia de los feminicidios en M\u00e9xico. Aunque el caso sigue abierto y sobre las causas de su muerte plantean todav\u00eda inc\u00f3gnitas, el pa\u00eds se encuentra de nuevo ante el terror machista mil veces contado en este pa\u00eds. La joven denunci\u00f3 ante sus responsables inmediatos lo que estaba sucediendo y nadie hizo nada para protegerla. La incineraci\u00f3n del cad\u00e1ver hace m\u00e1s dif\u00edcil una investigaci\u00f3n pericial de lo que sucedi\u00f3 esa noche. Y el caso de esta m\u00e9dica se asoma al laberinto oscuro de la<a rel=\"noreferrer noopener\" href=\"https:\/\/elpais.com\/tag\/c\/63d2707764492e98c02d7e1abd8f9bc9\" target=\"_blank\">\u00a0impunidad que se hace fuerte en un pa\u00eds con m\u00e1s de 10 mujeres al d\u00eda asesinadas<\/a>\u00a0y menos del 90% de los casos resueltos.<\/p>\n\n\n\n<p>Fuente: https:\/\/elpais.com\/mexico\/2021-02-03\/el-infierno-de-mariana-seis-meses-de-abuso-sexual-que-nadie-escucho.html<\/p>\n","protected":false},"excerpt":{"rendered":"<p>La madre de la m\u00e9dica hallada muerta en las instalaciones de un centro de salud de Chiapas relata el \u201cmartirio\u201d [&hellip;]<\/p>\n","protected":false},"author":1,"featured_media":4179,"comment_status":"open","ping_status":"open","sticky":false,"template":"","format":"standard","meta":{"site-sidebar-layout":"default","site-content-layout":"","ast-site-content-layout":"default","site-content-style":"default","site-sidebar-style":"default","ast-global-header-display":"","ast-banner-title-visibility":"","ast-main-header-display":"","ast-hfb-above-header-display":"","ast-hfb-below-header-display":"","ast-hfb-mobile-header-display":"","site-post-title":"","ast-breadcrumbs-content":"","ast-featured-img":"","footer-sml-layout":"","theme-transparent-header-meta":"","adv-header-id-meta":"","stick-header-meta":"","header-above-stick-meta":"","header-main-stick-meta":"","header-below-stick-meta":"","astra-migrate-meta-layouts":"default","ast-page-background-enabled":"default","ast-page-background-meta":{"desktop":{"background-color":"var(--ast-global-color-4)","background-image":"","background-repeat":"repeat","background-position":"center center","background-size":"auto","background-attachment":"scroll","background-type":"","background-media":"","overlay-type":"","overlay-color":"","overlay-opacity":"","overlay-gradient":""},"tablet":{"background-color":"","background-image":"","background-repeat":"repeat","background-position":"center center","background-size":"auto","background-attachment":"scroll","background-type":"","background-media":"","overlay-type":"","overlay-color":"","overlay-opacity":"","overlay-gradient":""},"mobile":{"background-color":"","background-image":"","background-repeat":"repeat","background-position":"center center","background-size":"auto","background-attachment":"scroll","background-type":"","background-media":"","overlay-type":"","overlay-color":"","overlay-opacity":"","overlay-gradient":""}},"ast-content-background-meta":{"desktop":{"background-color":"var(--ast-global-color-5)","background-image":"","background-repeat":"repeat","background-position":"center center","background-size":"auto","background-attachment":"scroll","background-type":"","background-media":"","overlay-type":"","overlay-color":"","overlay-opacity":"","overlay-gradient":""},"tablet":{"background-color":"var(--ast-global-color-5)","background-image":"","background-repeat":"repeat","background-position":"center center","background-size":"auto","background-attachment":"scroll","background-type":"","background-media":"","overlay-type":"","overlay-color":"","overlay-opacity":"","overlay-gradient":""},"mobile":{"background-color":"var(--ast-global-color-5)","background-image":"","background-repeat":"repeat","background-position":"center center","background-size":"auto","background-attachment":"scroll","background-type":"","background-media":"","overlay-type":"","overlay-color":"","overlay-opacity":"","overlay-gradient":""}},"footnotes":""},"categories":[8],"tags":[],"class_list":["post-4178","post","type-post","status-publish","format-standard","has-post-thumbnail","hentry","category-noticias"],"_links":{"self":[{"href":"https:\/\/losperiodistas.com.mx\/portal\/wp-json\/wp\/v2\/posts\/4178","targetHints":{"allow":["GET"]}}],"collection":[{"href":"https:\/\/losperiodistas.com.mx\/portal\/wp-json\/wp\/v2\/posts"}],"about":[{"href":"https:\/\/losperiodistas.com.mx\/portal\/wp-json\/wp\/v2\/types\/post"}],"author":[{"embeddable":true,"href":"https:\/\/losperiodistas.com.mx\/portal\/wp-json\/wp\/v2\/users\/1"}],"replies":[{"embeddable":true,"href":"https:\/\/losperiodistas.com.mx\/portal\/wp-json\/wp\/v2\/comments?post=4178"}],"version-history":[{"count":1,"href":"https:\/\/losperiodistas.com.mx\/portal\/wp-json\/wp\/v2\/posts\/4178\/revisions"}],"predecessor-version":[{"id":4180,"href":"https:\/\/losperiodistas.com.mx\/portal\/wp-json\/wp\/v2\/posts\/4178\/revisions\/4180"}],"wp:featuredmedia":[{"embeddable":true,"href":"https:\/\/losperiodistas.com.mx\/portal\/wp-json\/wp\/v2\/media\/4179"}],"wp:attachment":[{"href":"https:\/\/losperiodistas.com.mx\/portal\/wp-json\/wp\/v2\/media?parent=4178"}],"wp:term":[{"taxonomy":"category","embeddable":true,"href":"https:\/\/losperiodistas.com.mx\/portal\/wp-json\/wp\/v2\/categories?post=4178"},{"taxonomy":"post_tag","embeddable":true,"href":"https:\/\/losperiodistas.com.mx\/portal\/wp-json\/wp\/v2\/tags?post=4178"}],"curies":[{"name":"wp","href":"https:\/\/api.w.org\/{rel}","templated":true}]}}