{"id":4175,"date":"2021-02-04T06:27:45","date_gmt":"2021-02-04T12:27:45","guid":{"rendered":"http:\/\/losperiodistas.com.mx\/portal\/?p=4175"},"modified":"2021-02-04T06:27:45","modified_gmt":"2021-02-04T12:27:45","slug":"el-cardenal-juan-sandoval-iniguez-esta-en-terapia-intensiva-forbes","status":"publish","type":"post","link":"https:\/\/losperiodistas.com.mx\/portal\/el-cardenal-juan-sandoval-iniguez-esta-en-terapia-intensiva-forbes\/","title":{"rendered":"El cardenal Juan Sandoval \u00cd\u00f1iguez est\u00e1 en terapia intensiva | Forbes"},"content":{"rendered":"\n<p style=\"font-size:18px\"><em>El Arzobispado inform\u00f3 que fue internado ayer en la ma\u00f1ana, pero su diagn\u00f3stico es estable.<\/em><\/p>\n\n\n\n<p class=\"has-vivid-cyan-blue-color has-text-color has-medium-font-size\">FORBES STAFF<\/p>\n\n\n\n<p>El Cardenal Juan Sandoval \u00cdniguez, Arzobispo em\u00e9rito de Guadalajara, fue ingresado a terapia intensiva este mi\u00e9rcoles debido a una&nbsp;<strong>insuficiencia cardiaca<\/strong>.<\/p>\n\n\n\n<p>En un comunicado, el Arzobispado inform\u00f3 que fue internado esta ma\u00f1ana y su\u00a0<strong>situaci\u00f3n es estable<\/strong>.<\/p>\n\n\n\n<p>\u201cLa ma\u00f1ana de hoy, mi\u00e9rcoles 3 de febrero de 2021, fue hospitalizado el Cardenal D. Juan Sandoval \u00cd\u00f1iguez, Arzobispo Em\u00e9rito de Guadalajara. El diagn\u00f3stico&nbsp;<strong>que han dado los m\u00e9dicos que lo est\u00e1n atendiendo se\u00f1ala que se trata de una insuficiencia cardiaca<\/strong>&nbsp;a la que se le est\u00e1 dando seguimiento. Fue ingresado a terapia intensiva y su situaci\u00f3n es estable\u201d, explic\u00f3 la organizaci\u00f3n en el documento.<\/p>\n\n\n\n<p>No es la primera vez que el Cardenal Juan Sandoval \u00cd\u00f1iguez es ingresado al hospital,\u00a0<strong>en 1999 sufri\u00f3 una trombosis intestinal, por lo que a consecuencia de una gangrena<\/strong>\u00a0perdi\u00f3 metro y medio de intestino.<\/p>\n\n\n\n<p>Fuente: https:\/\/www.forbes.com.mx\/noticias-juan-sandoval-iniguez-hospitalizado\/<\/p>\n","protected":false},"excerpt":{"rendered":"<p>El Arzobispado inform\u00f3 que fue internado ayer en la ma\u00f1ana, pero su diagn\u00f3stico es estable. FORBES STAFF El Cardenal Juan [&hellip;]<\/p>\n","protected":false},"author":1,"featured_media":4176,"comment_status":"open","ping_status":"open","sticky":false,"template":"","format":"standard","meta":{"site-sidebar-layout":"default","site-content-layout":"","ast-site-content-layout":"default","site-content-style":"default","site-sidebar-style":"default","ast-global-header-display":"","ast-banner-title-visibility":"","ast-main-header-display":"","ast-hfb-above-header-display":"","ast-hfb-below-header-display":"","ast-hfb-mobile-header-display":"","site-post-title":"","ast-breadcrumbs-content":"","ast-featured-img":"","footer-sml-layout":"","theme-transparent-header-meta":"","adv-header-id-meta":"","stick-header-meta":"","header-above-stick-meta":"","header-main-stick-meta":"","header-below-stick-meta":"","astra-migrate-meta-layouts":"default","ast-page-background-enabled":"default","ast-page-background-meta":{"desktop":{"background-color":"var(--ast-global-color-4)","background-image":"","background-repeat":"repeat","background-position":"center center","background-size":"auto","background-attachment":"scroll","background-type":"","background-media":"","overlay-type":"","overlay-color":"","overlay-opacity":"","overlay-gradient":""},"tablet":{"background-color":"","background-image":"","background-repeat":"repeat","background-position":"center center","background-size":"auto","background-attachment":"scroll","background-type":"","background-media":"","overlay-type":"","overlay-color":"","overlay-opacity":"","overlay-gradient":""},"mobile":{"background-color":"","background-image":"","background-repeat":"repeat","background-position":"center center","background-size":"auto","background-attachment":"scroll","background-type":"","background-media":"","overlay-type":"","overlay-color":"","overlay-opacity":"","overlay-gradient":""}},"ast-content-background-meta":{"desktop":{"background-color":"var(--ast-global-color-5)","background-image":"","background-repeat":"repeat","background-position":"center center","background-size":"auto","background-attachment":"scroll","background-type":"","background-media":"","overlay-type":"","overlay-color":"","overlay-opacity":"","overlay-gradient":""},"tablet":{"background-color":"var(--ast-global-color-5)","background-image":"","background-repeat":"repeat","background-position":"center center","background-size":"auto","background-attachment":"scroll","background-type":"","background-media":"","overlay-type":"","overlay-color":"","overlay-opacity":"","overlay-gradient":""},"mobile":{"background-color":"var(--ast-global-color-5)","background-image":"","background-repeat":"repeat","background-position":"center center","background-size":"auto","background-attachment":"scroll","background-type":"","background-media":"","overlay-type":"","overlay-color":"","overlay-opacity":"","overlay-gradient":""}},"footnotes":""},"categories":[8],"tags":[],"class_list":["post-4175","post","type-post","status-publish","format-standard","has-post-thumbnail","hentry","category-noticias"],"_links":{"self":[{"href":"https:\/\/losperiodistas.com.mx\/portal\/wp-json\/wp\/v2\/posts\/4175","targetHints":{"allow":["GET"]}}],"collection":[{"href":"https:\/\/losperiodistas.com.mx\/portal\/wp-json\/wp\/v2\/posts"}],"about":[{"href":"https:\/\/losperiodistas.com.mx\/portal\/wp-json\/wp\/v2\/types\/post"}],"author":[{"embeddable":true,"href":"https:\/\/losperiodistas.com.mx\/portal\/wp-json\/wp\/v2\/users\/1"}],"replies":[{"embeddable":true,"href":"https:\/\/losperiodistas.com.mx\/portal\/wp-json\/wp\/v2\/comments?post=4175"}],"version-history":[{"count":1,"href":"https:\/\/losperiodistas.com.mx\/portal\/wp-json\/wp\/v2\/posts\/4175\/revisions"}],"predecessor-version":[{"id":4177,"href":"https:\/\/losperiodistas.com.mx\/portal\/wp-json\/wp\/v2\/posts\/4175\/revisions\/4177"}],"wp:featuredmedia":[{"embeddable":true,"href":"https:\/\/losperiodistas.com.mx\/portal\/wp-json\/wp\/v2\/media\/4176"}],"wp:attachment":[{"href":"https:\/\/losperiodistas.com.mx\/portal\/wp-json\/wp\/v2\/media?parent=4175"}],"wp:term":[{"taxonomy":"category","embeddable":true,"href":"https:\/\/losperiodistas.com.mx\/portal\/wp-json\/wp\/v2\/categories?post=4175"},{"taxonomy":"post_tag","embeddable":true,"href":"https:\/\/losperiodistas.com.mx\/portal\/wp-json\/wp\/v2\/tags?post=4175"}],"curies":[{"name":"wp","href":"https:\/\/api.w.org\/{rel}","templated":true}]}}