{"id":4171,"date":"2021-02-05T19:40:41","date_gmt":"2021-02-06T01:40:41","guid":{"rendered":"http:\/\/losperiodistas.com.mx\/portal\/?p=4171"},"modified":"2021-02-05T19:43:53","modified_gmt":"2021-02-06T01:43:53","slug":"coronavirus-en-mexico-se-registraron-13051-nuevos-contagios-y-1368-muertes-infobae","status":"publish","type":"post","link":"https:\/\/losperiodistas.com.mx\/portal\/coronavirus-en-mexico-se-registraron-13051-nuevos-contagios-y-1368-muertes-infobae\/","title":{"rendered":"Coronavirus en M\u00e9xico: se registraron 13,051 nuevos contagios y 1,368 muertes | Infobae"},"content":{"rendered":"\n<p style=\"font-size:18px\"><em>El Dr. Hugo L\u00f3pez-Gatell, inform\u00f3 que hasta el momento 64,246 personas han recibido el esquema completo de vacunaci\u00f3n<\/em><\/p>\n\n\n\n<p class=\"has-vivid-cyan-blue-color has-text-color has-medium-font-size\">INFOBAE<\/p>\n\n\n\n<p>La Secretar\u00eda de Salud (<strong>SSa<\/strong>) report\u00f3 que hasta este viernes<strong>&nbsp;5 de febrero<\/strong>, se han registrado&nbsp;<strong>1,912,871<\/strong>&nbsp;<strong>casos de contagios acumulados<\/strong>&nbsp;de coronavirus (<strong>COVID-19<\/strong>). Adem\u00e1s, desde el inicio de la epidemia, M\u00e9xico<strong>&nbsp;<\/strong>ha sufrido&nbsp;<strong>164,290 defunciones por la enfermedad<\/strong>.<\/p>\n\n\n\n<p>Lo anterior representa que hubo un incremento de&nbsp;<strong>13,051<\/strong>&nbsp;<strong>contagiados<\/strong>&nbsp;en las&nbsp;<strong>\u00faltimas 24 horas<\/strong>, as\u00ed como&nbsp;<strong>1,368<\/strong>&nbsp;<strong>muertes.<\/strong><\/p>\n\n\n\n<p>En cuanto a la&nbsp;<strong>ocupaci\u00f3n y disponibilidad hospitalaria<\/strong>&nbsp;a nivel nacional, se inform\u00f3 que la Red IRAG report\u00f3 que existen 35,635<strong>&nbsp;camas generales<\/strong>, de las cuales 19,100&nbsp;<strong>(54%) ya est\u00e1n ocupadas<\/strong>&nbsp;y 16,535 (46%) disponibles. En este rubro, la&nbsp;<strong>Ciudad de M\u00e9xico&nbsp;<\/strong>es la entidad con el mayor porcentaje en camas que est\u00e1n siendo utilizadas, con<strong>&nbsp;82 por ciento.<\/strong><\/p>\n\n\n\n<p>Mientras que de las 11,239&nbsp;<strong>camas<\/strong>&nbsp;<strong>con ventiladores<\/strong>, 5,545&nbsp;<strong>(49%) est\u00e1n ocupadas<\/strong>&nbsp;y 5,694 (51%) disponibles. Aqu\u00ed tambi\u00e9n la&nbsp;<strong>Ciudad de M\u00e9xico&nbsp;<\/strong>aparece como el estado con la mayor tasa de ocupaci\u00f3n, con<strong>&nbsp;78 por ciento.<\/strong><\/p>\n\n\n\n<p>As\u00ed lo inform\u00f3 el&nbsp;<strong>Dr. Ruy L\u00f3pez Ridaura<\/strong>, director general del Centro Nacional de Programas Preventivos y Control de Enfermedades, desde Palacio Nacional.<\/p>\n\n\n\n<p><mark><strong>Avance de la vacunaci\u00f3n contra el COVID-19<\/strong><\/mark><\/p>\n\n\n\n<p>Respecto a la jornada de la Estrategia Nacional de Vacunaci\u00f3n contra el SARS-CoV-2, el<strong>&nbsp;Dr. Hugo L\u00f3pez-Gatell<\/strong>, subsecretario de Prevenci\u00f3n y Promoci\u00f3n de la Salud, inform\u00f3 que hasta el momento se han aplicado, principalmente al personal m\u00e9dico de primera l\u00ednea en atenci\u00f3n a la pandemia,<strong>&nbsp;700,316 dosis&nbsp;<\/strong>de la f\u00f3rmula producida por los laboratorios&nbsp;<strong>Pfizer-BioNTech<\/strong>; de las cuales,&nbsp;<strong>3,706 inyecciones<\/strong>&nbsp;fueron en las&nbsp;<strong>\u00faltimas 24 horas.<\/strong><\/p>\n\n\n\n<p>Del total, \u00fanicamente<strong>&nbsp;64,246personas<\/strong>&nbsp;han recibido el&nbsp;<strong>esquema completo de vacunaci\u00f3n<\/strong>&nbsp;(las dos dosis), lo que representa el&nbsp;<strong>10 por ciento<\/strong>. Las entidades m\u00e1s avanzadas en este rubro siguen siendo&nbsp;<strong>Nuevo Le\u00f3n, Ciudad de M\u00e9xico y Coahuila.<\/strong><\/p>\n\n\n\n<p>Sobre la inmunizaci\u00f3n del personal educativo de&nbsp;<strong>Campeche<\/strong>, estado con menores \u00edndices de contagio y hospitalizaciones que busca el pronto regreso a clases presenciales,&nbsp;<strong>17,457 profesores<\/strong>&nbsp;<strong>han recibido la primera dosis.&nbsp;<\/strong>Todav\u00eda no se ha iniciado con la segunda aplicaci\u00f3n.<\/p>\n\n\n\n<p>Aunado a esto, se han notificado&nbsp;<strong>5,943<\/strong>&nbsp;Eventos Supuestamente Atribuibles a Vacunaci\u00f3n e Inmunizaci\u00f3n (<strong>ESAVI<\/strong>) desde que inici\u00f3 la estrategia el pasado 8 de diciembre, de los cuales solo&nbsp;<strong>47 casos&nbsp;<\/strong>(menos del 1%)<strong>&nbsp;<\/strong>han sido considerados<strong>&nbsp;graves<\/strong>; cuatro de ellos a\u00fan est\u00e1n hospitalizados.<\/p>\n\n\n\n<p>Fuente: https:\/\/www.infobae.com\/america\/mexico\/2021\/02\/06\/coronavirus-en-mexico-se-registraron-1368-nuevas-muertes\/<\/p>\n","protected":false},"excerpt":{"rendered":"<p>El Dr. Hugo L\u00f3pez-Gatell, inform\u00f3 que hasta el momento 64,246 personas han recibido el esquema completo de vacunaci\u00f3n INFOBAE La [&hellip;]<\/p>\n","protected":false},"author":1,"featured_media":4236,"comment_status":"open","ping_status":"open","sticky":false,"template":"","format":"standard","meta":{"site-sidebar-layout":"default","site-content-layout":"","ast-site-content-layout":"default","site-content-style":"default","site-sidebar-style":"default","ast-global-header-display":"","ast-banner-title-visibility":"","ast-main-header-display":"","ast-hfb-above-header-display":"","ast-hfb-below-header-display":"","ast-hfb-mobile-header-display":"","site-post-title":"","ast-breadcrumbs-content":"","ast-featured-img":"","footer-sml-layout":"","theme-transparent-header-meta":"","adv-header-id-meta":"","stick-header-meta":"","header-above-stick-meta":"","header-main-stick-meta":"","header-below-stick-meta":"","astra-migrate-meta-layouts":"default","ast-page-background-enabled":"default","ast-page-background-meta":{"desktop":{"background-color":"var(--ast-global-color-4)","background-image":"","background-repeat":"repeat","background-position":"center center","background-size":"auto","background-attachment":"scroll","background-type":"","background-media":"","overlay-type":"","overlay-color":"","overlay-opacity":"","overlay-gradient":""},"tablet":{"background-color":"","background-image":"","background-repeat":"repeat","background-position":"center center","background-size":"auto","background-attachment":"scroll","background-type":"","background-media":"","overlay-type":"","overlay-color":"","overlay-opacity":"","overlay-gradient":""},"mobile":{"background-color":"","background-image":"","background-repeat":"repeat","background-position":"center center","background-size":"auto","background-attachment":"scroll","background-type":"","background-media":"","overlay-type":"","overlay-color":"","overlay-opacity":"","overlay-gradient":""}},"ast-content-background-meta":{"desktop":{"background-color":"var(--ast-global-color-5)","background-image":"","background-repeat":"repeat","background-position":"center center","background-size":"auto","background-attachment":"scroll","background-type":"","background-media":"","overlay-type":"","overlay-color":"","overlay-opacity":"","overlay-gradient":""},"tablet":{"background-color":"var(--ast-global-color-5)","background-image":"","background-repeat":"repeat","background-position":"center center","background-size":"auto","background-attachment":"scroll","background-type":"","background-media":"","overlay-type":"","overlay-color":"","overlay-opacity":"","overlay-gradient":""},"mobile":{"background-color":"var(--ast-global-color-5)","background-image":"","background-repeat":"repeat","background-position":"center center","background-size":"auto","background-attachment":"scroll","background-type":"","background-media":"","overlay-type":"","overlay-color":"","overlay-opacity":"","overlay-gradient":""}},"footnotes":""},"categories":[8,1],"tags":[],"class_list":["post-4171","post","type-post","status-publish","format-standard","has-post-thumbnail","hentry","category-noticias","category-sin-categoria"],"_links":{"self":[{"href":"https:\/\/losperiodistas.com.mx\/portal\/wp-json\/wp\/v2\/posts\/4171","targetHints":{"allow":["GET"]}}],"collection":[{"href":"https:\/\/losperiodistas.com.mx\/portal\/wp-json\/wp\/v2\/posts"}],"about":[{"href":"https:\/\/losperiodistas.com.mx\/portal\/wp-json\/wp\/v2\/types\/post"}],"author":[{"embeddable":true,"href":"https:\/\/losperiodistas.com.mx\/portal\/wp-json\/wp\/v2\/users\/1"}],"replies":[{"embeddable":true,"href":"https:\/\/losperiodistas.com.mx\/portal\/wp-json\/wp\/v2\/comments?post=4171"}],"version-history":[{"count":2,"href":"https:\/\/losperiodistas.com.mx\/portal\/wp-json\/wp\/v2\/posts\/4171\/revisions"}],"predecessor-version":[{"id":4237,"href":"https:\/\/losperiodistas.com.mx\/portal\/wp-json\/wp\/v2\/posts\/4171\/revisions\/4237"}],"wp:featuredmedia":[{"embeddable":true,"href":"https:\/\/losperiodistas.com.mx\/portal\/wp-json\/wp\/v2\/media\/4236"}],"wp:attachment":[{"href":"https:\/\/losperiodistas.com.mx\/portal\/wp-json\/wp\/v2\/media?parent=4171"}],"wp:term":[{"taxonomy":"category","embeddable":true,"href":"https:\/\/losperiodistas.com.mx\/portal\/wp-json\/wp\/v2\/categories?post=4171"},{"taxonomy":"post_tag","embeddable":true,"href":"https:\/\/losperiodistas.com.mx\/portal\/wp-json\/wp\/v2\/tags?post=4171"}],"curies":[{"name":"wp","href":"https:\/\/api.w.org\/{rel}","templated":true}]}}