{"id":4168,"date":"2021-02-03T20:30:12","date_gmt":"2021-02-04T02:30:12","guid":{"rendered":"http:\/\/losperiodistas.com.mx\/portal\/?p=4168"},"modified":"2021-02-03T20:30:12","modified_gmt":"2021-02-04T02:30:12","slug":"mario-marin-el-gober-precioso-es-capturado-en-acapulco-se-escondia-en-casa-de-una-hermana-sinembargo","status":"publish","type":"post","link":"https:\/\/losperiodistas.com.mx\/portal\/mario-marin-el-gober-precioso-es-capturado-en-acapulco-se-escondia-en-casa-de-una-hermana-sinembargo\/","title":{"rendered":"Mario Mar\u00edn, el \u201cGober Precioso\u201d, es capturado en Acapulco. Se escond\u00eda en casa de una hermana | SinEmbargo"},"content":{"rendered":"\n<p style=\"font-size:18px\"><em>Elementos de la Fiscal\u00eda General de la Rep\u00fablica detuvieron Mario Mar\u00edn Torres en Acapulco, Guerrero. El exgobernador de Puebla es acusado del presunto delito de tortura cometido en 2005 contra la periodista Lydia Cacho.<\/em><\/p>\n\n\n\n<p class=\"has-vivid-cyan-blue-color has-text-color has-medium-font-size\">REDACCI\u00d3N SINEMBARGO<\/p>\n\n\n\n<p>Ciudad de M\u00e9xico, 3 de febrero (SinEmbargo).\u2013&nbsp;<strong>Mario Mar\u00edn<\/strong>, el llamado \u201c<strong>Gober Precioso<\/strong>\u201d, exgobernador de Puebla que estuvo a salto de mata durante un a\u00f1o y 10 meses, ha sido capturado por agentes de la Fiscal\u00eda General de la Rep\u00fablica (<strong>FGR<\/strong>) y trasladado a un penal en Canc\u00fan, Quintana Roo, confirmaron esta tarde fuentes oficiales a<strong>&nbsp;SinEmbargo.<\/strong><\/p>\n\n\n\n<blockquote class=\"wp-block-quote is-layout-flow wp-block-quote-is-layout-flow\"><p>\u201cEstaba con algunos familiares en una casa de una hermana\u201d, dijo uno de los agentes federales que participaron en su captura y que lo trasladaron a Canc\u00fan. \u201cEstaba en una colonia alejada de playa, con algunos familiares\u201d, abund\u00f3.<\/p><\/blockquote>\n\n\n\n<p>Mario Mar\u00edn es acusado del presunto delito de tortura en agravio cometido en 2005 contra de la periodista Lydia Cacho.<\/p>\n\n\n\n<p>Miguel Barbosa Huerta, actual Gobernador de Puebla, agradeci\u00f3 a la FGR la detenci\u00f3n de Mario Mar\u00edn.<\/p>\n\n\n\n<figure class=\"wp-block-embed-twitter wp-block-embed is-type-rich is-provider-twitter\"><div class=\"wp-block-embed__wrapper\">\n<blockquote class=\"twitter-tweet\" data-width=\"500\" data-dnt=\"true\"><p lang=\"es\" dir=\"ltr\">El Gobierno de Puebla reconoce a la <a href=\"https:\/\/twitter.com\/FGRMexico?ref_src=twsrc%5Etfw\">@FGRMexico<\/a> su labor de inteligencia para lograr la detenci\u00f3n de Mario Mar\u00edn Torres, esperando que la justicia se aplique con rigor.<\/p>&mdash; Miguel Barbosa \u271e (@MBarbosaMX) <a href=\"https:\/\/twitter.com\/MBarbosaMX\/status\/1357098275774607367?ref_src=twsrc%5Etfw\">February 3, 2021<\/a><\/blockquote><script async src=\"https:\/\/platform.twitter.com\/widgets.js\" charset=\"utf-8\"><\/script>\n<\/div><\/figure>\n\n\n\n<p>El pasado 11 de abril del 2019, la Magistrada Mar\u00eda Elena Su\u00e1rez Pr\u00e9stamo gir\u00f3 las \u00f3rdenes de aprehensi\u00f3n en contra de los cuatro personajes involucrados en una confabulaci\u00f3n contra la autora del libro<em>&nbsp;Los Demonios del Ed\u00e9<\/em>n.<img fetchpriority=\"high\" decoding=\"async\" src=\"https:\/\/i0.wp.com\/sinembargo.mx\/wp-content\/uploads\/2021\/02\/cuartoscuro_334665_digital-e1612392982330.jpeg\" alt=\"\" width=\"700\" height=\"467\"><\/p>\n\n\n\n<p>Mario Mar\u00edn, exgobernador de Puebla (centro) ser\u00e1 trasladado a un penal en Canc\u00fan, Quintana Roo. Foto: Cuartoscuro.<\/p>\n\n\n\n<p>La orden de aprehensi\u00f3n girada en el Primer Tribunal Colegiado del Vig\u00e9simo S\u00e9ptimo Distrito, con sede en Canc\u00fan, adem\u00e1s del exgobernador Mario Mar\u00edn incluy\u00f3 al empresario, Kamel Nacif; al exdirector de la Polic\u00eda Judicial, Hugo Adolfo Karam, y al excomandante Juan S\u00e1nchez Moreno por el delito de secuestro en contra de Lydia Cacho.<\/p>\n\n\n\n<p>El 30 de abril del 2019 la FGR confirm\u00f3, a trav\u00e9s de un comunicado, que la orden de aprehensi\u00f3n en contra de Juan S\u00e1nchez por su probable responsabilidad en la comisi\u00f3n del delito de tortura.<video preload=\"none\" src=\"https:\/\/nv.vi-serve.com\/vis-media\/922\/1639\/EffaBnUBSZ4yGCoG092A_720p.mp4\"><\/p>\n\n\n\n<p>La detenci\u00f3n de Juan S\u00e1nchez Moreno fue realizada por elementos de la Polic\u00eda Federal Ministerial (PFM) en el municipio de Ixtapaluca, Estado de M\u00e9xico, en cumplimiento de la orden girada por la Juez de Quintana Roo.<img decoding=\"async\" src=\"https:\/\/i0.wp.com\/sinembargo.mx\/wp-content\/uploads\/2020\/09\/kamel-nacif-y-mario-marin-estan-en-figa.png\" alt=\"\"><\/p>\n\n\n\n<h4 class=\"wp-block-heading\"><a href=\"https:\/\/www.sinembargo.mx\/22-09-2020\/3864069\">VER M\u00c1S<\/a><\/h4>\n\n\n\n<h5 class=\"wp-block-heading\"><a href=\"https:\/\/www.sinembargo.mx\/22-09-2020\/3864069\">Kamel Nacif y Mario Mar\u00edn est\u00e1n en fuga, pero a\u00fan as\u00ed un Juez les devolvi\u00f3 sus cuentas de banco<\/a><\/h5>\n\n\n\n<p>Sin embargo, a unos meses de ser otorgada esta orden de aprehensi\u00f3n, Lydia Cacho se mostr\u00f3 insatisfecha por los pobres resultados de la FGR e incluso se\u00f1al\u00f3 que el titular de la FGR, Alejandro Gertz Manero, es indiferente y no le interesa seguir el caso contra el exgobernador de Puebla el empresario Kamel Nacif Borge, as\u00ed como el exjefe de la Polic\u00eda Judicial Adolfo Karam Beltr\u00e1n.<\/p>\n\n\n\n<p>Gertz Manero respondi\u00f3 a su vez a la periodista que ya se hab\u00eda emitido la ficha roja para la captura del ex gobernador de Puebla por el delito de tortura.<\/p>\n\n\n\n<p>Lydia Cacho ha sido agredida por ejercer su profesi\u00f3n desde la publicaci\u00f3n del libro&nbsp;<em>Los Demonios del Ed\u00e9n: el poder detr\u00e1s de la pornograf\u00eda infantil<\/em>, donde exhibi\u00f3 una red internacional de delincuencia organizada, encabezada por el empresario Jean Succar Kuri, dedicada a la trata y explotaci\u00f3n sexual de ni\u00f1as y ni\u00f1os de entre 4 y 14 a\u00f1os de edad y en la que se involucran el empresario Kamel Nacif Borge y el exgobernador priista Mario Mar\u00edn Torres.<img decoding=\"async\" src=\"https:\/\/i0.wp.com\/sinembargo.mx\/wp-content\/uploads\/2021\/02\/cuartoscuro_699278_digital-e1612393608342.jpg\" alt=\"mario-marin\" width=\"700\" height=\"369\"><\/p>\n\n\n\n<p>Mario Mar\u00edn, exgobernador de Puebla, evadi\u00f3 la justicia durante un a\u00f1o y 10 meses. Foto: Cuartoscuro.<\/p>\n\n\n\n<p>En septiembre del a\u00f1o pasado la periodista insisti\u00f3 en que Mario Mar\u00edn era protegido por un grupo criminal y se escond\u00eda en Puebla.<\/p>\n\n\n\n<blockquote class=\"wp-block-quote is-layout-flow wp-block-quote-is-layout-flow\"><p>\u201cNos informaron que ya saben, que les consta que Mario Mar\u00edn sigue en Puebla, protegido por un grupo criminal, que no lo han podido detener porque cada vez que se le acercan se mueve dentro de Puebla. Dentro de Puebla no lo pueden detener. Nos lo dijo la Fiscal\u00eda\u201d, expuso en el programa \u201cLos periodistas\u201d de<em>&nbsp;La Octava<\/em>.<\/p><cite><br><\/cite><\/blockquote>\n\n\n\n<p>Fuente: https:\/\/www.sinembargo.mx\/03-02-2021\/3933655<\/p>\n","protected":false},"excerpt":{"rendered":"<p>Elementos de la Fiscal\u00eda General de la Rep\u00fablica detuvieron Mario Mar\u00edn Torres en Acapulco, Guerrero. El exgobernador de Puebla es [&hellip;]<\/p>\n","protected":false},"author":1,"featured_media":4169,"comment_status":"open","ping_status":"open","sticky":false,"template":"","format":"standard","meta":{"site-sidebar-layout":"default","site-content-layout":"","ast-site-content-layout":"default","site-content-style":"default","site-sidebar-style":"default","ast-global-header-display":"","ast-banner-title-visibility":"","ast-main-header-display":"","ast-hfb-above-header-display":"","ast-hfb-below-header-display":"","ast-hfb-mobile-header-display":"","site-post-title":"","ast-breadcrumbs-content":"","ast-featured-img":"","footer-sml-layout":"","theme-transparent-header-meta":"","adv-header-id-meta":"","stick-header-meta":"","header-above-stick-meta":"","header-main-stick-meta":"","header-below-stick-meta":"","astra-migrate-meta-layouts":"default","ast-page-background-enabled":"default","ast-page-background-meta":{"desktop":{"background-color":"var(--ast-global-color-4)","background-image":"","background-repeat":"repeat","background-position":"center center","background-size":"auto","background-attachment":"scroll","background-type":"","background-media":"","overlay-type":"","overlay-color":"","overlay-opacity":"","overlay-gradient":""},"tablet":{"background-color":"","background-image":"","background-repeat":"repeat","background-position":"center center","background-size":"auto","background-attachment":"scroll","background-type":"","background-media":"","overlay-type":"","overlay-color":"","overlay-opacity":"","overlay-gradient":""},"mobile":{"background-color":"","background-image":"","background-repeat":"repeat","background-position":"center center","background-size":"auto","background-attachment":"scroll","background-type":"","background-media":"","overlay-type":"","overlay-color":"","overlay-opacity":"","overlay-gradient":""}},"ast-content-background-meta":{"desktop":{"background-color":"var(--ast-global-color-5)","background-image":"","background-repeat":"repeat","background-position":"center center","background-size":"auto","background-attachment":"scroll","background-type":"","background-media":"","overlay-type":"","overlay-color":"","overlay-opacity":"","overlay-gradient":""},"tablet":{"background-color":"var(--ast-global-color-5)","background-image":"","background-repeat":"repeat","background-position":"center center","background-size":"auto","background-attachment":"scroll","background-type":"","background-media":"","overlay-type":"","overlay-color":"","overlay-opacity":"","overlay-gradient":""},"mobile":{"background-color":"var(--ast-global-color-5)","background-image":"","background-repeat":"repeat","background-position":"center center","background-size":"auto","background-attachment":"scroll","background-type":"","background-media":"","overlay-type":"","overlay-color":"","overlay-opacity":"","overlay-gradient":""}},"footnotes":""},"categories":[8],"tags":[],"class_list":["post-4168","post","type-post","status-publish","format-standard","has-post-thumbnail","hentry","category-noticias"],"_links":{"self":[{"href":"https:\/\/losperiodistas.com.mx\/portal\/wp-json\/wp\/v2\/posts\/4168","targetHints":{"allow":["GET"]}}],"collection":[{"href":"https:\/\/losperiodistas.com.mx\/portal\/wp-json\/wp\/v2\/posts"}],"about":[{"href":"https:\/\/losperiodistas.com.mx\/portal\/wp-json\/wp\/v2\/types\/post"}],"author":[{"embeddable":true,"href":"https:\/\/losperiodistas.com.mx\/portal\/wp-json\/wp\/v2\/users\/1"}],"replies":[{"embeddable":true,"href":"https:\/\/losperiodistas.com.mx\/portal\/wp-json\/wp\/v2\/comments?post=4168"}],"version-history":[{"count":1,"href":"https:\/\/losperiodistas.com.mx\/portal\/wp-json\/wp\/v2\/posts\/4168\/revisions"}],"predecessor-version":[{"id":4170,"href":"https:\/\/losperiodistas.com.mx\/portal\/wp-json\/wp\/v2\/posts\/4168\/revisions\/4170"}],"wp:featuredmedia":[{"embeddable":true,"href":"https:\/\/losperiodistas.com.mx\/portal\/wp-json\/wp\/v2\/media\/4169"}],"wp:attachment":[{"href":"https:\/\/losperiodistas.com.mx\/portal\/wp-json\/wp\/v2\/media?parent=4168"}],"wp:term":[{"taxonomy":"category","embeddable":true,"href":"https:\/\/losperiodistas.com.mx\/portal\/wp-json\/wp\/v2\/categories?post=4168"},{"taxonomy":"post_tag","embeddable":true,"href":"https:\/\/losperiodistas.com.mx\/portal\/wp-json\/wp\/v2\/tags?post=4168"}],"curies":[{"name":"wp","href":"https:\/\/api.w.org\/{rel}","templated":true}]}}