{"id":4116,"date":"2021-02-01T22:03:38","date_gmt":"2021-02-02T04:03:38","guid":{"rendered":"http:\/\/losperiodistas.com.mx\/portal\/?p=4116"},"modified":"2021-02-02T08:07:22","modified_gmt":"2021-02-02T14:07:22","slug":"obras-por-181-millones-de-pesos-entre-sedatu-y-ayuntamiento-de-puebla","status":"publish","type":"post","link":"https:\/\/losperiodistas.com.mx\/portal\/obras-por-181-millones-de-pesos-entre-sedatu-y-ayuntamiento-de-puebla\/","title":{"rendered":"Obras por 181 millones de pesos entre Sedatu y Ayuntamiento de Puebla"},"content":{"rendered":"\n<p class=\"has-vivid-cyan-blue-color has-text-color has-medium-font-size\">REDACCI\u00d3N<\/p>\n\n\n\n<p>El titular de la Secretar\u00eda de Desarrollo Agrario, Territorial y Urbano (Sedatu), Rom\u00e1n Meyer Falc\u00f3n, y la Presidenta Municipal, Claudia Rivera Vivanco, realizaron un ejercicio de evaluaci\u00f3n y seguimiento de los espacios donde se invertir\u00e1n m\u00e1s de 181 millones de pesos para el desarrollo de cuatro obras de infraestructura social que contempla el Programa de Mejoramiento Urbano (PMU).&nbsp;Se trata de cuatro proyectos de rehabilitaci\u00f3n integral de espacios p\u00fablicos, donde la Federaci\u00f3n y el Municipio trabajar\u00e1n de la mano para dignificar 61 mil 598 metros cuadrados de entornos comunitarios y zonas populares de altas tasas de marginaci\u00f3n y violencia.&nbsp;Estas intervenciones determinadas por las necesidades locales en materia de reactivaci\u00f3n econ\u00f3mica, reducci\u00f3n del d\u00e9ficit de infraestructura social y el mejoramiento en la calidad de vida de las y los habitantes son:<\/p>\n\n\n\n<ul class=\"wp-block-list\"><li>Renovaci\u00f3n del Z\u00f3calo de Puebla<\/li><li>Construcci\u00f3n del Mercado Amalucan<\/li><li>Construcci\u00f3n de Parque de Barrio, en la colonia M\u00e9xico 83<\/li><li>Construcci\u00f3n de \u00c1gora, Casa de Cultura, Clicloestacionamiento, Mercado, Paseo y Parque Lineal \u201cPlanta Hidroel\u00e9ctrica Carmela\u201d<\/li><\/ul>\n\n\n\n<p>Durante este recorrido, la Sedatu y el Ayuntamiento de Puebla valoraron las condiciones de las cuatro zonas de la ciudad donde se ejecutar\u00e1n acciones en materia de equipamiento urbano, acondicionamiento de entornos sociales, movilidad, conectividad, infraestructura urbana, vivienda y escrituraci\u00f3n.Visto\u00a0<strong>176<\/strong>\u00a0veces<\/p>\n\n\n\n<p>Fuente: https:\/\/www.pueblacapital.gob.mx\/noticias\/noticias-destacadas\/item\/14732-sedatu-y-ayuntamiento-de-puebla-desarrollaran-obras-por-181-millones<\/p>\n","protected":false},"excerpt":{"rendered":"<p>REDACCI\u00d3N El titular de la Secretar\u00eda de Desarrollo Agrario, Territorial y Urbano (Sedatu), Rom\u00e1n Meyer Falc\u00f3n, y la Presidenta Municipal, [&hellip;]<\/p>\n","protected":false},"author":1,"featured_media":4117,"comment_status":"open","ping_status":"open","sticky":false,"template":"","format":"standard","meta":{"site-sidebar-layout":"default","site-content-layout":"","ast-site-content-layout":"default","site-content-style":"default","site-sidebar-style":"default","ast-global-header-display":"","ast-banner-title-visibility":"","ast-main-header-display":"","ast-hfb-above-header-display":"","ast-hfb-below-header-display":"","ast-hfb-mobile-header-display":"","site-post-title":"","ast-breadcrumbs-content":"","ast-featured-img":"","footer-sml-layout":"","theme-transparent-header-meta":"","adv-header-id-meta":"","stick-header-meta":"","header-above-stick-meta":"","header-main-stick-meta":"","header-below-stick-meta":"","astra-migrate-meta-layouts":"default","ast-page-background-enabled":"default","ast-page-background-meta":{"desktop":{"background-color":"var(--ast-global-color-4)","background-image":"","background-repeat":"repeat","background-position":"center center","background-size":"auto","background-attachment":"scroll","background-type":"","background-media":"","overlay-type":"","overlay-color":"","overlay-opacity":"","overlay-gradient":""},"tablet":{"background-color":"","background-image":"","background-repeat":"repeat","background-position":"center center","background-size":"auto","background-attachment":"scroll","background-type":"","background-media":"","overlay-type":"","overlay-color":"","overlay-opacity":"","overlay-gradient":""},"mobile":{"background-color":"","background-image":"","background-repeat":"repeat","background-position":"center center","background-size":"auto","background-attachment":"scroll","background-type":"","background-media":"","overlay-type":"","overlay-color":"","overlay-opacity":"","overlay-gradient":""}},"ast-content-background-meta":{"desktop":{"background-color":"var(--ast-global-color-5)","background-image":"","background-repeat":"repeat","background-position":"center center","background-size":"auto","background-attachment":"scroll","background-type":"","background-media":"","overlay-type":"","overlay-color":"","overlay-opacity":"","overlay-gradient":""},"tablet":{"background-color":"var(--ast-global-color-5)","background-image":"","background-repeat":"repeat","background-position":"center center","background-size":"auto","background-attachment":"scroll","background-type":"","background-media":"","overlay-type":"","overlay-color":"","overlay-opacity":"","overlay-gradient":""},"mobile":{"background-color":"var(--ast-global-color-5)","background-image":"","background-repeat":"repeat","background-position":"center center","background-size":"auto","background-attachment":"scroll","background-type":"","background-media":"","overlay-type":"","overlay-color":"","overlay-opacity":"","overlay-gradient":""}},"footnotes":""},"categories":[8],"tags":[],"class_list":["post-4116","post","type-post","status-publish","format-standard","has-post-thumbnail","hentry","category-noticias"],"_links":{"self":[{"href":"https:\/\/losperiodistas.com.mx\/portal\/wp-json\/wp\/v2\/posts\/4116","targetHints":{"allow":["GET"]}}],"collection":[{"href":"https:\/\/losperiodistas.com.mx\/portal\/wp-json\/wp\/v2\/posts"}],"about":[{"href":"https:\/\/losperiodistas.com.mx\/portal\/wp-json\/wp\/v2\/types\/post"}],"author":[{"embeddable":true,"href":"https:\/\/losperiodistas.com.mx\/portal\/wp-json\/wp\/v2\/users\/1"}],"replies":[{"embeddable":true,"href":"https:\/\/losperiodistas.com.mx\/portal\/wp-json\/wp\/v2\/comments?post=4116"}],"version-history":[{"count":1,"href":"https:\/\/losperiodistas.com.mx\/portal\/wp-json\/wp\/v2\/posts\/4116\/revisions"}],"predecessor-version":[{"id":4118,"href":"https:\/\/losperiodistas.com.mx\/portal\/wp-json\/wp\/v2\/posts\/4116\/revisions\/4118"}],"wp:featuredmedia":[{"embeddable":true,"href":"https:\/\/losperiodistas.com.mx\/portal\/wp-json\/wp\/v2\/media\/4117"}],"wp:attachment":[{"href":"https:\/\/losperiodistas.com.mx\/portal\/wp-json\/wp\/v2\/media?parent=4116"}],"wp:term":[{"taxonomy":"category","embeddable":true,"href":"https:\/\/losperiodistas.com.mx\/portal\/wp-json\/wp\/v2\/categories?post=4116"},{"taxonomy":"post_tag","embeddable":true,"href":"https:\/\/losperiodistas.com.mx\/portal\/wp-json\/wp\/v2\/tags?post=4116"}],"curies":[{"name":"wp","href":"https:\/\/api.w.org\/{rel}","templated":true}]}}