{"id":40923,"date":"2022-11-11T08:44:40","date_gmt":"2022-11-11T14:44:40","guid":{"rendered":"http:\/\/losperiodistas.com.mx\/portal\/?p=40923"},"modified":"2022-11-11T08:44:42","modified_gmt":"2022-11-11T14:44:42","slug":"jeremy-rifkin-vivimos-el-mayor-cambio-de-la-historia-pero-somos-la-especie-con-mas-capacidad-de-adaptacion-papel","status":"publish","type":"post","link":"https:\/\/losperiodistas.com.mx\/portal\/jeremy-rifkin-vivimos-el-mayor-cambio-de-la-historia-pero-somos-la-especie-con-mas-capacidad-de-adaptacion-papel\/","title":{"rendered":"Jeremy Rifkin: \u00abVivimos el mayor cambio de la historia, pero somos la especie con m\u00e1s capacidad de adaptaci\u00f3n\u00bb | Papel"},"content":{"rendered":"\n<p class=\"has-pale-cyan-blue-background-color has-background has-medium-font-size\">El pensador augura que los humanos nos adentramos en la &#8216;era de la resiliencia&#8217; para afrontar el impacto del cambio clim\u00e1tico. Pero se muestra optimista y aboga por una \u00abgobernanza biorregional\u00bb<\/p>\n\n\n\n<p><\/p>\n\n\n\n<figure class=\"wp-block-image size-large is-style-default\"><img fetchpriority=\"high\" decoding=\"async\" width=\"910\" height=\"1024\" src=\"https:\/\/losperiodistas.com.mx\/portal\/wp-content\/uploads\/2022\/11\/16680203681585-910x1024.jpg\" alt=\"\" class=\"wp-image-40924\" srcset=\"https:\/\/losperiodistas.com.mx\/portal\/wp-content\/uploads\/2022\/11\/16680203681585-910x1024.jpg 910w, https:\/\/losperiodistas.com.mx\/portal\/wp-content\/uploads\/2022\/11\/16680203681585-267x300.jpg 267w, https:\/\/losperiodistas.com.mx\/portal\/wp-content\/uploads\/2022\/11\/16680203681585-768x864.jpg 768w, https:\/\/losperiodistas.com.mx\/portal\/wp-content\/uploads\/2022\/11\/16680203681585.jpg 990w\" sizes=\"(max-width: 910px) 100vw, 910px\" \/><\/figure>\n\n\n\n<p><\/p>\n\n\n\n<p class=\"has-vivid-cyan-blue-color has-text-color has-medium-font-size\">IRENE HDEZ. VELASCO \/ PAPEL<\/p>\n\n\n\n<p>Sabemos que nuestras u\u00f1as y nuestras c\u00e9lulas capilares mueren, dejando espacio a que surjan otras nuevas. Sin embargo, estamos convencidos de que cada uno de nosotros es un yo \u00fanico y perdurable en el tiempo.<\/p>\n\n\n\n<p>No es as\u00ed. Nuestros gl\u00f3bulos rojos tienen&nbsp;una vida media de cuatro meses, las c\u00e9lulas que recubren el est\u00f3mago duran cinco d\u00edas, nuestro esqueleto se renueva casi entero en el transcurso de una d\u00e9cada,&nbsp;<strong>el h\u00edgado se reemplaza pasados entre 300 y 500 d\u00edas<\/strong>, las c\u00e9lulas de los m\u00fasculos de las costillas tienen una vida media de 15,1 a\u00f1os&#8230; Desde una perspectiva estrictamente f\u00edsica, un adulto maduro puede tener s\u00f3lo 10 o menos a\u00f1os.<\/p>\n\n\n\n<p>Y no s\u00f3lo eso: dentro de cada uno de nosotros viven 38 billones de bacterias y 380 billones de virus. Si sumamos todas las especies que cohabitan en nuestro interior, resulta que las c\u00e9lulas humanas&nbsp;<strong>s\u00f3lo constituyen el 43% del recuento total<\/strong>: el 57% restante son c\u00e9lulas de todos esos microorganismos que moran en nosotros.<\/p>\n\n\n\n<p>\u00abAdem\u00e1s solamente hay 20.000 genes humanos en un cuerpo, mientras que \u00e9ste alberga millones de otros genes que pertenecen a esas otras criaturas; es toda una revelaci\u00f3n basada en los nuevos descubrimientos de nuestra aut\u00e9ntica constituci\u00f3n biol\u00f3gica\u00bb, cuenta&nbsp;<strong>Jeremy Rifkin (Denver, 1945)<\/strong>, uno de los m\u00e1s relevantes pensadores econ\u00f3micos del mundo e impulsor de los planes de la Uni\u00f3n Europea y China para progresar hacia una Tercera Revoluci\u00f3n Industrial capaz de afrontar el cambio clim\u00e1tico, adem\u00e1s de autor de 22 libros sobre el impacto que los cambios cient\u00edficos y tecnol\u00f3gicos tienen en la fuerza de trabajo, la sociedad, el medioambiente&#8230;<\/p>\n\n\n\n<p>Rifkin est\u00e1 convencido de que esos descubrimientos que establecen nuestra profunda relaci\u00f3n con el planeta (desde los campos magn\u00e9ticos hasta los ciclos circadianos) desencadenar\u00e1n una reconsideraci\u00f3n fundamental de lo que significa el ser humano en su sentido biol\u00f3gico m\u00e1s profundo y llevar\u00e1n a nuestra especie a&nbsp;<strong>entablar una nueva y salv\u00edfica relaci\u00f3n con la Tierra.<\/strong><\/p>\n\n\n\n<p>\u00abEl ser humano es un ecosistema, y no lo digo en t\u00e9rminos metaf\u00f3ricos, sino literales:&nbsp;<strong>no somos seres aut\u00f3nomos<\/strong>, somos un ecosistema, y esa idea lo va a cambiar todo\u00bb, sentencia. \u00abEl planeta es mucho m\u00e1s poderoso de lo que jam\u00e1s imaginamos y nosotros somos mucho m\u00e1s peque\u00f1os de lo que pens\u00e1bamos. El planeta no nos necesita, somos irrelevantes para \u00e9l. La era del progreso est\u00e1 muriendo. Y est\u00e1 surgiendo la era de la resiliencia\u00bb, asegura por videoconferencia desde EEUU.<\/p>\n\n\n\n<p><a href=\"https:\/\/amzn.to\/3WNjQ3a\"><em>La era de la resiliencia<\/em><\/a>&nbsp;se titula precisamente el nuevo libro de Rifkin, publicado en Espa\u00f1a por Paid\u00f3s,&nbsp;<strong>fruto de nueve a\u00f1os de trabajo<\/strong>&nbsp;y en el que, a lo largo de 381 p\u00e1ginas, disecciona con precisi\u00f3n y apoy\u00e1ndose en numerosos estudios c\u00f3mo hemos llegado a transformar el planeta de manera dr\u00e1stica y c\u00f3mo saldremos de esta encrucijada.<\/p>\n\n\n\n<p>[Spoiler: lo conseguiremos cuando entendamos que no podemos seguir desvinculados de la naturaleza y pongamos en marcha un modelo econ\u00f3mico diferente, que ya empieza a vislumbrarse y que establecer\u00e1 una nueva relaci\u00f3n con el mundo natural. \u00abTras miles de a\u00f1os de adaptar la naturaleza a nosotros en t\u00e9rminos temporales, ahora tenemos que adaptarnos nosotros a la naturaleza\u00bb, dice Rifkin.\u00a0<strong>\u00abEs el mayor reajuste de la Historia y es ah\u00ed a d\u00f3nde nos dirigimos\u00bb].<\/strong><\/p>\n\n\n\n<p class=\"has-cyan-bluish-gray-background-color has-background\">PARA SABER M\u00c1S<\/p>\n\n\n\n<p class=\"has-cyan-bluish-gray-background-color has-background\"><a href=\"https:\/\/www.elmundo.es\/papel\/el-mundo-que-viene\/2021\/01\/26\/6001b62afdddff21928b462b.html\">\u00abEl Brexit es una estupidez terrible pero nos obliga a liderar la acci\u00f3n clim\u00e1tica\u00bb<\/a><\/p>\n\n\n\n<p class=\"has-cyan-bluish-gray-background-color has-background\">\u00a0<a href=\"https:\/\/www.elmundo.es\/papel\/el-mundo-que-viene\/2019\/12\/12\/5df20e5dfdddff707b8b45f8.html\">\u00abLa destrucci\u00f3n de la vida en la Tierra s\u00f3lo se evitar\u00e1 si genera beneficios econ\u00f3micos\u00bb<\/a><\/p>\n\n\n\n<p class=\"has-cyan-bluish-gray-background-color has-background\"><a href=\"https:\/\/www.elmundo.es\/papel\/el-mundo-que-viene\/2019\/12\/12\/5df20e5dfdddff707b8b45f8.html\">\u00abLa destrucci\u00f3n de la vida en la Tierra s\u00f3lo se evitar\u00e1 si genera beneficios econ\u00f3micos\u00bb<\/a><\/p>\n\n\n\n<p>La buena noticia es que la adaptabilidad est\u00e1 incrustada en los relojes biol\u00f3gicos de los humanos. Durante aproximadamente el 95% de nuestros 200.000 a\u00f1os de existencia nos hemos adaptado instante tras instante a lo que suced\u00eda en el planeta, dejando apenas una m\u00ednima impronta en \u00e9l. \u00abSomos probablemente la especie&nbsp;<strong>con m\u00e1s capacidad de adaptaci\u00f3n del planeta<\/strong>, con la excepci\u00f3n de bacterias y virus. Tenemos un cerebro grande, neoc\u00f3rtex y lenguaje, as\u00ed que podemos compartir lo que aprendemos. Y lo m\u00e1s importante: tenemos empat\u00eda en nuestro circuito neuronal\u00bb, asegura.<\/p>\n\n\n\n<p>La mala noticia es que si, ahora no avanzamos hacia la&nbsp;<strong>biofilia<\/strong>, corremos el riesgo de extinguirnos a causa del calentamiento global. \u00abSi no nos adaptamos desapareceremos, no sobreviviremos\u00bb, vaticina.<\/p>\n\n\n\n<p>Para empezar, habr\u00eda m\u00e1s y m\u00e1s pandemias, porque estamos aniquilando la vida salvaje. \u00abCuando naci\u00f3 mi padre en 1908, el 85 % del planeta era tierra virgen. Ahora s\u00f3lo lo es el 24% y va de camino de cero. Los virus est\u00e1n migrando, se dirigen hacia las civilizaciones urbanizadas\u00bb, advierte Rifkin.<\/p>\n\n\n\n<figure class=\"wp-block-pullquote has-background\" style=\"background-color:#f9f6e1\"><blockquote><p><strong>Se necesitan 500 a\u00f1os para regenerar una sola pulgada de suelo vegetal<\/strong><\/p><\/blockquote><\/figure>\n\n\n\n<p>Una tercera parte de la capa superficial del suelo (el denominado suelo vegetal o arable) se ha degradado en todo el planeta durante la era industrial, y los cient\u00edficos advierten que la parte restante probablemente s\u00f3lo podr\u00e1 alimentar a la poblaci\u00f3n mundial durante otros 60 a\u00f1os. \u00abY&nbsp;<strong>se necesitan 500 a\u00f1os para regenerar una sola pulgada<\/strong>&nbsp;(unos 2,5 cent\u00edmetros) de suelo vegetal\u00bb, se\u00f1ala.<\/p>\n\n\n\n<p>Mientras tanto, el ox\u00edgeno del planeta se reduce a un ritmo alarmante. El fitoplancton de los oc\u00e9anos, responsable de la producci\u00f3n de la mitad del ox\u00edgeno, se ve amenazado por el aumento de la temperatura del agua. Hay estudios que calculan que en 2100 las p\u00e9rdidas de fitoplancton podr\u00edan agotar el ox\u00edgeno de los oc\u00e9anos a escala global. Y se multiplicar\u00edan las inundaciones, los huracanes y las sequ\u00edas.<\/p>\n\n\n\n<p>Rifkin no duda en se\u00f1alar como grandes responsables de esa situaci\u00f3n dram\u00e1tica a la comunidad cient\u00edfica, el estamento econ\u00f3mico y la comunidad empresarial, que en nombre de la eficiencia y de la&nbsp;<strong>productividad han explotado hasta casi agotar los recursos de la naturaleza<\/strong>&nbsp;para consumo exclusivo de nuestra especie, como si el planeta fuera un recurso pasivo y desvinculado de los propios seres humanos.<\/p>\n\n\n\n<p>Sin embargo, este soci\u00f3logo y economista se muestra \u00abcautamente optimista\u00bb de nos sobreprondremos a esta situaci\u00f3n, de que dejaremos atr\u00e1s la era del progreso para adentrarnos en la de la resilencia. Por dos motivos: porque nuestra especie&nbsp;<strong>es especialmente buena a la hora de adaptarse<\/strong>&nbsp;y porque a estas alturas apenas queda nadie que no d\u00e9 por muerta la era del progreso.<\/p>\n\n\n\n<p>\u00abOtro motivo para el optimismo es ver que la Generaci\u00f3n Z protesta contra el cambio clim\u00e1tico. En esas manifestaciones, millones de chicos y chicas de todo el mundo salen de sus centros educativos y toman las calles, pac\u00edficamente, haciendo un llamamiento a la emergencia clim\u00e1tica. Esas manifestaciones no se asemejan a ninguna otra en la historia. Es la primera vez en que un grupo -independientemente de todas las l\u00edneas divisorias, como religi\u00f3n, ideolog\u00eda o geograf\u00eda- se ve como una especie, como una especie en peligro, al igual que muchos familiares del reino animal. Y ese es un gran cambio de conciencia, supone avanzar hacia una relaci\u00f3n de biofilia que nos devuelve a la naturaleza\u00bb.<\/p>\n\n\n\n<p>La nueva era de la resiliencia que vislumbra Rifkin ver\u00e1 el desarrollo de las ecorregiones en detrimento de los gobiernos estatales. La gobernanza pasar\u00e1 de la soberan\u00eda sobre los recursos naturales a la gesti\u00f3n responsable de ecosistemas regionales. \u00abA las cat\u00e1strofes clim\u00e1ticas le importan un comino las fronteras pol\u00edticas. Ese es el motivo por el cual necesitamos&nbsp;<strong>una gobernanza biorregional<\/strong>\u00bb, subraya.<\/p>\n\n\n\n<p>Su idea es que cada comunidad local asuma la responsabilidad de adaptarse y gestionar sus 19 kil\u00f3metros de biosfera, la franja que abarca la litosfera, la hidrosfera y la atm\u00f3sfera, la zona de la Tierra donde se desarrolla la vida. \u00abCuando se producen desastres clim\u00e1ticos, toda la sociedad civil sale a la calle, todos ayudan, porque se ven a s\u00ed mismos como parte de la comunidad. As\u00ed que, cuanto m\u00e1s avancemos hacia la gobernanza biorregional, m\u00e1s gente comenzar\u00e1 a cooperar y a empatizar\u00bb, pronostica.<\/p>\n\n\n\n<p>EEUU ya cuenta con varias biorregiones, como la de Cascadia, que a\u00fana buena parte de la zona noroeste del pa\u00eds con partes de Canad\u00e1 y que desde hace 30 a\u00f1os posee un sistema jur\u00eddico muy desarrollado que le permite abordar de forma conjunta las decisiones que ata\u00f1en a ese ecosistema. Y lo mismo sucede con la biorregi\u00f3n de los Grandes Lagos,&nbsp;<strong>que alberga el 20% de todo el agua dulce del planeta<\/strong>&nbsp;y cuya gesti\u00f3n recae en los ocho estados de EEUU y las dos provincias canadienses (Quebec y Ontario) que forman parte de ella. \u00abY China, con cuyo gobierno trabajo, anunci\u00f3 en septiembre la creaci\u00f3n del Ministerio de Ecolog\u00eda y la creaci\u00f3n de ocho biorregiones\u00bb, subraya Rifkin.<\/p>\n\n\n\n<p>Europa hasta ahora no ha creado ninguna y eso que los cient\u00edficos advierten que la cuenca mediterr\u00e1nea es una de las zonas del planeta en estado m\u00e1s cr\u00edtico. Pero la era de la resiliencia tambi\u00e9n ver\u00e1 a los ciudadanos implicarse mucho m\u00e1s en la gesti\u00f3n de sus biorregiones, a trav\u00e9s de asambleas ciudadanas basadas en un liderazgo paritario.<\/p>\n\n\n\n<figure class=\"wp-block-pullquote has-background\" style=\"background-color:#f9f6e1\"><blockquote><p><strong>En Alemania ya hay miles de las llamadas escuelas forestales<\/strong><\/p><\/blockquote><\/figure>\n\n\n\n<p>Rifkin es consciente de que todo paradigma trasformador debe reunir tres componentes: nuevas formas de comunicaci\u00f3n, nuevas formas de energ\u00eda y potencia y nuevas modalidades de transporte y log\u00edstica. Pero ya estamos manos a la obra en ese cambio&#8230;<\/p>\n\n\n\n<p>Millones de granjeros y ganaderos, propietarios de casas, de empresas, de asociaciones vecinales y un largo etc\u00e9tera ya est\u00e1n generando electricidad solar y e\u00f3lica, y&nbsp;<strong>vendiendo sus excedentes a un internet digitalizado de electricidad continental<\/strong>&nbsp;cada vez m\u00e1s integrado. Y a medida que se abaraten la banda ancha, las energ\u00edas renovables y los servicios de coches compartidos aut\u00f3nomos, seguir\u00e1 expendi\u00e9ndose la revoluci\u00f3n resiliente.<\/p>\n\n\n\n<p>\u00abEstamos pasando de mercados de compradores y vendedores a redes de usuarios y proveedores\u00bb, dice. \u00abDe cadenas de valor centralizadas a cadenas de valor distribuidas, de la propiedad intelectual al conocimiento compartido de libre acceso, de grandes conglomerados corporativos<strong>&nbsp;a peque\u00f1as y medianas empresas de alta tecnolog\u00eda en forma de cooperativas<\/strong>. Es un modelo econ\u00f3mico totalmente diferente\u00bb.<\/p>\n\n\n\n<p>Pero, adem\u00e1s Rifkin apuesta por cambios en el sistema educativo para que \u00e9ste deje de inculcar a los ni\u00f1os que los de la naturaleza son recursos pasivos a los que los seres humanos damos valor convirti\u00e9ndolos en productos y servicios. \u00abEn Alemania ya hay miles de&nbsp;<strong>las llamadas escuelas forestales<\/strong>, cientos en EEUU. Son geniales: a lo largo de todo el a\u00f1o, se llevan fuera a los ni\u00f1os, llueva o haga sol, y les ense\u00f1an a estar conectados con la naturaleza, a no a ser aut\u00f3nomos\u00bb.<\/p>\n\n\n\n<p>Porque en \u00faltima instancia de lo que se trata es de hacer lo que proclama el subt\u00edtulo del nuevo libro de Rifkin: Reimaginar la existencia, resilvestrar la Tierra.<\/p>\n\n\n\n<h2 class=\"wp-block-heading\"><\/h2>\n\n\n\n<p><em>La era de la resiliencia<\/em>, de Jeremy Rifkin (Ed Paid\u00f3s), ya est\u00e1 a la venta. Puede comprarlo\u00a0<a href=\"https:\/\/amzn.to\/3WNjQ3a\">aqu\u00ed.<\/a><\/p>\n\n\n\n<p>Fuente: https:\/\/www.elmundo.es\/papel\/lideres\/2022\/11\/09\/636befdee4d4d8b0318b4582.html<\/p>\n","protected":false},"excerpt":{"rendered":"<p>El pensador augura que los humanos nos adentramos en la &#8216;era de la resiliencia&#8217; para afrontar el impacto del cambio [&hellip;]<\/p>\n","protected":false},"author":1,"featured_media":40924,"comment_status":"open","ping_status":"open","sticky":false,"template":"","format":"standard","meta":{"site-sidebar-layout":"default","site-content-layout":"","ast-site-content-layout":"default","site-content-style":"default","site-sidebar-style":"default","ast-global-header-display":"","ast-banner-title-visibility":"","ast-main-header-display":"","ast-hfb-above-header-display":"","ast-hfb-below-header-display":"","ast-hfb-mobile-header-display":"","site-post-title":"","ast-breadcrumbs-content":"","ast-featured-img":"","footer-sml-layout":"","theme-transparent-header-meta":"","adv-header-id-meta":"","stick-header-meta":"","header-above-stick-meta":"","header-main-stick-meta":"","header-below-stick-meta":"","astra-migrate-meta-layouts":"default","ast-page-background-enabled":"default","ast-page-background-meta":{"desktop":{"background-color":"var(--ast-global-color-4)","background-image":"","background-repeat":"repeat","background-position":"center center","background-size":"auto","background-attachment":"scroll","background-type":"","background-media":"","overlay-type":"","overlay-color":"","overlay-opacity":"","overlay-gradient":""},"tablet":{"background-color":"","background-image":"","background-repeat":"repeat","background-position":"center center","background-size":"auto","background-attachment":"scroll","background-type":"","background-media":"","overlay-type":"","overlay-color":"","overlay-opacity":"","overlay-gradient":""},"mobile":{"background-color":"","background-image":"","background-repeat":"repeat","background-position":"center center","background-size":"auto","background-attachment":"scroll","background-type":"","background-media":"","overlay-type":"","overlay-color":"","overlay-opacity":"","overlay-gradient":""}},"ast-content-background-meta":{"desktop":{"background-color":"var(--ast-global-color-5)","background-image":"","background-repeat":"repeat","background-position":"center center","background-size":"auto","background-attachment":"scroll","background-type":"","background-media":"","overlay-type":"","overlay-color":"","overlay-opacity":"","overlay-gradient":""},"tablet":{"background-color":"var(--ast-global-color-5)","background-image":"","background-repeat":"repeat","background-position":"center center","background-size":"auto","background-attachment":"scroll","background-type":"","background-media":"","overlay-type":"","overlay-color":"","overlay-opacity":"","overlay-gradient":""},"mobile":{"background-color":"var(--ast-global-color-5)","background-image":"","background-repeat":"repeat","background-position":"center center","background-size":"auto","background-attachment":"scroll","background-type":"","background-media":"","overlay-type":"","overlay-color":"","overlay-opacity":"","overlay-gradient":""}},"footnotes":""},"categories":[8],"tags":[13712,13711],"class_list":["post-40923","post","type-post","status-publish","format-standard","has-post-thumbnail","hentry","category-noticias","tag-gobernanza-biorregional","tag-jeremy-rifkin"],"_links":{"self":[{"href":"https:\/\/losperiodistas.com.mx\/portal\/wp-json\/wp\/v2\/posts\/40923","targetHints":{"allow":["GET"]}}],"collection":[{"href":"https:\/\/losperiodistas.com.mx\/portal\/wp-json\/wp\/v2\/posts"}],"about":[{"href":"https:\/\/losperiodistas.com.mx\/portal\/wp-json\/wp\/v2\/types\/post"}],"author":[{"embeddable":true,"href":"https:\/\/losperiodistas.com.mx\/portal\/wp-json\/wp\/v2\/users\/1"}],"replies":[{"embeddable":true,"href":"https:\/\/losperiodistas.com.mx\/portal\/wp-json\/wp\/v2\/comments?post=40923"}],"version-history":[{"count":1,"href":"https:\/\/losperiodistas.com.mx\/portal\/wp-json\/wp\/v2\/posts\/40923\/revisions"}],"predecessor-version":[{"id":40925,"href":"https:\/\/losperiodistas.com.mx\/portal\/wp-json\/wp\/v2\/posts\/40923\/revisions\/40925"}],"wp:featuredmedia":[{"embeddable":true,"href":"https:\/\/losperiodistas.com.mx\/portal\/wp-json\/wp\/v2\/media\/40924"}],"wp:attachment":[{"href":"https:\/\/losperiodistas.com.mx\/portal\/wp-json\/wp\/v2\/media?parent=40923"}],"wp:term":[{"taxonomy":"category","embeddable":true,"href":"https:\/\/losperiodistas.com.mx\/portal\/wp-json\/wp\/v2\/categories?post=40923"},{"taxonomy":"post_tag","embeddable":true,"href":"https:\/\/losperiodistas.com.mx\/portal\/wp-json\/wp\/v2\/tags?post=40923"}],"curies":[{"name":"wp","href":"https:\/\/api.w.org\/{rel}","templated":true}]}}