{"id":40920,"date":"2022-11-11T08:34:07","date_gmt":"2022-11-11T14:34:07","guid":{"rendered":"http:\/\/losperiodistas.com.mx\/portal\/?p=40920"},"modified":"2022-11-11T08:34:13","modified_gmt":"2022-11-11T14:34:13","slug":"guerra-ucrania-rusia-la-bandera-ucraniana-ya-ondea-en-jerson-y-rusia-afirma-haber-completado-su-retirada-sin-bajas-el-confidencial","status":"publish","type":"post","link":"https:\/\/losperiodistas.com.mx\/portal\/guerra-ucrania-rusia-la-bandera-ucraniana-ya-ondea-en-jerson-y-rusia-afirma-haber-completado-su-retirada-sin-bajas-el-confidencial\/","title":{"rendered":"Guerra Ucrania Rusia\u00a0| La bandera ucraniana ya ondea en Jers\u00f3n y Rusia afirma haber completado su retirada sin bajas | El Confidencial"},"content":{"rendered":"\n<h2 class=\"has-luminous-vivid-orange-background-color has-background has-medium-font-size wp-block-heading\">El bombardeo ruso ha alcanzado un edificio residencial matando a al menos 7 personas. Mientras, el Ej\u00e9rcito ruso ha afirmado que ha completado sin bajas su retirada de Jers\u00f3n, donde ya ondea la bandera ucraniana<\/h2>\n\n\n\n<figure class=\"wp-block-image size-large is-resized is-style-default\"><img fetchpriority=\"high\" decoding=\"async\" src=\"https:\/\/losperiodistas.com.mx\/portal\/wp-content\/uploads\/2022\/11\/f.elconfidencial.com_original_033_2bf_c2a_0332bfc2af29983388929e9210490ab5-1024x576.jpg\" alt=\"\" class=\"wp-image-40921\" width=\"840\" height=\"472\" srcset=\"https:\/\/losperiodistas.com.mx\/portal\/wp-content\/uploads\/2022\/11\/f.elconfidencial.com_original_033_2bf_c2a_0332bfc2af29983388929e9210490ab5-1024x576.jpg 1024w, https:\/\/losperiodistas.com.mx\/portal\/wp-content\/uploads\/2022\/11\/f.elconfidencial.com_original_033_2bf_c2a_0332bfc2af29983388929e9210490ab5-300x169.jpg 300w, https:\/\/losperiodistas.com.mx\/portal\/wp-content\/uploads\/2022\/11\/f.elconfidencial.com_original_033_2bf_c2a_0332bfc2af29983388929e9210490ab5-768x432.jpg 768w, https:\/\/losperiodistas.com.mx\/portal\/wp-content\/uploads\/2022\/11\/f.elconfidencial.com_original_033_2bf_c2a_0332bfc2af29983388929e9210490ab5.jpg 1440w\" sizes=\"(max-width: 840px) 100vw, 840px\" \/><figcaption>Agentes de Polic\u00eda disparan a un dron ruso en Kiev. (Reuters\/Vadim Sarakhan)<\/figcaption><\/figure>\n\n\n\n<p class=\"has-vivid-cyan-blue-color has-text-color has-medium-font-size\">EL CONFIDENCIAL<\/p>\n\n\n\n<p>El&nbsp;<strong>Ej\u00e9rcito ruso<\/strong>&nbsp;ha confirmado que ya ha completado&nbsp;<strong>su retirada del norte&nbsp;<\/strong>de la anexionada regi\u00f3n ucraniana de Jers\u00f3n y las fuerzas ucranianas han vuelto a izar su bandera en la plaza principal de la ciudad.<\/p>\n\n\n\n<p>El general \u00cdgor Konash\u00e9nkov destac\u00f3 que las tropas rusas<strong>&nbsp;no sufrieron ninguna baja&nbsp;<\/strong>durante el repliegue, aunque acus\u00f3 a Kiev de atacar durante la noche con cinco misiles HIMARS los pasos a trav\u00e9s del r\u00edo.<\/p>\n\n\n\n<p>Tras el anuncio de&nbsp;<a href=\"https:\/\/www.elconfidencial.com\/mundo\/2022-11-09\/retirada-rusa-jerson_3520389\/\" target=\"_blank\" rel=\"noreferrer noopener\">la retirada del Ej\u00e9rcito ruso de la ciudad de Jers\u00f3n&nbsp;<\/a>para posicionarse en la orilla izquierda del r\u00edo Dni\u00e9per, el ministro de Defensa ucraniano, Oleksii Reznikov, hab\u00eda calculado que Rusia&nbsp;<strong>necesitar\u00eda al menos una semana<\/strong>&nbsp;para sacar a todos los soldados que ten\u00eda desplegados en la zona, que cifraba en unos 40.000 personas.<\/p>\n\n\n\n<p>Mientras, el presidente ucraniano, Volod\u00edmir Zelenski, ha denunciado un\u00a0<strong>nuevo ataque ruso en Mikolaiv\u00a0<\/strong>donde han muerto al menos seis personas, seg\u00fan las cifras publicadas por las autoridades ucranianas<strong>.<\/strong><\/p>\n\n\n\n<p><a href=\"https:\/\/www.facebook.com\/100007211555008\/videos\/689301389277319\/\">https:\/\/www.facebook.com\/100007211555008\/videos\/689301389277319\/<\/a><\/p>\n\n\n\n<p>Zelenski tambi\u00e9n ha destacado que Ucrania ha conseguido hacerse de nuevo con el control de<strong>&nbsp;41 asentamientos&nbsp;<\/strong>en la regi\u00f3n donde ya ondean sus banderas en los edificios administrativos. El presidente tambi\u00e9n ha advertido que a\u00fan quedan&nbsp;<strong>170.000 kil\u00f3metros cuadrados por desminar&nbsp;<\/strong>en territorio liberado, algo que ha recalcado que es fundamental para que los habitantes recuperen la normalidad tras el paso de los soldados rusos.<\/p>\n\n\n\n<p><strong>Las claves del momento:<\/strong><\/p>\n\n\n\n<ul class=\"wp-block-list\"><li>Rusia afirma que ha completado su retirada de Jers\u00f3n sin bajas<\/li><li>El Kremlin dice tener canales de canje de presos con EEUU<\/li><li>Mueren seis personas en un ataque ruso contra un edificio residencial en Mikolaiv<\/li><li>Zelenski advierte que quedan 170.000 km cuadrados por desminar<\/li><li>Ucrania recupera el control de 41 asentamientos en el sur<\/li><li>EEUU destina m\u00e1s ayuda a Kiev con defensas antia\u00e9reas por 400 M<\/li><li>Los prorrusos creen que Kiev priorizar\u00e1 Zaporiyia<\/li><li>La UE no aceptar\u00e1 visados rusos expedidos en Ucrania y Georgia<\/li><\/ul>\n\n\n\n<figure class=\"wp-block-embed is-type-rich is-provider-twitter wp-block-embed-twitter\"><div class=\"wp-block-embed__wrapper\">\nhttps:\/\/twitter.com\/Gerashchenko_en\/status\/1591058623613976577?ref_src=twsrc%5Etfw%7Ctwcamp%5Etweetembed%7Ctwterm%5E1591058623613976577%7Ctwgr%5E15d42b8614c6842b460800b79dede986e146dd90%7Ctwcon%5Es1_c10&#038;ref_url=https%3A%2F%2Fwww.elconfidencial.com%2Fmundo%2F2022-11-11%2Fkiev-recupera-asentamientos-sur-desminado_3521280%2F\n<\/div><\/figure>\n\n\n\n<figure class=\"wp-block-embed is-type-rich is-provider-twitter wp-block-embed-twitter\"><div class=\"wp-block-embed__wrapper\">\nhttps:\/\/twitter.com\/Gerashchenko_en\/status\/1591066134648094721?ref_src=twsrc%5Etfw%7Ctwcamp%5Etweetembed%7Ctwterm%5E1591066134648094721%7Ctwgr%5E15d42b8614c6842b460800b79dede986e146dd90%7Ctwcon%5Es1_c10&#038;ref_url=https%3A%2F%2Fwww.elconfidencial.com%2Fmundo%2F2022-11-11%2Fkiev-recupera-asentamientos-sur-desminado_3521280%2F\n<\/div><\/figure>\n\n\n\n<p><strong>Ucrania libera otros 12 asentamientos en la regi\u00f3n de Jers\u00f3n<\/strong><\/p>\n\n\n\n<p>Las<strong>&nbsp;tropas ucranianas<\/strong>&nbsp;han liberado por otro lado al menos&nbsp;<strong>doce asentamientos<\/strong>&nbsp;en esa regi\u00f3n, apunt\u00f3 asimismo Ukrinfor, que informa tambi\u00e9n del hundimiento del puente de Antonivsky en la capital de la regi\u00f3n.<\/p>\n\n\n\n<p>Por parte de Kiev se hab\u00eda observado durante toda la jornada de ayer la\u00a0<strong>l\u00ednea de la cautela\u00a0<\/strong>en lo que respecta a la retirada de las tropas rusas anunciada por Mosc\u00fa.<\/p>\n\n\n\n<p class=\"has-cyan-bluish-gray-background-color has-background\">Fuente y M\u00c1S INFORMACI\u00d3N EN: https:\/\/www.elconfidencial.com\/mundo\/2022-11-11\/kiev-recupera-asentamientos-sur-desminado_3521280\/<\/p>\n","protected":false},"excerpt":{"rendered":"<p>El bombardeo ruso ha alcanzado un edificio residencial matando a al menos 7 personas. Mientras, el Ej\u00e9rcito ruso ha afirmado [&hellip;]<\/p>\n","protected":false},"author":1,"featured_media":40921,"comment_status":"open","ping_status":"open","sticky":false,"template":"","format":"standard","meta":{"site-sidebar-layout":"default","site-content-layout":"","ast-site-content-layout":"default","site-content-style":"default","site-sidebar-style":"default","ast-global-header-display":"","ast-banner-title-visibility":"","ast-main-header-display":"","ast-hfb-above-header-display":"","ast-hfb-below-header-display":"","ast-hfb-mobile-header-display":"","site-post-title":"","ast-breadcrumbs-content":"","ast-featured-img":"","footer-sml-layout":"","theme-transparent-header-meta":"","adv-header-id-meta":"","stick-header-meta":"","header-above-stick-meta":"","header-main-stick-meta":"","header-below-stick-meta":"","astra-migrate-meta-layouts":"default","ast-page-background-enabled":"default","ast-page-background-meta":{"desktop":{"background-color":"var(--ast-global-color-4)","background-image":"","background-repeat":"repeat","background-position":"center center","background-size":"auto","background-attachment":"scroll","background-type":"","background-media":"","overlay-type":"","overlay-color":"","overlay-opacity":"","overlay-gradient":""},"tablet":{"background-color":"","background-image":"","background-repeat":"repeat","background-position":"center center","background-size":"auto","background-attachment":"scroll","background-type":"","background-media":"","overlay-type":"","overlay-color":"","overlay-opacity":"","overlay-gradient":""},"mobile":{"background-color":"","background-image":"","background-repeat":"repeat","background-position":"center center","background-size":"auto","background-attachment":"scroll","background-type":"","background-media":"","overlay-type":"","overlay-color":"","overlay-opacity":"","overlay-gradient":""}},"ast-content-background-meta":{"desktop":{"background-color":"var(--ast-global-color-5)","background-image":"","background-repeat":"repeat","background-position":"center center","background-size":"auto","background-attachment":"scroll","background-type":"","background-media":"","overlay-type":"","overlay-color":"","overlay-opacity":"","overlay-gradient":""},"tablet":{"background-color":"var(--ast-global-color-5)","background-image":"","background-repeat":"repeat","background-position":"center center","background-size":"auto","background-attachment":"scroll","background-type":"","background-media":"","overlay-type":"","overlay-color":"","overlay-opacity":"","overlay-gradient":""},"mobile":{"background-color":"var(--ast-global-color-5)","background-image":"","background-repeat":"repeat","background-position":"center center","background-size":"auto","background-attachment":"scroll","background-type":"","background-media":"","overlay-type":"","overlay-color":"","overlay-opacity":"","overlay-gradient":""}},"footnotes":""},"categories":[8],"tags":[8046,13710],"class_list":["post-40920","post","type-post","status-publish","format-standard","has-post-thumbnail","hentry","category-noticias","tag-guerra-ucrania","tag-jerson"],"_links":{"self":[{"href":"https:\/\/losperiodistas.com.mx\/portal\/wp-json\/wp\/v2\/posts\/40920","targetHints":{"allow":["GET"]}}],"collection":[{"href":"https:\/\/losperiodistas.com.mx\/portal\/wp-json\/wp\/v2\/posts"}],"about":[{"href":"https:\/\/losperiodistas.com.mx\/portal\/wp-json\/wp\/v2\/types\/post"}],"author":[{"embeddable":true,"href":"https:\/\/losperiodistas.com.mx\/portal\/wp-json\/wp\/v2\/users\/1"}],"replies":[{"embeddable":true,"href":"https:\/\/losperiodistas.com.mx\/portal\/wp-json\/wp\/v2\/comments?post=40920"}],"version-history":[{"count":1,"href":"https:\/\/losperiodistas.com.mx\/portal\/wp-json\/wp\/v2\/posts\/40920\/revisions"}],"predecessor-version":[{"id":40922,"href":"https:\/\/losperiodistas.com.mx\/portal\/wp-json\/wp\/v2\/posts\/40920\/revisions\/40922"}],"wp:featuredmedia":[{"embeddable":true,"href":"https:\/\/losperiodistas.com.mx\/portal\/wp-json\/wp\/v2\/media\/40921"}],"wp:attachment":[{"href":"https:\/\/losperiodistas.com.mx\/portal\/wp-json\/wp\/v2\/media?parent=40920"}],"wp:term":[{"taxonomy":"category","embeddable":true,"href":"https:\/\/losperiodistas.com.mx\/portal\/wp-json\/wp\/v2\/categories?post=40920"},{"taxonomy":"post_tag","embeddable":true,"href":"https:\/\/losperiodistas.com.mx\/portal\/wp-json\/wp\/v2\/tags?post=40920"}],"curies":[{"name":"wp","href":"https:\/\/api.w.org\/{rel}","templated":true}]}}