{"id":40917,"date":"2022-11-11T08:24:28","date_gmt":"2022-11-11T14:24:28","guid":{"rendered":"http:\/\/losperiodistas.com.mx\/portal\/?p=40917"},"modified":"2022-11-11T08:24:30","modified_gmt":"2022-11-11T14:24:30","slug":"rafael-cadenas-premio-cervantes-2022-trabajo-cada-dia-en-mis-poemas-la-lengua-es-la-patria-del-escritor-abc","status":"publish","type":"post","link":"https:\/\/losperiodistas.com.mx\/portal\/rafael-cadenas-premio-cervantes-2022-trabajo-cada-dia-en-mis-poemas-la-lengua-es-la-patria-del-escritor-abc\/","title":{"rendered":"Rafael Cadenas, premio Cervantes 2022: \u00abTrabajo cada d\u00eda en mis poemas&#8230; la lengua es la patria del escritor\u00bb | ABC"},"content":{"rendered":"\n<p class=\"has-luminous-vivid-amber-background-color has-background has-medium-font-size\">Es el primer autor de Venezuela que recibe este galard\u00f3n<\/p>\n\n\n\n<p><\/p>\n\n\n\n<figure class=\"wp-block-image size-full is-style-default\"><img fetchpriority=\"high\" decoding=\"async\" width=\"758\" height=\"531\" src=\"https:\/\/losperiodistas.com.mx\/portal\/wp-content\/uploads\/2022\/11\/47246995-R0EQgkUzuy0pscwh7Se48DO-758x531@abc.jpeg\" alt=\"\" class=\"wp-image-40918\" srcset=\"https:\/\/losperiodistas.com.mx\/portal\/wp-content\/uploads\/2022\/11\/47246995-R0EQgkUzuy0pscwh7Se48DO-758x531@abc.jpeg 758w, https:\/\/losperiodistas.com.mx\/portal\/wp-content\/uploads\/2022\/11\/47246995-R0EQgkUzuy0pscwh7Se48DO-758x531@abc-300x210.jpeg 300w\" sizes=\"(max-width: 758px) 100vw, 758px\" \/><figcaption>Rafael Cadenas \/\u00a0EFE<\/figcaption><\/figure>\n\n\n\n<p class=\"has-vivid-cyan-blue-color has-text-color has-medium-font-size\">BRUNO PARDO PORTO \/ ABC<\/p>\n\n\n\n<p>Al otro del oc\u00e9ano,\u00a0<a href=\"https:\/\/www.abc.es\/cultura\/inmensa-patria-llamada-rafael-cadenas-20221110202302-nt.html\">Rafael Cadenas<\/a>\u00a0(Barquisimeto, Venezuela, 1930) levanta el tel\u00e9fono en una habitaci\u00f3n ocupada por los libros y dice: \u00abTodav\u00eda no me he recuperado de la noticia\u00bb. Y no es un golpe, aunque tambi\u00e9n, porque le acaban de comunicar que es el premio Cervantes 2022, el galard\u00f3n m\u00e1s importante de nuestras letras. \u00abA\u00fan no he pensado en nada, sigo conmocionado. No s\u00e9 ni si voy a poder ir a Espa\u00f1a a la ceremonia. Estoy un poco limitado por los a\u00f1os\u00bb.<\/p>\n\n\n\n<p>A Cadenas le pesa el cuerpo, pero no el esp\u00edritu, tal vez porque un poeta siempre es un ni\u00f1o, y porque el tiempo, a veces s\u00ed, es relativo. A sus noventa y dos a\u00f1os escribe todos los d\u00edas. Anda ahora revisando el material que se le ha quedado in\u00e9dito desde los sesenta, montones de papeles manuscritos, cuadernos, materiales varios. \u00abTrabajo cada d\u00eda en mis poemas. En cosas que no he publicado por descuido. Y estoy preparando un peque\u00f1o libro sobre Rilke, que era checo pero escrib\u00eda en alem\u00e1n. Aunque la lengua es la patria del escritor&#8230; Estoy en eso\u00bb, suelta, como si fuera eterno.<\/p>\n\n\n\n<p>NOTICIA RELACIONADA<\/p>\n\n\n\n<div class=\"wp-block-image is-style-default\"><figure class=\"alignleft is-resized\"><a href=\"https:\/\/www.abc.es\/cultura\/inmensa-patria-llamada-rafael-cadenas-20221110202302-nt.html#vca=modulo-rel-uno&amp;vso=abc&amp;vmc=noticias-rel&amp;vli=cultura\"><img decoding=\"async\" src=\"https:\/\/s2.abcstatics.com\/abc\/www\/multimedia\/cultura\/2022\/11\/10\/cadenas_foto-Rm60QWm6wNhhhnE2qDAYUvL-1200x840@abc.jpg\" alt=\"Esa inmensa patria llamada Rafael Cadenas\" width=\"297\" height=\"206\"\/><\/a><\/figure><\/div>\n\n\n\n<h3 class=\"has-cyan-bluish-gray-background-color has-background wp-block-heading\"><a href=\"https:\/\/www.abc.es\/cultura\/inmensa-patria-llamada-rafael-cadenas-20221110202302-nt.html#vca=modulo-rel-uno&amp;vso=abc&amp;vmc=noticias-rel&amp;vli=cultura\">Esa inmensa patria llamada Rafael Cadenas<\/a><\/h3>\n\n\n\n<p><\/p>\n\n\n\n<p><\/p>\n\n\n\n<p><\/p>\n\n\n\n<p>El poeta venezolano recibe el m\u00e1ximo reconocimiento del idioma espa\u00f1ol. Es la voz universal de un pa\u00eds aquejado por la pobreza y el autoritarismo<\/p>\n\n\n\n<p>Su \u00faltimo poemario, \u2018Contestaciones\u2019, lo public\u00f3 en 2018. Y el primero, \u2018Cantos iniciales\u2019, es de 1946. Entre medias, m\u00e1s de siete d\u00e9cadas y una veintena larga de t\u00edtulos que se han traducido al franc\u00e9s, al italiano y al ingl\u00e9s. Ah\u00ed est\u00e1n \u2018Derrota\u2019(1963), \u2018Falsas maniobras\u2019 (1966), \u2018Intemperie\u2019 (1977), \u2018Amante\u2019 (1983), \u2018En torno a Basho y otros asuntos\u2019 (2016)&#8230; Y ensayos que daban cuenta de su biograf\u00eda lectora, densa, profunda: \u2018En torno al lenguaje\u2019, \u2018Apuntes sobre San Juan de la Cruz y la m\u00edstica\u2019, etc\u00e9tera.<\/p>\n\n\n\n<p>\u00abYo leo much\u00edsimo, s\u00ed, lo sigo haciendo. Poetas de todas partes, de todos los pa\u00edses\u00bb. \u00bfY qui\u00e9nes le han marcado m\u00e1s? \u00abEl gran poeta para m\u00ed, aunque algunos no lo reconocen como tal, especialmente los acad\u00e9micos, es Walt Whitman [no en vano lo ha editado y traducido, y fue profesor de poes\u00eda norteamericana]\u00bb. \u00abY un poeta al que descubr\u00ed m\u00e1s tarde, pero que modific\u00f3 mi estilo, mi forma de escribir, fue Henri Michaux\u00bb, a\u00f1ade m\u00e1s tarde.<\/p>\n\n\n\n<p>Rafael, \u00bfc\u00f3mo ve su patria en estos momentos? \u00abYo vivo muy al margen ya. Vivo encerrado en mi cuarto. Y hay tantos libros aqu\u00ed que no s\u00e9 c\u00f3mo voy a desocuparlo&#8230; Apenas salgo. Solo cuando tengo presentaciones de libros, charlas, conversaciones. En unos d\u00edas voy a presentar una obra de Eugenio Montejo [uno de los grandes poetas venezolanos, fallecido en 2008]. Y tengo algunos compromisos m\u00e1s\u00bb.<\/p>\n\n\n\n<p>El jurado, en su fallo, celebr\u00f3 la obra de Cadenas porque esta \u00abdemuestra el poder transformador de la palabra cuando la lengua es llevada al l\u00edmite de sus posibilidades creadoras\u00bb. \u00abEl poeta hace destilar de las palabras su esencia deslumbrante, coloc\u00e1ndolas en el territorio dual del sue\u00f1o y la vigilia y haciendo que sus poemas sean una honda expresi\u00f3n de la existencia misma y del universo, poni\u00e9ndolas tambi\u00e9n en una dimensi\u00f3n que es a la vez m\u00edstica y terrenal\u00bb, continuaba el texto. Y \u00e9l dice: \u00abYo leo sobre todo a pensadores. Algo cercano a la filosof\u00eda: la f\u00edsica cu\u00e1ntica, que como dijo Wittgenstein, desemboca en lo m\u00edstico, pero no en la m\u00edstica tradicional, sino en una apertura que trasciende el yo\u00bb.<\/p>\n\n\n\n<p>Entonces, \u00bfva a venir a Espa\u00f1a? \u00abOjal\u00e1. Pero esa es una pregunta que no puedo responder\u00bb.<\/p>\n\n\n\n<p>Fuente: https:\/\/www.abc.es\/cultura\/libros\/rafael-cadenas-premio-cervantes-2022-20221110183705-nt.html<\/p>\n","protected":false},"excerpt":{"rendered":"<p>Es el primer autor de Venezuela que recibe este galard\u00f3n BRUNO PARDO PORTO \/ ABC Al otro del oc\u00e9ano,\u00a0Rafael Cadenas\u00a0(Barquisimeto, [&hellip;]<\/p>\n","protected":false},"author":1,"featured_media":40918,"comment_status":"open","ping_status":"open","sticky":false,"template":"","format":"standard","meta":{"site-sidebar-layout":"default","site-content-layout":"","ast-site-content-layout":"default","site-content-style":"default","site-sidebar-style":"default","ast-global-header-display":"","ast-banner-title-visibility":"","ast-main-header-display":"","ast-hfb-above-header-display":"","ast-hfb-below-header-display":"","ast-hfb-mobile-header-display":"","site-post-title":"","ast-breadcrumbs-content":"","ast-featured-img":"","footer-sml-layout":"","theme-transparent-header-meta":"","adv-header-id-meta":"","stick-header-meta":"","header-above-stick-meta":"","header-main-stick-meta":"","header-below-stick-meta":"","astra-migrate-meta-layouts":"default","ast-page-background-enabled":"default","ast-page-background-meta":{"desktop":{"background-color":"var(--ast-global-color-4)","background-image":"","background-repeat":"repeat","background-position":"center center","background-size":"auto","background-attachment":"scroll","background-type":"","background-media":"","overlay-type":"","overlay-color":"","overlay-opacity":"","overlay-gradient":""},"tablet":{"background-color":"","background-image":"","background-repeat":"repeat","background-position":"center center","background-size":"auto","background-attachment":"scroll","background-type":"","background-media":"","overlay-type":"","overlay-color":"","overlay-opacity":"","overlay-gradient":""},"mobile":{"background-color":"","background-image":"","background-repeat":"repeat","background-position":"center center","background-size":"auto","background-attachment":"scroll","background-type":"","background-media":"","overlay-type":"","overlay-color":"","overlay-opacity":"","overlay-gradient":""}},"ast-content-background-meta":{"desktop":{"background-color":"var(--ast-global-color-5)","background-image":"","background-repeat":"repeat","background-position":"center center","background-size":"auto","background-attachment":"scroll","background-type":"","background-media":"","overlay-type":"","overlay-color":"","overlay-opacity":"","overlay-gradient":""},"tablet":{"background-color":"var(--ast-global-color-5)","background-image":"","background-repeat":"repeat","background-position":"center center","background-size":"auto","background-attachment":"scroll","background-type":"","background-media":"","overlay-type":"","overlay-color":"","overlay-opacity":"","overlay-gradient":""},"mobile":{"background-color":"var(--ast-global-color-5)","background-image":"","background-repeat":"repeat","background-position":"center center","background-size":"auto","background-attachment":"scroll","background-type":"","background-media":"","overlay-type":"","overlay-color":"","overlay-opacity":"","overlay-gradient":""}},"footnotes":""},"categories":[8],"tags":[9670,13709],"class_list":["post-40917","post","type-post","status-publish","format-standard","has-post-thumbnail","hentry","category-noticias","tag-premio-cervantes-2022","tag-rafael-cadenas"],"_links":{"self":[{"href":"https:\/\/losperiodistas.com.mx\/portal\/wp-json\/wp\/v2\/posts\/40917","targetHints":{"allow":["GET"]}}],"collection":[{"href":"https:\/\/losperiodistas.com.mx\/portal\/wp-json\/wp\/v2\/posts"}],"about":[{"href":"https:\/\/losperiodistas.com.mx\/portal\/wp-json\/wp\/v2\/types\/post"}],"author":[{"embeddable":true,"href":"https:\/\/losperiodistas.com.mx\/portal\/wp-json\/wp\/v2\/users\/1"}],"replies":[{"embeddable":true,"href":"https:\/\/losperiodistas.com.mx\/portal\/wp-json\/wp\/v2\/comments?post=40917"}],"version-history":[{"count":1,"href":"https:\/\/losperiodistas.com.mx\/portal\/wp-json\/wp\/v2\/posts\/40917\/revisions"}],"predecessor-version":[{"id":40919,"href":"https:\/\/losperiodistas.com.mx\/portal\/wp-json\/wp\/v2\/posts\/40917\/revisions\/40919"}],"wp:featuredmedia":[{"embeddable":true,"href":"https:\/\/losperiodistas.com.mx\/portal\/wp-json\/wp\/v2\/media\/40918"}],"wp:attachment":[{"href":"https:\/\/losperiodistas.com.mx\/portal\/wp-json\/wp\/v2\/media?parent=40917"}],"wp:term":[{"taxonomy":"category","embeddable":true,"href":"https:\/\/losperiodistas.com.mx\/portal\/wp-json\/wp\/v2\/categories?post=40917"},{"taxonomy":"post_tag","embeddable":true,"href":"https:\/\/losperiodistas.com.mx\/portal\/wp-json\/wp\/v2\/tags?post=40917"}],"curies":[{"name":"wp","href":"https:\/\/api.w.org\/{rel}","templated":true}]}}