{"id":40911,"date":"2022-11-11T07:36:37","date_gmt":"2022-11-11T13:36:37","guid":{"rendered":"http:\/\/losperiodistas.com.mx\/portal\/?p=40911"},"modified":"2022-11-11T07:36:39","modified_gmt":"2022-11-11T13:36:39","slug":"84-de-los-empresarios-esta-en-contra-de-la-reforma-electoral-de-amlo-encuesta-forbes","status":"publish","type":"post","link":"https:\/\/losperiodistas.com.mx\/portal\/84-de-los-empresarios-esta-en-contra-de-la-reforma-electoral-de-amlo-encuesta-forbes\/","title":{"rendered":"84% de los empresarios est\u00e1 en contra de la reforma electoral de AMLO: encuesta | Forbes"},"content":{"rendered":"\n<p class=\"has-pale-cyan-blue-background-color has-background has-medium-font-size\"><em>La gran mayor\u00eda de los empresarios ve m\u00e1s apremiantes problemas c\u00f3mo la inflaci\u00f3n y no una reforma electoral en este momento.<\/em><\/p>\n\n\n\n<figure class=\"wp-block-image size-large is-style-default\"><img fetchpriority=\"high\" decoding=\"async\" width=\"1024\" height=\"576\" src=\"https:\/\/losperiodistas.com.mx\/portal\/wp-content\/uploads\/2022\/11\/ine_presupuesto.jpg1_-1024x576.jpg\" alt=\"\" class=\"wp-image-40912\" srcset=\"https:\/\/losperiodistas.com.mx\/portal\/wp-content\/uploads\/2022\/11\/ine_presupuesto.jpg1_-1024x576.jpg 1024w, https:\/\/losperiodistas.com.mx\/portal\/wp-content\/uploads\/2022\/11\/ine_presupuesto.jpg1_-300x169.jpg 300w, https:\/\/losperiodistas.com.mx\/portal\/wp-content\/uploads\/2022\/11\/ine_presupuesto.jpg1_-768x432.jpg 768w, https:\/\/losperiodistas.com.mx\/portal\/wp-content\/uploads\/2022\/11\/ine_presupuesto.jpg1_.jpg 1280w\" sizes=\"(max-width: 1024px) 100vw, 1024px\" \/><figcaption><em>Foto: INE.<\/em><\/figcaption><\/figure>\n\n\n\n<p class=\"has-vivid-cyan-blue-color has-text-color has-medium-font-size\">ENRIQUE HERN\u00c1NDEZ \/ FORBES<\/p>\n\n\n\n<p>Vestiga Consultores, una empresa encargada de realizar servicios de inteligencia de negocios y seguridad corporativa, estim\u00f3 que 84% de los empresarios mexicanos est\u00e1n en contra de la reforma electoral del presidente de la Rep\u00fablica, Andr\u00e9s Manuel L\u00f3pez Obrador.<\/p>\n\n\n\n<p>Mientras, 16% de los patrones mexicanos s\u00ed est\u00e1 a favor de la aprobaci\u00f3n de una reforma electoral en este momento, que incluya modificaciones mayores o la desaparici\u00f3n del INE, afirm\u00f3 Sergio D\u00edaz,&nbsp;socio director de Vestiga.<\/p>\n\n\n\n<p>Record\u00f3 que la comunidad empresarial no est\u00e1 ajena a la realidad que vive M\u00e9xico ni a los temas de m\u00e1s pol\u00e9mica en la agenda p\u00fablica ni a los que pueden tener un impacto o trascendencia relevantes en la estructura institucional del pa\u00eds.<\/p>\n\n\n\n<p class=\"has-cyan-bluish-gray-background-color has-background\"><strong><em>Lee:\u00a0<a href=\"https:\/\/www.forbes.com.mx\/no-podemos-decir-que-si-a-todo-lo-que-plantea-amlo-enrique-alfaro-sobre-reforma-al-ine\/\">No podemos decir que s\u00ed a todo lo que plantea AMLO: Enrique Alfaro, sobre reforma al INE<\/a><\/em><\/strong> <\/p>\n\n\n\n<p><\/p>\n\n\n\n<figure class=\"wp-block-image is-style-default\"><img decoding=\"async\" src=\"https:\/\/cdn.forbes.com.mx\/2022\/11\/image4-1024x791.png\" alt=\"\" class=\"wp-image-1045616\"\/><\/figure>\n\n\n\n<p>\u201cUn alto porcentaje (87%) de miembros de la comunidad empresarial est\u00e1 en contra de realizar grandes cambios al INE o desaparecer\u201d, declar\u00f3 el exdirectivo de Kroll y FTI Consulting.&nbsp;<\/p>\n\n\n\n<p>El empresariado mexicano no considera que una reforma electoral sea una prioridad para M\u00e9xico, especialmente cuando se tienen otros problemas que ellos juzgan m\u00e1s acuciantes, determin\u00f3 la encuesta telef\u00f3nica realizada por Vestiga Consultores con accionistas principales y directores generales de 892 empresas en M\u00e9xico (peque\u00f1as, medianas y grandes).<\/p>\n\n\n\n<p>El marco muestral para la selecci\u00f3n de esta muestra fue el Directorio Estad\u00edstico Nacional de Unidades Econ\u00f3micas (DENUE) del Inegi con datos actualizados al a\u00f1o 2020. Las entrevistas se aplicaron v\u00eda telef\u00f3nica con un cuestionario con variables precodificadas. El margen de error m\u00ednimo para la estimaci\u00f3n resultante es de +\/- 4.50% y considerando un nivel de confianza de 95.0%. El levantamiento se realiz\u00f3 entre el 19 de octubre y el 4 de noviembre de 2022.&nbsp;<\/p>\n\n\n\n<p>Seg\u00fan la consultora, la inflaci\u00f3n, una eventual recesi\u00f3n, las disputas con Estados Unidos y Canad\u00e1 en el marco del T-MEC y su potencial impacto en el comercio exterior de M\u00e9xico y la reforma el\u00e9ctrica preocupan mucho m\u00e1s al empresariado.<\/p>\n\n\n\n<p>Asimismo, estiman que la inflaci\u00f3n, una eventual recesi\u00f3n, las disputas y otros temas son mucho m\u00e1s relevantes para el pa\u00eds ahora que una reforma electoral como la planteada por el presidente de la Rep\u00fablica.<\/p>\n\n\n\n<p class=\"has-cyan-bluish-gray-background-color has-background\"><em><strong>No te pierdas:<\/strong>&nbsp;<strong><a href=\"https:\/\/www.forbes.com.mx\/la-reforma-electoral-de-amlo-esta-en-fuera-de-lugar-coparmex\/\">La reforma electoral de AMLO est\u00e1 en fuera de lugar: Coparmex<\/a><\/strong><\/em><\/p>\n\n\n\n<p>De acuerdo con Vestiga Consultores, el 74% de los empresarios asegura que no es nada prioritario la aprobaci\u00f3n o discusi\u00f3n de una reforma electoral, como la presentada por el presidente de la Rep\u00fablica. Adem\u00e1s s\u00f3lo 9% de los tomadores de decisi\u00f3n en las empresas ven \u201calgo\u201d o \u201cmuy\u201d prioritaria una reforma electoral en el pa\u00eds.<\/p>\n\n\n\n<p>El representante de la empresa encargada de investigaciones, auditor\u00edas y protecci\u00f3n patrimonial dijo que los empresarios&nbsp;est\u00e1n razonablemente satisfechos con el sistema electoral vigente y con el desempe\u00f1o del INE.<\/p>\n\n\n\n<p>Hay un elevado nivel de aprobaci\u00f3n al desempe\u00f1o del Instituto Nacional Electoral en la comunidad empresarial mexicana, ya que 87% avala el trabajo del \u00f3rgano p\u00fablico, mientras que s\u00f3lo un 13% lo desaprueba.<\/p>\n\n\n\n<p>\u201cLa comunidad empresarial ve mucho mayor riesgo de amenaza a factores como la participaci\u00f3n del narcotr\u00e1fico, el financiamiento il\u00edcito o el cambio de reglas en el sistema electoral mexicano\u201d, coment\u00f3 el licenciado en Relaciones Internacionales por la UNAM.<\/p>\n\n\n\n<p>Sergio D\u00edaz a\u00f1adi\u00f3 que los due\u00f1os de las empresas mexicanas ven poco riesgo de amenaza al sistema electoral mexicana por su costo financiero, el cual es mal visto por el gobierno de Andr\u00e9s Manuel L\u00f3pez Obrador y Morena.<\/p>\n\n\n\n<p>Fuente: https:\/\/www.forbes.com.mx\/84-de-los-empresarios-esta-en-contra-de-la-reforma-electoral-de-amlo-encuesta\/<\/p>\n","protected":false},"excerpt":{"rendered":"<p>La gran mayor\u00eda de los empresarios ve m\u00e1s apremiantes problemas c\u00f3mo la inflaci\u00f3n y no una reforma electoral en este [&hellip;]<\/p>\n","protected":false},"author":1,"featured_media":40912,"comment_status":"open","ping_status":"open","sticky":false,"template":"","format":"standard","meta":{"site-sidebar-layout":"default","site-content-layout":"","ast-site-content-layout":"default","site-content-style":"default","site-sidebar-style":"default","ast-global-header-display":"","ast-banner-title-visibility":"","ast-main-header-display":"","ast-hfb-above-header-display":"","ast-hfb-below-header-display":"","ast-hfb-mobile-header-display":"","site-post-title":"","ast-breadcrumbs-content":"","ast-featured-img":"","footer-sml-layout":"","theme-transparent-header-meta":"","adv-header-id-meta":"","stick-header-meta":"","header-above-stick-meta":"","header-main-stick-meta":"","header-below-stick-meta":"","astra-migrate-meta-layouts":"default","ast-page-background-enabled":"default","ast-page-background-meta":{"desktop":{"background-color":"var(--ast-global-color-4)","background-image":"","background-repeat":"repeat","background-position":"center center","background-size":"auto","background-attachment":"scroll","background-type":"","background-media":"","overlay-type":"","overlay-color":"","overlay-opacity":"","overlay-gradient":""},"tablet":{"background-color":"","background-image":"","background-repeat":"repeat","background-position":"center center","background-size":"auto","background-attachment":"scroll","background-type":"","background-media":"","overlay-type":"","overlay-color":"","overlay-opacity":"","overlay-gradient":""},"mobile":{"background-color":"","background-image":"","background-repeat":"repeat","background-position":"center center","background-size":"auto","background-attachment":"scroll","background-type":"","background-media":"","overlay-type":"","overlay-color":"","overlay-opacity":"","overlay-gradient":""}},"ast-content-background-meta":{"desktop":{"background-color":"var(--ast-global-color-5)","background-image":"","background-repeat":"repeat","background-position":"center center","background-size":"auto","background-attachment":"scroll","background-type":"","background-media":"","overlay-type":"","overlay-color":"","overlay-opacity":"","overlay-gradient":""},"tablet":{"background-color":"var(--ast-global-color-5)","background-image":"","background-repeat":"repeat","background-position":"center center","background-size":"auto","background-attachment":"scroll","background-type":"","background-media":"","overlay-type":"","overlay-color":"","overlay-opacity":"","overlay-gradient":""},"mobile":{"background-color":"var(--ast-global-color-5)","background-image":"","background-repeat":"repeat","background-position":"center center","background-size":"auto","background-attachment":"scroll","background-type":"","background-media":"","overlay-type":"","overlay-color":"","overlay-opacity":"","overlay-gradient":""}},"footnotes":""},"categories":[8],"tags":[885,6773,2185],"class_list":["post-40911","post","type-post","status-publish","format-standard","has-post-thumbnail","hentry","category-noticias","tag-ine","tag-inflacion","tag-reforma-electoral-mexico"],"_links":{"self":[{"href":"https:\/\/losperiodistas.com.mx\/portal\/wp-json\/wp\/v2\/posts\/40911","targetHints":{"allow":["GET"]}}],"collection":[{"href":"https:\/\/losperiodistas.com.mx\/portal\/wp-json\/wp\/v2\/posts"}],"about":[{"href":"https:\/\/losperiodistas.com.mx\/portal\/wp-json\/wp\/v2\/types\/post"}],"author":[{"embeddable":true,"href":"https:\/\/losperiodistas.com.mx\/portal\/wp-json\/wp\/v2\/users\/1"}],"replies":[{"embeddable":true,"href":"https:\/\/losperiodistas.com.mx\/portal\/wp-json\/wp\/v2\/comments?post=40911"}],"version-history":[{"count":1,"href":"https:\/\/losperiodistas.com.mx\/portal\/wp-json\/wp\/v2\/posts\/40911\/revisions"}],"predecessor-version":[{"id":40913,"href":"https:\/\/losperiodistas.com.mx\/portal\/wp-json\/wp\/v2\/posts\/40911\/revisions\/40913"}],"wp:featuredmedia":[{"embeddable":true,"href":"https:\/\/losperiodistas.com.mx\/portal\/wp-json\/wp\/v2\/media\/40912"}],"wp:attachment":[{"href":"https:\/\/losperiodistas.com.mx\/portal\/wp-json\/wp\/v2\/media?parent=40911"}],"wp:term":[{"taxonomy":"category","embeddable":true,"href":"https:\/\/losperiodistas.com.mx\/portal\/wp-json\/wp\/v2\/categories?post=40911"},{"taxonomy":"post_tag","embeddable":true,"href":"https:\/\/losperiodistas.com.mx\/portal\/wp-json\/wp\/v2\/tags?post=40911"}],"curies":[{"name":"wp","href":"https:\/\/api.w.org\/{rel}","templated":true}]}}