{"id":40908,"date":"2022-11-11T07:29:47","date_gmt":"2022-11-11T13:29:47","guid":{"rendered":"http:\/\/losperiodistas.com.mx\/portal\/?p=40908"},"modified":"2022-11-11T07:29:50","modified_gmt":"2022-11-11T13:29:50","slug":"estefan-arrastra-desfalco-de-2-mil-mdp-en-gobierno-interino-e-consulta","status":"publish","type":"post","link":"https:\/\/losperiodistas.com.mx\/portal\/estefan-arrastra-desfalco-de-2-mil-mdp-en-gobierno-interino-e-consulta\/","title":{"rendered":"Estefan arrastra desfalco de 2 mil mdp en gobierno interino | E-Consulta"},"content":{"rendered":"\n<p class=\"has-pale-cyan-blue-background-color has-background\"><strong>Jorge Estefan Chidiac ahora es se\u00f1alado de pagar por su diputaci\u00f3n plurinominal porque \u201crob\u00f3 un putamadral\u201d, y como secretario de Finanzas de Guillermo Pacheco, se le atribuy\u00f3 un da\u00f1o patrimonial de 2 mil millones de pesos<\/strong><\/p>\n\n\n\n<p><\/p>\n\n\n\n<figure class=\"wp-block-image size-full is-style-default\"><img fetchpriority=\"high\" decoding=\"async\" width=\"640\" height=\"426\" src=\"https:\/\/losperiodistas.com.mx\/portal\/wp-content\/uploads\/2022\/11\/estefan-arrastra-desfalco-de-2-mil-mdp-en-gobierno-interino.jpg\" alt=\"\" class=\"wp-image-40909\" srcset=\"https:\/\/losperiodistas.com.mx\/portal\/wp-content\/uploads\/2022\/11\/estefan-arrastra-desfalco-de-2-mil-mdp-en-gobierno-interino.jpg 640w, https:\/\/losperiodistas.com.mx\/portal\/wp-content\/uploads\/2022\/11\/estefan-arrastra-desfalco-de-2-mil-mdp-en-gobierno-interino-300x200.jpg 300w\" sizes=\"(max-width: 640px) 100vw, 640px\" \/><\/figure>\n\n\n\n<p>Foto: E-Consulta<\/p>\n\n\n\n<p class=\"has-vivid-cyan-blue-color has-text-color has-medium-font-size\">H\u00c9CTOR LLORAME \/ E-CONSULTA<\/p>\n\n\n\n<p>El exdirigente estatal del PRI,&nbsp;<strong><a href=\"https:\/\/www.e-consulta.com\/nota\/2022-11-09\/politica\/pri-puebla-defiende-estefan-por-comprar-pluri-y-el-se-esconde\" target=\"_blank\" rel=\"noreferrer noopener\">Jorge Estefan Chidiac<\/a><\/strong>, en audios fue se\u00f1alado de \u201crobar un putamadral\u201d de dinero, pues fue secretario de Finanzas del estado en el interinato de&nbsp;<strong>Guillermo Pacheco Pulido<\/strong>, en el cual la Auditor\u00eda Superior del Estado (ASE) detect\u00f3 un posible da\u00f1o patrimonial de&nbsp;<strong><a href=\"https:\/\/www.e-consulta.com\/nota\/2021-07-05\/gobierno\/destapa-ase-quebranto-de-23-mmdp-en-el-gobierno-del-estado\" target=\"_blank\" rel=\"noreferrer noopener\">2 mil 320 millones de pesos<\/a><\/strong>&nbsp;y el propio gobernador&nbsp;<strong>Luis Miguel Barbosa Huerta<\/strong>&nbsp;acus\u00f3 que para iniciar su administraci\u00f3n solo recibi\u00f3&nbsp;<strong>600 millones de pesos<\/strong>&nbsp;de libre disposici\u00f3n.<\/p>\n\n\n\n<p>En grabaciones difundidas por la gobernadora de Campeche,&nbsp;<strong>Layda Sansores San Rom\u00e1n<\/strong>, supuestamente el l\u00edder nacional del PRI,&nbsp;<strong>Alejandro \u201cAlito\u201d Moreno C\u00e1rdenas<\/strong>, afirma que Estefan Chidiac&nbsp;<a href=\"http:\/\/www.e-consulta.com\/nota\/2022-11-09\/politica\/estefan-chidiac-le-compro-alito-su-diputacion-plurinominal-revela-audio\" target=\"_blank\" rel=\"noreferrer noopener\">habr\u00eda pagado por su diputaci\u00f3n plurinominal<\/a>&nbsp;porque tiene dinero que se \u201crob\u00f3\u201d.<\/p>\n\n\n\n<p class=\"has-cyan-bluish-gray-background-color has-background\"><strong>M\u00e1s del tema:&nbsp;<a href=\"https:\/\/www.e-consulta.com\/nota\/2022-11-09\/politica\/pri-puebla-defiende-estefan-por-comprar-pluri-y-el-se-esconde\"><em>PRI Puebla defiende a Estefan por comprar \u2018pluri\u2019 y \u00e9l se esconde<\/em><\/a><\/strong><\/p>\n\n\n\n<figure class=\"wp-block-embed is-type-video is-provider-youtube wp-block-embed-youtube wp-embed-aspect-16-9 wp-has-aspect-ratio\"><div class=\"wp-block-embed__wrapper\">\n<iframe title=\"Estefan Chidiac le compr\u00f3 a \u2018Alito\u2019 su diputaci\u00f3n plurinominal, revela audio\" width=\"500\" height=\"281\" src=\"https:\/\/www.youtube.com\/embed\/4QBnibE9WOs?feature=oembed\" frameborder=\"0\" allow=\"accelerometer; autoplay; clipboard-write; encrypted-media; gyroscope; picture-in-picture; web-share\" referrerpolicy=\"strict-origin-when-cross-origin\" allowfullscreen><\/iframe>\n<\/div><\/figure>\n\n\n\n<p><small>Nota relacionada:<\/small><\/p>\n\n\n\n<h5 class=\"wp-block-heading\">Por malversar 241 mdp denuncia Barbosa a 10 exsecretarios<\/h5>\n\n\n\n<figure class=\"wp-block-image is-style-default\"><img decoding=\"async\" src=\"https:\/\/www.e-consulta.com\/_next\/image?url=https%3A%2F%2Ffotos.e-consulta.com%2Fegmonrnu8aaidh_.jpg&amp;w=3840&amp;q=75\" alt=\"Por malversar 241 mdp denuncia Barbosa a 10 exsecretarios\"\/><\/figure>\n\n\n\n<p>El a\u00f1o pasado la ASE, bajo la gesti\u00f3n de&nbsp;<strong>Francisco Romero Serrano<\/strong>, detect\u00f3 un da\u00f1o patrimonial de&nbsp;<strong>2 mil 320 millones 908 mil 126 pesos&nbsp;<\/strong>en el gobierno interino, del cual Jorge Estefan fue secretario de Planeaci\u00f3n y Finanzas hasta que empez\u00f3 la administraci\u00f3n de Barbosa Huerta el 1 de agosto de 2019.<\/p>\n\n\n\n<p>El monto de las anomal\u00edas es resultado de&nbsp;<strong>31 pliegos de observaciones<\/strong>&nbsp;que la auditor\u00eda hizo a la Cuenta P\u00fablica de 2019 del gobierno estatal, cuyo informe de fiscalizaci\u00f3n&nbsp;<strong>fue publicado en el portal de internet de la ASE<\/strong>&nbsp;y se presenta de manera \u00edntegra en este texto, pues&nbsp;<strong>fue eliminado<\/strong>&nbsp;y ahora solo aparecen los informes de 2017, 2018 y 2020.<\/p>\n\n\n\n<p><strong>\u200b<\/strong><\/p>\n\n\n\n<p>El informe de fiscalizaci\u00f3n se\u00f1ala que las irregularidades se encontraron en<strong>&nbsp;obras, procesos de licitaci\u00f3n, contratos, compras y arrendamientos.<\/strong><small>Nota relacionada:<\/small><\/p>\n\n\n\n<h5 class=\"wp-block-heading\">Estefan Chidiac niega haber pagado a Alito por \u201cpluri\u201d<\/h5>\n\n\n\n<figure class=\"wp-block-image is-style-default\"><img decoding=\"async\" src=\"https:\/\/www.e-consulta.com\/_next\/image?url=https%3A%2F%2Ffotos.e-consulta.com%2Festefan_chidiac_niega_haber_pagado_a_alito_por_pluri.jpg&amp;w=3840&amp;q=75\" alt=\"Estefan Chidiac niega haber pagado a Alito por \u201cpluri\u201d\"\/><\/figure>\n\n\n\n<p>No obstante, la Secretar\u00eda de Planeaci\u00f3n y Finanzas de Estefan Chidiac&nbsp;<strong>concentr\u00f3 casi el total de anomal\u00edas<\/strong>, ya que contabiliz\u00f3 7 observaciones por&nbsp;<strong>2 mil 119 millones 150 mil 581 pesos<\/strong>, es decir, el 91 por ciento del monto observado.<\/p>\n\n\n\n<p><a href=\"https:\/\/es.scribd.com\/embeds\/606694851\/content?start_page=1&amp;view_mode=scroll&amp;access_key=key-RXSCJFKuDReRmDFa4eXM\">https:\/\/es.scribd.com\/embeds\/606694851\/content?start_page=1&amp;view_mode=scroll&amp;access_key=key-RXSCJFKuDReRmDFa4eXM<\/a><\/p>\n\n\n\n<p>La&nbsp;<strong>Secretar\u00eda de Movilidad y Transportes (SMT)&nbsp;<\/strong>tuvo tres pliegos de observaciones con un monto de&nbsp;<strong>80 millones 877 mil 615 pesos<\/strong>, mientras que la&nbsp;<strong>Secretar\u00eda de Administraci\u00f3n&nbsp;<\/strong>sum\u00f3 10 pliegos de observaciones por&nbsp;<strong>74 millones 265 mil 792 pesos.<\/strong><\/p>\n\n\n\n<p>Por su parte, la Secretar\u00eda de Infraestructura acumul\u00f3 11 observaciones, por un monto de\u00a0<strong>46 millones 614 mil 95 pesos.<\/strong><\/p>\n\n\n\n<p><\/p>\n\n\n\n<p>El informe con las observaciones se aprob\u00f3 por el Congreso del estado para empezar el plazo que tendr\u00eda el gobierno de Barbosa Huerta para&nbsp;<strong>solventar las observaciones<\/strong>, sin embargo, con la&nbsp;<strong>destituci\u00f3n y encarcelamiento<\/strong>&nbsp;de Romero Serrano y el arribo de&nbsp;<strong>Amanda G\u00f3mez Nava<\/strong>, exsecretaria de la Funci\u00f3n P\u00fablica, se retras\u00f3 la fiscalizaci\u00f3n en la ASE y la fecha no se ha aprobado la cuenta p\u00fablica de 2019, por lo que&nbsp;<strong>no han quedado solventadas las anomal\u00edas<\/strong>.<\/p>\n\n\n\n<h2 class=\"wp-block-heading\"><strong>Estefan Chidiac tiene denuncia por \u201cpartida secreta\u201d<\/strong><\/h2>\n\n\n\n<p>En 24 de agosto de 2020, Barbosa Huerta dio a conocer que su gobierno&nbsp;<strong>denunci\u00f3 a diez exsecretarios<\/strong>&nbsp;de Gobierno y Finanzas, entre ellos a Estefan Chidiac, por la presunta malversaci\u00f3n de&nbsp;<strong>241 millones de pesos<\/strong>, a trav\u00e9s de una \u201c<strong>partida secreta<\/strong>\u201d que se utiliz\u00f3 durante los gobiernos panistas y el gobierno interino de Pacheco Pulido.<\/p>\n\n\n\n<p>En la denuncia, presentada ante la Fiscal\u00eda General del Estado (FGE) y dada a conocer en rueda de prensa, se detall\u00f3 que, del monto total,\u00a0<strong>Jorge Estefan fue acusado del mal uso de 4 millones de pesos,\u00a0<\/strong>en el periodo del 28 de enero al 4 de julio del a\u00f1o 2019.<\/p>\n\n\n\n<p>Fuente: https:\/\/www.e-consulta.com\/nota\/2022-11-10\/gobierno\/estefan-arrastra-desfalco-de-2-mil-mdp-en-gobierno-interino<\/p>\n","protected":false},"excerpt":{"rendered":"<p>Jorge Estefan Chidiac ahora es se\u00f1alado de pagar por su diputaci\u00f3n plurinominal porque \u201crob\u00f3 un putamadral\u201d, y como secretario de [&hellip;]<\/p>\n","protected":false},"author":1,"featured_media":40909,"comment_status":"open","ping_status":"open","sticky":false,"template":"","format":"standard","meta":{"site-sidebar-layout":"default","site-content-layout":"","ast-site-content-layout":"default","site-content-style":"default","site-sidebar-style":"default","ast-global-header-display":"","ast-banner-title-visibility":"","ast-main-header-display":"","ast-hfb-above-header-display":"","ast-hfb-below-header-display":"","ast-hfb-mobile-header-display":"","site-post-title":"","ast-breadcrumbs-content":"","ast-featured-img":"","footer-sml-layout":"","theme-transparent-header-meta":"","adv-header-id-meta":"","stick-header-meta":"","header-above-stick-meta":"","header-main-stick-meta":"","header-below-stick-meta":"","astra-migrate-meta-layouts":"default","ast-page-background-enabled":"default","ast-page-background-meta":{"desktop":{"background-color":"var(--ast-global-color-4)","background-image":"","background-repeat":"repeat","background-position":"center center","background-size":"auto","background-attachment":"scroll","background-type":"","background-media":"","overlay-type":"","overlay-color":"","overlay-opacity":"","overlay-gradient":""},"tablet":{"background-color":"","background-image":"","background-repeat":"repeat","background-position":"center center","background-size":"auto","background-attachment":"scroll","background-type":"","background-media":"","overlay-type":"","overlay-color":"","overlay-opacity":"","overlay-gradient":""},"mobile":{"background-color":"","background-image":"","background-repeat":"repeat","background-position":"center center","background-size":"auto","background-attachment":"scroll","background-type":"","background-media":"","overlay-type":"","overlay-color":"","overlay-opacity":"","overlay-gradient":""}},"ast-content-background-meta":{"desktop":{"background-color":"var(--ast-global-color-5)","background-image":"","background-repeat":"repeat","background-position":"center center","background-size":"auto","background-attachment":"scroll","background-type":"","background-media":"","overlay-type":"","overlay-color":"","overlay-opacity":"","overlay-gradient":""},"tablet":{"background-color":"var(--ast-global-color-5)","background-image":"","background-repeat":"repeat","background-position":"center center","background-size":"auto","background-attachment":"scroll","background-type":"","background-media":"","overlay-type":"","overlay-color":"","overlay-opacity":"","overlay-gradient":""},"mobile":{"background-color":"var(--ast-global-color-5)","background-image":"","background-repeat":"repeat","background-position":"center center","background-size":"auto","background-attachment":"scroll","background-type":"","background-media":"","overlay-type":"","overlay-color":"","overlay-opacity":"","overlay-gradient":""}},"footnotes":""},"categories":[8],"tags":[10782,13707,6605],"class_list":["post-40908","post","type-post","status-publish","format-standard","has-post-thumbnail","hentry","category-noticias","tag-alito-moreno","tag-compra-diputacion-plurinominal-pri","tag-jorge-estefan-chidiac"],"_links":{"self":[{"href":"https:\/\/losperiodistas.com.mx\/portal\/wp-json\/wp\/v2\/posts\/40908","targetHints":{"allow":["GET"]}}],"collection":[{"href":"https:\/\/losperiodistas.com.mx\/portal\/wp-json\/wp\/v2\/posts"}],"about":[{"href":"https:\/\/losperiodistas.com.mx\/portal\/wp-json\/wp\/v2\/types\/post"}],"author":[{"embeddable":true,"href":"https:\/\/losperiodistas.com.mx\/portal\/wp-json\/wp\/v2\/users\/1"}],"replies":[{"embeddable":true,"href":"https:\/\/losperiodistas.com.mx\/portal\/wp-json\/wp\/v2\/comments?post=40908"}],"version-history":[{"count":1,"href":"https:\/\/losperiodistas.com.mx\/portal\/wp-json\/wp\/v2\/posts\/40908\/revisions"}],"predecessor-version":[{"id":40910,"href":"https:\/\/losperiodistas.com.mx\/portal\/wp-json\/wp\/v2\/posts\/40908\/revisions\/40910"}],"wp:featuredmedia":[{"embeddable":true,"href":"https:\/\/losperiodistas.com.mx\/portal\/wp-json\/wp\/v2\/media\/40909"}],"wp:attachment":[{"href":"https:\/\/losperiodistas.com.mx\/portal\/wp-json\/wp\/v2\/media?parent=40908"}],"wp:term":[{"taxonomy":"category","embeddable":true,"href":"https:\/\/losperiodistas.com.mx\/portal\/wp-json\/wp\/v2\/categories?post=40908"},{"taxonomy":"post_tag","embeddable":true,"href":"https:\/\/losperiodistas.com.mx\/portal\/wp-json\/wp\/v2\/tags?post=40908"}],"curies":[{"name":"wp","href":"https:\/\/api.w.org\/{rel}","templated":true}]}}