{"id":40905,"date":"2022-11-11T07:22:29","date_gmt":"2022-11-11T13:22:29","guid":{"rendered":"http:\/\/losperiodistas.com.mx\/portal\/?p=40905"},"modified":"2022-11-11T07:22:31","modified_gmt":"2022-11-11T13:22:31","slug":"clausuran-sitio-donde-se-realizo-el-concierto-neonazi-la-jornada","status":"publish","type":"post","link":"https:\/\/losperiodistas.com.mx\/portal\/clausuran-sitio-donde-se-realizo-el-concierto-neonazi-la-jornada\/","title":{"rendered":"Clausuran sitio donde se realiz\u00f3 el concierto neonazi\u00a0| La Jornada"},"content":{"rendered":"\n<figure class=\"wp-block-image size-large is-style-default\"><img fetchpriority=\"high\" decoding=\"async\" width=\"1024\" height=\"708\" src=\"https:\/\/losperiodistas.com.mx\/portal\/wp-content\/uploads\/2022\/11\/image_large-1-1024x708.jpeg\" alt=\"\" class=\"wp-image-40906\" srcset=\"https:\/\/losperiodistas.com.mx\/portal\/wp-content\/uploads\/2022\/11\/image_large-1-1024x708.jpeg 1024w, https:\/\/losperiodistas.com.mx\/portal\/wp-content\/uploads\/2022\/11\/image_large-1-300x207.jpeg 300w, https:\/\/losperiodistas.com.mx\/portal\/wp-content\/uploads\/2022\/11\/image_large-1-768x531.jpeg 768w, https:\/\/losperiodistas.com.mx\/portal\/wp-content\/uploads\/2022\/11\/image_large-1.jpeg 1117w\" sizes=\"(max-width: 1024px) 100vw, 1024px\" \/><figcaption>Se colocaron sellos de suspensi\u00f3n de actividades en el sal\u00f3n Pentathl\u00f3n, ubicado en la colonia Santa Mar\u00eda La Ribera, alcald\u00eda Cuauht\u00e9moc.\u00a0Foto\u00a0<strong>Invea<\/strong><\/figcaption><\/figure>\n\n\n\n<p class=\"has-vivid-cyan-blue-color has-text-color has-medium-font-size\">REDACCI\u00d3N LA JORNADA<\/p>\n\n\n\n<p>La Oficina en M\u00e9xico del Alto Comisionado de Naciones Unidas para los Derechos Humanos (ONU-DH) rechaz\u00f3 \u201ccateg\u00f3ricamente\u201d toda manifestaci\u00f3n de odio, supremacismo y formas de intolerancia, as\u00ed como de incitaci\u00f3n a la violencia, la discriminaci\u00f3n y la hostilidad, como las del concierto neonazi del pasado 29 de octubre en la Ciudad de M\u00e9xico.<\/p>\n\n\n\n<p>En redes, expuso que el respeto a las garant\u00edas fundamentales y la convivencia pac\u00edfica entre las personas y los pueblos se basa en el reconocimiento a la dignidad intr\u00ednseca de todos los seres humanos, \u201cla vigencia de los valores democr\u00e1ticos y la protecci\u00f3n del derecho a la igualdad\u201d.<\/p>\n\n\n\n<p>El concierto se realiz\u00f3 en el sal\u00f3n Pentathl\u00f3n, en la colonia Santa Mar\u00eda la Ribera, donde grupos espa\u00f1oles y mexicanos del g\u00e9nero hardcore punk convocaron a unas 300 personas que, rapadas y ataviadas con su\u00e1sticas y tatuajes nazis, corearon consignas hitlerianas y fascistas.<\/p>\n\n\n\n<p>La Secretar\u00eda de Gobierno de la Ciudad de M\u00e9xico inform\u00f3 que ayer se colocaron sellos de suspensi\u00f3n de actividades en ese recinto.<\/p>\n\n\n\n<p>Se\u00f1al\u00f3 que verificadores del Instituto de Verificaci\u00f3n Administrativa capitalino se presentaron en el inmueble, utilizado tradicionalmente para adiestramiento militar.<\/p>\n\n\n\n<p>Tras una inspecci\u00f3n en materia de desarrollo urbano en las instalaciones, se determin\u00f3 implementar medidas cautelares, toda vez que el recinto no cuenta con el certificado de uso de suelo como sal\u00f3n de fiestas.<\/p>\n\n\n\n<p>Por otro lado, el titular de la Secretar\u00eda de Gobierno, Mart\u00ed Batres, inform\u00f3 en su cuenta de Twitter que tuvo una reuni\u00f3n con representantes de la comunidad jud\u00eda en M\u00e9xico, en la que coincidieron en sumar esfuerzos contra toda expresi\u00f3n neaonazi y fascista que se presente en la capital del pa\u00eds. \u201cAqu\u00ed no se permite ning\u00fan tipo de concepci\u00f3n que pretenda el exterminio de otras personas\u201d, advirti\u00f3.<\/p>\n\n\n\n<p>Antes, la comunidad jud\u00eda en M\u00e9xico tambi\u00e9n expres\u00f3 su condena al citado concierto y expres\u00f3 su rechazo a cualquier conducta que incite al odio y la violencia, que adem\u00e1s atente contra las libertades de las personas.<\/p>\n\n\n\n<p>Fuente: https:\/\/www.jornada.com.mx\/notas\/2022\/11\/11\/politica\/clausuran-sitio-donde-se-realizo-el-concierto-neonazi\/?from=homeonline&amp;block=carousel&amp;opt=articlelink<\/p>\n","protected":false},"excerpt":{"rendered":"<p>REDACCI\u00d3N LA JORNADA La Oficina en M\u00e9xico del Alto Comisionado de Naciones Unidas para los Derechos Humanos (ONU-DH) rechaz\u00f3 \u201ccateg\u00f3ricamente\u201d [&hellip;]<\/p>\n","protected":false},"author":1,"featured_media":40906,"comment_status":"open","ping_status":"open","sticky":false,"template":"","format":"standard","meta":{"site-sidebar-layout":"default","site-content-layout":"","ast-site-content-layout":"default","site-content-style":"default","site-sidebar-style":"default","ast-global-header-display":"","ast-banner-title-visibility":"","ast-main-header-display":"","ast-hfb-above-header-display":"","ast-hfb-below-header-display":"","ast-hfb-mobile-header-display":"","site-post-title":"","ast-breadcrumbs-content":"","ast-featured-img":"","footer-sml-layout":"","theme-transparent-header-meta":"","adv-header-id-meta":"","stick-header-meta":"","header-above-stick-meta":"","header-main-stick-meta":"","header-below-stick-meta":"","astra-migrate-meta-layouts":"default","ast-page-background-enabled":"default","ast-page-background-meta":{"desktop":{"background-color":"var(--ast-global-color-4)","background-image":"","background-repeat":"repeat","background-position":"center center","background-size":"auto","background-attachment":"scroll","background-type":"","background-media":"","overlay-type":"","overlay-color":"","overlay-opacity":"","overlay-gradient":""},"tablet":{"background-color":"","background-image":"","background-repeat":"repeat","background-position":"center center","background-size":"auto","background-attachment":"scroll","background-type":"","background-media":"","overlay-type":"","overlay-color":"","overlay-opacity":"","overlay-gradient":""},"mobile":{"background-color":"","background-image":"","background-repeat":"repeat","background-position":"center center","background-size":"auto","background-attachment":"scroll","background-type":"","background-media":"","overlay-type":"","overlay-color":"","overlay-opacity":"","overlay-gradient":""}},"ast-content-background-meta":{"desktop":{"background-color":"var(--ast-global-color-5)","background-image":"","background-repeat":"repeat","background-position":"center center","background-size":"auto","background-attachment":"scroll","background-type":"","background-media":"","overlay-type":"","overlay-color":"","overlay-opacity":"","overlay-gradient":""},"tablet":{"background-color":"var(--ast-global-color-5)","background-image":"","background-repeat":"repeat","background-position":"center center","background-size":"auto","background-attachment":"scroll","background-type":"","background-media":"","overlay-type":"","overlay-color":"","overlay-opacity":"","overlay-gradient":""},"mobile":{"background-color":"var(--ast-global-color-5)","background-image":"","background-repeat":"repeat","background-position":"center center","background-size":"auto","background-attachment":"scroll","background-type":"","background-media":"","overlay-type":"","overlay-color":"","overlay-opacity":"","overlay-gradient":""}},"footnotes":""},"categories":[8],"tags":[13704,13705],"class_list":["post-40905","post","type-post","status-publish","format-standard","has-post-thumbnail","hentry","category-noticias","tag-concierto-nenonazi","tag-mexico-nazis"],"_links":{"self":[{"href":"https:\/\/losperiodistas.com.mx\/portal\/wp-json\/wp\/v2\/posts\/40905","targetHints":{"allow":["GET"]}}],"collection":[{"href":"https:\/\/losperiodistas.com.mx\/portal\/wp-json\/wp\/v2\/posts"}],"about":[{"href":"https:\/\/losperiodistas.com.mx\/portal\/wp-json\/wp\/v2\/types\/post"}],"author":[{"embeddable":true,"href":"https:\/\/losperiodistas.com.mx\/portal\/wp-json\/wp\/v2\/users\/1"}],"replies":[{"embeddable":true,"href":"https:\/\/losperiodistas.com.mx\/portal\/wp-json\/wp\/v2\/comments?post=40905"}],"version-history":[{"count":1,"href":"https:\/\/losperiodistas.com.mx\/portal\/wp-json\/wp\/v2\/posts\/40905\/revisions"}],"predecessor-version":[{"id":40907,"href":"https:\/\/losperiodistas.com.mx\/portal\/wp-json\/wp\/v2\/posts\/40905\/revisions\/40907"}],"wp:featuredmedia":[{"embeddable":true,"href":"https:\/\/losperiodistas.com.mx\/portal\/wp-json\/wp\/v2\/media\/40906"}],"wp:attachment":[{"href":"https:\/\/losperiodistas.com.mx\/portal\/wp-json\/wp\/v2\/media?parent=40905"}],"wp:term":[{"taxonomy":"category","embeddable":true,"href":"https:\/\/losperiodistas.com.mx\/portal\/wp-json\/wp\/v2\/categories?post=40905"},{"taxonomy":"post_tag","embeddable":true,"href":"https:\/\/losperiodistas.com.mx\/portal\/wp-json\/wp\/v2\/tags?post=40905"}],"curies":[{"name":"wp","href":"https:\/\/api.w.org\/{rel}","templated":true}]}}