{"id":4087,"date":"2021-02-02T02:10:19","date_gmt":"2021-02-02T08:10:19","guid":{"rendered":"http:\/\/losperiodistas.com.mx\/portal\/?p=4087"},"modified":"2021-02-02T03:45:11","modified_gmt":"2021-02-02T09:45:11","slug":"responde-beatriz-gutierrez-muller-a-manuel-clouthier-excelsior","status":"publish","type":"post","link":"https:\/\/losperiodistas.com.mx\/portal\/responde-beatriz-gutierrez-muller-a-manuel-clouthier-excelsior\/","title":{"rendered":"Responde Beatriz Guti\u00e9rrez M\u00fcller a Manuel Clouthier | Exc\u00e9lsior"},"content":{"rendered":"\n<p style=\"font-size:18px\"><em>Contesta acusaciones falsas de Manuel Clouthier sobre la salud del presidente Andr\u00e9s Manuel L\u00f3pez Obrador<\/em><\/p>\n\n\n\n<p class=\"has-vivid-cyan-blue-color has-text-color has-medium-font-size\">REDACCI\u00d3N EXC\u00c9LSIOR<\/p>\n\n\n\n<p>CIUDAD DE M\u00c9XICO.\u00bbCon la salud no se bromea\u00bb. As\u00ed respondi\u00f3 la esposa del presidente Andr\u00e9s Manuel L\u00f3pez Obrador, Beatriz Guti\u00e9rrez M\u00fcller, a las acusaciones que hiciera Manuel Clouthier en torno al estado de salud del titular del Ejecutivo.<\/p>\n\n\n\n<p>El pasado 24 de enero, el Presidente anunci\u00f3, v\u00eda redes sociales, que hab\u00eda dado positivo a Covid-19, por lo que permanecer\u00eda en resguardo y bajo tratamiento m\u00e9dico.<\/p>\n\n\n\n<p>Ese mismo d\u00eda, diversos personajes emitieron mensajes al respecto, entre ellos el ex diputado Manuel Clouthier, quien cuestion\u00f3 la veracidad del contagio hac\u00eda el Jefe del Ejecutivo..<\/p>\n\n\n\n<p>Una semana despu\u00e9s y en respaldo a la figura presidencial, la escritora le respondi\u00f3 en su cuenta de Twitter \u00abCon la salud no se bromea. Deseo que est\u00e9s bien f\u00edsicamente, y rodeado de amor y de tranquilidad\u00bb.<\/p>\n\n\n\n<p>Esta no es la primera vez que que este personaje se lanza contra el Gobierno Federal, incluso en diciembre critic\u00f3 a su propia hermana Tatiana Clouthier, luego que asumiera el cargo como Secretar\u00eda de Econom\u00eda<\/p>\n\n\n\n<p>\u00abLos riesgos es que se le suba el poder\u00bb, expres\u00f3 sobre su hermana.<\/p>\n\n\n\n<p>Fuente: https:\/\/www.excelsior.com.mx\/nacional\/responde-beatriz-gutierrez-muller-a-manuel-clouthier\/1430325<\/p>\n","protected":false},"excerpt":{"rendered":"<p>Contesta acusaciones falsas de Manuel Clouthier sobre la salud del presidente Andr\u00e9s Manuel L\u00f3pez Obrador REDACCI\u00d3N EXC\u00c9LSIOR CIUDAD DE M\u00c9XICO.\u00bbCon [&hellip;]<\/p>\n","protected":false},"author":1,"featured_media":4088,"comment_status":"open","ping_status":"open","sticky":false,"template":"","format":"standard","meta":{"site-sidebar-layout":"default","site-content-layout":"","ast-site-content-layout":"default","site-content-style":"default","site-sidebar-style":"default","ast-global-header-display":"","ast-banner-title-visibility":"","ast-main-header-display":"","ast-hfb-above-header-display":"","ast-hfb-below-header-display":"","ast-hfb-mobile-header-display":"","site-post-title":"","ast-breadcrumbs-content":"","ast-featured-img":"","footer-sml-layout":"","theme-transparent-header-meta":"","adv-header-id-meta":"","stick-header-meta":"","header-above-stick-meta":"","header-main-stick-meta":"","header-below-stick-meta":"","astra-migrate-meta-layouts":"default","ast-page-background-enabled":"default","ast-page-background-meta":{"desktop":{"background-color":"var(--ast-global-color-4)","background-image":"","background-repeat":"repeat","background-position":"center center","background-size":"auto","background-attachment":"scroll","background-type":"","background-media":"","overlay-type":"","overlay-color":"","overlay-opacity":"","overlay-gradient":""},"tablet":{"background-color":"","background-image":"","background-repeat":"repeat","background-position":"center center","background-size":"auto","background-attachment":"scroll","background-type":"","background-media":"","overlay-type":"","overlay-color":"","overlay-opacity":"","overlay-gradient":""},"mobile":{"background-color":"","background-image":"","background-repeat":"repeat","background-position":"center center","background-size":"auto","background-attachment":"scroll","background-type":"","background-media":"","overlay-type":"","overlay-color":"","overlay-opacity":"","overlay-gradient":""}},"ast-content-background-meta":{"desktop":{"background-color":"var(--ast-global-color-5)","background-image":"","background-repeat":"repeat","background-position":"center center","background-size":"auto","background-attachment":"scroll","background-type":"","background-media":"","overlay-type":"","overlay-color":"","overlay-opacity":"","overlay-gradient":""},"tablet":{"background-color":"var(--ast-global-color-5)","background-image":"","background-repeat":"repeat","background-position":"center center","background-size":"auto","background-attachment":"scroll","background-type":"","background-media":"","overlay-type":"","overlay-color":"","overlay-opacity":"","overlay-gradient":""},"mobile":{"background-color":"var(--ast-global-color-5)","background-image":"","background-repeat":"repeat","background-position":"center center","background-size":"auto","background-attachment":"scroll","background-type":"","background-media":"","overlay-type":"","overlay-color":"","overlay-opacity":"","overlay-gradient":""}},"footnotes":""},"categories":[8],"tags":[],"class_list":["post-4087","post","type-post","status-publish","format-standard","has-post-thumbnail","hentry","category-noticias"],"_links":{"self":[{"href":"https:\/\/losperiodistas.com.mx\/portal\/wp-json\/wp\/v2\/posts\/4087","targetHints":{"allow":["GET"]}}],"collection":[{"href":"https:\/\/losperiodistas.com.mx\/portal\/wp-json\/wp\/v2\/posts"}],"about":[{"href":"https:\/\/losperiodistas.com.mx\/portal\/wp-json\/wp\/v2\/types\/post"}],"author":[{"embeddable":true,"href":"https:\/\/losperiodistas.com.mx\/portal\/wp-json\/wp\/v2\/users\/1"}],"replies":[{"embeddable":true,"href":"https:\/\/losperiodistas.com.mx\/portal\/wp-json\/wp\/v2\/comments?post=4087"}],"version-history":[{"count":1,"href":"https:\/\/losperiodistas.com.mx\/portal\/wp-json\/wp\/v2\/posts\/4087\/revisions"}],"predecessor-version":[{"id":4089,"href":"https:\/\/losperiodistas.com.mx\/portal\/wp-json\/wp\/v2\/posts\/4087\/revisions\/4089"}],"wp:featuredmedia":[{"embeddable":true,"href":"https:\/\/losperiodistas.com.mx\/portal\/wp-json\/wp\/v2\/media\/4088"}],"wp:attachment":[{"href":"https:\/\/losperiodistas.com.mx\/portal\/wp-json\/wp\/v2\/media?parent=4087"}],"wp:term":[{"taxonomy":"category","embeddable":true,"href":"https:\/\/losperiodistas.com.mx\/portal\/wp-json\/wp\/v2\/categories?post=4087"},{"taxonomy":"post_tag","embeddable":true,"href":"https:\/\/losperiodistas.com.mx\/portal\/wp-json\/wp\/v2\/tags?post=4087"}],"curies":[{"name":"wp","href":"https:\/\/api.w.org\/{rel}","templated":true}]}}