{"id":40858,"date":"2022-11-10T07:28:09","date_gmt":"2022-11-10T13:28:09","guid":{"rendered":"http:\/\/losperiodistas.com.mx\/portal\/?p=40858"},"modified":"2022-11-10T07:47:25","modified_gmt":"2022-11-10T13:47:25","slug":"carlos-slim-elogia-la-gestion-economica-del-gobierno-veo-un-mexico-boyante-el-pais","status":"publish","type":"post","link":"https:\/\/losperiodistas.com.mx\/portal\/carlos-slim-elogia-la-gestion-economica-del-gobierno-veo-un-mexico-boyante-el-pais\/","title":{"rendered":"Carlos Slim elogia la gesti\u00f3n econ\u00f3mica del Gobierno: \u201cVeo un M\u00e9xico boyante\u201d | El Pa\u00eds"},"content":{"rendered":"\n<h2 class=\"has-pale-cyan-blue-background-color has-background has-medium-font-size wp-block-heading\">El due\u00f1o de Am\u00e9rica M\u00f3vil ha asegurado que las finanzas p\u00fablicas del pa\u00eds seguir\u00e1n sanas hasta el fin del Gobierno de L\u00f3pez Obrador<\/h2>\n\n\n\n<p><\/p>\n\n\n\n<figure class=\"wp-block-image size-large is-style-default\"><img fetchpriority=\"high\" decoding=\"async\" width=\"1024\" height=\"699\" src=\"https:\/\/losperiodistas.com.mx\/portal\/wp-content\/uploads\/2022\/11\/5QPD5SVAGJEZPG3TOBXEFWKUJI-1024x699.jpeg\" alt=\"\" class=\"wp-image-40859\" srcset=\"https:\/\/losperiodistas.com.mx\/portal\/wp-content\/uploads\/2022\/11\/5QPD5SVAGJEZPG3TOBXEFWKUJI-1024x699.jpeg 1024w, https:\/\/losperiodistas.com.mx\/portal\/wp-content\/uploads\/2022\/11\/5QPD5SVAGJEZPG3TOBXEFWKUJI-300x205.jpeg 300w, https:\/\/losperiodistas.com.mx\/portal\/wp-content\/uploads\/2022\/11\/5QPD5SVAGJEZPG3TOBXEFWKUJI-768x524.jpeg 768w, https:\/\/losperiodistas.com.mx\/portal\/wp-content\/uploads\/2022\/11\/5QPD5SVAGJEZPG3TOBXEFWKUJI-1536x1049.jpeg 1536w, https:\/\/losperiodistas.com.mx\/portal\/wp-content\/uploads\/2022\/11\/5QPD5SVAGJEZPG3TOBXEFWKUJI.jpeg 1960w\" sizes=\"(max-width: 1024px) 100vw, 1024px\" \/><figcaption>El empresario Carlos Slim en una fotograf\u00eda de 2017. MARCO UGARTE (AP)<\/figcaption><\/figure>\n\n\n\n<p class=\"has-vivid-cyan-blue-color has-text-color has-medium-font-size\">KARINA SU\u00c1REZ \/ EL PA\u00cdS<\/p>\n\n\n\n<p>Carlos Slim Hel\u00fa, el hombre m\u00e1s rico de M\u00e9xico, ve con optimismo el horizonte econ\u00f3mico nacional. Frente a un auditorio colmado de estudiantes universitarios de la Facultad de Derecho de la UNAM, el magnate mexicano ha insuflado de esperanza a los j\u00f3venes sobre el futuro econ\u00f3mico del pa\u00eds: \u201cLo que yo veo para todos ustedes es un M\u00e9xico boyante, con crecimiento sostenido, con muchas oportunidades de generaci\u00f3n de empleo y actividades econ\u00f3micas, ya se empez\u00f3 a dar y se empez\u00f3 a dar porque los Estados Unidos, que durante 20 a\u00f1os dependieron de China, traen una confrontaci\u00f3n econ\u00f3mica y esa producci\u00f3n, que importaba de all\u00e1, ahora la va a tener que producir ac\u00e1\u201d, ha aseverado este mi\u00e9rcoles.<\/p>\n\n\n\n<p>El tambi\u00e9n&nbsp;<a href=\"https:\/\/elpais.com\/mexico\/2022-11-09\/dos-multimillonarios-y-un-financiero-con-un-as-bajo-la-manga-que-fortunas-estan-a-la-caza-de-banamex.html\">due\u00f1o de Grupo Financiero Inbursa&nbsp;<\/a>y de Grupo Carso \u2014con una fortuna de casi 80.000 millones de d\u00f3lares\u2014 ha advertido en el recinto universitario que M\u00e9xico no debe desaprovechar, como sucedi\u00f3 en el pasado, las oportunidades que se presentar\u00e1n en el futuro. \u201cLas finanzas p\u00fablicas est\u00e1n sanas y van a quedar sanas hasta el fin de este Gobierno, eso es importante. Estoy convencido de que los pr\u00f3ximos a\u00f1os van a ser de mucho trabajo, de muchas oportunidades y que para M\u00e9xico le espera, ojal\u00e1 y no nos volvamos a equivocar como ya van seis o siete veces y que podamos hacerlo bien hecho y como en esta ocasi\u00f3n pareciera que no hay remedio\u201d, a\u00f1adi\u00f3.<\/p>\n\n\n\n<p>Slim Hel\u00fa asever\u00f3 que es indispensable que M\u00e9xico comience a generar crecimiento y empleos internos, porque desde hace 40 a\u00f1os su crecimiento econ\u00f3mico anual es del 2% y parte de la pobreza la combate con&nbsp;<a href=\"https:\/\/elpais.com\/internacional\/2022-10-25\/los-migrantes-latinos-rompieron-records-de-envio-de-remesas-en-el-primer-semestre-de-2022.html\">las remesas que env\u00edan los mexicanos<\/a>&nbsp;en Estados Unidos. \u201cLa necesidad de Estados Unidos y de Canad\u00e1 de poder producir internamente o con nosotros, porque la posibilidad de tener los costos que tiene con China no se dan m\u00e1s que con M\u00e9xico y mejores\u201d, a\u00f1adi\u00f3. El empresario estim\u00f3 que el crecimiento de la econom\u00eda mexicana ser\u00e1 similar al que se vivi\u00f3 entre 1952 y 1970, con tasas superiores al 6% anual.<\/p>\n\n\n\n<p>En sinton\u00eda con las l\u00edneas de este Gobierno, el due\u00f1o de Telcel mencion\u00f3 que\u00a0<a href=\"https:\/\/elpais.com\/mexico\/2022-10-28\/pemex-vuelve-a-caer-52000-millones-de-pesos-de-perdidas-en-el-tercer-trimestre.html\">la producci\u00f3n petrolera\u00a0<\/a>ha sido un pilar para detonar este crecimiento econ\u00f3mico. \u201cM\u00e9xico est\u00e1 aumentando mucho la producci\u00f3n, que se hab\u00eda ca\u00eddo en 3,2 millones de barriles. Lo que quiero subrayar es que el mundo que les va a tocar, creo que les va a tocar vivir ser\u00e1 de mucho trabajo, de mucha inversi\u00f3n, de mucha actividad\u201d, dijo a los estudiantes que asistieron a la firma del convenio de colaboraci\u00f3n entre la Suprema Corte de Justicia de la Naci\u00f3n (SCJN) y la Universidad Nacional Aut\u00f3noma de M\u00e9xico (UNAM).<\/p>\n\n\n\n<figure class=\"wp-block-embed is-type-rich is-provider-twitter wp-block-embed-twitter\"><div class=\"wp-block-embed__wrapper\">\n<blockquote class=\"twitter-tweet\" data-width=\"500\" data-dnt=\"true\"><p lang=\"es\" dir=\"ltr\">Expreso mi enorme gratitud y emoci\u00f3n por este sorpresivo reconocimiento que acepto emocionado, agradecido y conmovido: Ministro Presidente <a href=\"https:\/\/twitter.com\/ArturoZaldivarL?ref_src=twsrc%5Etfw\">@ArturoZaldivarL<\/a> <br>\u2b55\ufe0f <a href=\"https:\/\/t.co\/FOB9W8trWa\">https:\/\/t.co\/FOB9W8trWa<\/a> <a href=\"https:\/\/t.co\/3hVSSMADgH\">pic.twitter.com\/3hVSSMADgH<\/a><\/p>&mdash; Suprema Corte (@SCJN) <a href=\"https:\/\/twitter.com\/SCJN\/status\/1590391274930311169?ref_src=twsrc%5Etfw\">November 9, 2022<\/a><\/blockquote><script async src=\"https:\/\/platform.twitter.com\/widgets.js\" charset=\"utf-8\"><\/script>\n<\/div><\/figure>\n\n\n\n<p>Slim Hel\u00fa, tambi\u00e9n presidente de los consejos de administraci\u00f3n de Fundaci\u00f3n Telmex y Fundaci\u00f3n Carlos Slim, hizo entrega de tabletas electr\u00f3nicas a los alumnos seleccionados y se\u00f1al\u00f3 que, a trav\u00e9s del convenio entre la Suprema Corte de Justicia y la UNAM se estimula e impulsa a los estudiantes m\u00e1s destacados en sus calificaciones, con el fin de formar juristas de excelencia acad\u00e9mica, potenciar su formaci\u00f3n y acelerar el acceso a su vida profesional.<\/p>\n\n\n\n<p><a href=\"https:\/\/plus.elpais.com\/newsletters\/lnp\/1\/348\"><strong>Suscr\u00edbase aqu\u00ed<\/strong><\/a>a la\u00a0<em>newsletter<\/em>\u00a0de EL PA\u00cdS M\u00e9xico y reciba todas las claves informativas de la actualidad de este pa\u00eds<\/p>\n\n\n\n<p>Fuente: https:\/\/elpais.com\/mexico\/2022-11-10\/carlos-slim-elogia-la-gestion-economica-del-gobierno-veo-un-mexico-boyante.html<\/p>\n","protected":false},"excerpt":{"rendered":"<p>El due\u00f1o de Am\u00e9rica M\u00f3vil ha asegurado que las finanzas p\u00fablicas del pa\u00eds seguir\u00e1n sanas hasta el fin del Gobierno [&hellip;]<\/p>\n","protected":false},"author":1,"featured_media":40859,"comment_status":"open","ping_status":"open","sticky":false,"template":"","format":"standard","meta":{"site-sidebar-layout":"default","site-content-layout":"","ast-site-content-layout":"default","site-content-style":"default","site-sidebar-style":"default","ast-global-header-display":"","ast-banner-title-visibility":"","ast-main-header-display":"","ast-hfb-above-header-display":"","ast-hfb-below-header-display":"","ast-hfb-mobile-header-display":"","site-post-title":"","ast-breadcrumbs-content":"","ast-featured-img":"","footer-sml-layout":"","theme-transparent-header-meta":"","adv-header-id-meta":"","stick-header-meta":"","header-above-stick-meta":"","header-main-stick-meta":"","header-below-stick-meta":"","astra-migrate-meta-layouts":"default","ast-page-background-enabled":"default","ast-page-background-meta":{"desktop":{"background-color":"var(--ast-global-color-4)","background-image":"","background-repeat":"repeat","background-position":"center center","background-size":"auto","background-attachment":"scroll","background-type":"","background-media":"","overlay-type":"","overlay-color":"","overlay-opacity":"","overlay-gradient":""},"tablet":{"background-color":"","background-image":"","background-repeat":"repeat","background-position":"center center","background-size":"auto","background-attachment":"scroll","background-type":"","background-media":"","overlay-type":"","overlay-color":"","overlay-opacity":"","overlay-gradient":""},"mobile":{"background-color":"","background-image":"","background-repeat":"repeat","background-position":"center center","background-size":"auto","background-attachment":"scroll","background-type":"","background-media":"","overlay-type":"","overlay-color":"","overlay-opacity":"","overlay-gradient":""}},"ast-content-background-meta":{"desktop":{"background-color":"var(--ast-global-color-5)","background-image":"","background-repeat":"repeat","background-position":"center center","background-size":"auto","background-attachment":"scroll","background-type":"","background-media":"","overlay-type":"","overlay-color":"","overlay-opacity":"","overlay-gradient":""},"tablet":{"background-color":"var(--ast-global-color-5)","background-image":"","background-repeat":"repeat","background-position":"center center","background-size":"auto","background-attachment":"scroll","background-type":"","background-media":"","overlay-type":"","overlay-color":"","overlay-opacity":"","overlay-gradient":""},"mobile":{"background-color":"var(--ast-global-color-5)","background-image":"","background-repeat":"repeat","background-position":"center center","background-size":"auto","background-attachment":"scroll","background-type":"","background-media":"","overlay-type":"","overlay-color":"","overlay-opacity":"","overlay-gradient":""}},"footnotes":""},"categories":[8],"tags":[2243,9313],"class_list":["post-40858","post","type-post","status-publish","format-standard","has-post-thumbnail","hentry","category-noticias","tag-carlos-slim","tag-economia-mexico"],"_links":{"self":[{"href":"https:\/\/losperiodistas.com.mx\/portal\/wp-json\/wp\/v2\/posts\/40858","targetHints":{"allow":["GET"]}}],"collection":[{"href":"https:\/\/losperiodistas.com.mx\/portal\/wp-json\/wp\/v2\/posts"}],"about":[{"href":"https:\/\/losperiodistas.com.mx\/portal\/wp-json\/wp\/v2\/types\/post"}],"author":[{"embeddable":true,"href":"https:\/\/losperiodistas.com.mx\/portal\/wp-json\/wp\/v2\/users\/1"}],"replies":[{"embeddable":true,"href":"https:\/\/losperiodistas.com.mx\/portal\/wp-json\/wp\/v2\/comments?post=40858"}],"version-history":[{"count":1,"href":"https:\/\/losperiodistas.com.mx\/portal\/wp-json\/wp\/v2\/posts\/40858\/revisions"}],"predecessor-version":[{"id":40860,"href":"https:\/\/losperiodistas.com.mx\/portal\/wp-json\/wp\/v2\/posts\/40858\/revisions\/40860"}],"wp:featuredmedia":[{"embeddable":true,"href":"https:\/\/losperiodistas.com.mx\/portal\/wp-json\/wp\/v2\/media\/40859"}],"wp:attachment":[{"href":"https:\/\/losperiodistas.com.mx\/portal\/wp-json\/wp\/v2\/media?parent=40858"}],"wp:term":[{"taxonomy":"category","embeddable":true,"href":"https:\/\/losperiodistas.com.mx\/portal\/wp-json\/wp\/v2\/categories?post=40858"},{"taxonomy":"post_tag","embeddable":true,"href":"https:\/\/losperiodistas.com.mx\/portal\/wp-json\/wp\/v2\/tags?post=40858"}],"curies":[{"name":"wp","href":"https:\/\/api.w.org\/{rel}","templated":true}]}}