{"id":40855,"date":"2022-11-10T07:32:20","date_gmt":"2022-11-10T13:32:20","guid":{"rendered":"http:\/\/losperiodistas.com.mx\/portal\/?p=40855"},"modified":"2022-11-10T07:32:22","modified_gmt":"2022-11-10T13:32:22","slug":"mexico-suprema-corte-posterga-fallo-que-prohibiria-nacimientos-de-navidad-en-espacios-publicos-aci","status":"publish","type":"post","link":"https:\/\/losperiodistas.com.mx\/portal\/mexico-suprema-corte-posterga-fallo-que-prohibiria-nacimientos-de-navidad-en-espacios-publicos-aci\/","title":{"rendered":"M\u00e9xico: Suprema Corte posterga fallo que prohibir\u00eda nacimientos de Navidad en espacios p\u00fablicos | ACI"},"content":{"rendered":"\n<figure class=\"wp-block-image size-full is-style-default\"><img fetchpriority=\"high\" decoding=\"async\" width=\"900\" height=\"500\" src=\"https:\/\/losperiodistas.com.mx\/portal\/wp-content\/uploads\/2022\/11\/Nacimiento-Navidad-Suprema-Corte-Al-Elmes-091122.jpg\" alt=\"\" class=\"wp-image-40856\" srcset=\"https:\/\/losperiodistas.com.mx\/portal\/wp-content\/uploads\/2022\/11\/Nacimiento-Navidad-Suprema-Corte-Al-Elmes-091122.jpg 900w, https:\/\/losperiodistas.com.mx\/portal\/wp-content\/uploads\/2022\/11\/Nacimiento-Navidad-Suprema-Corte-Al-Elmes-091122-300x167.jpg 300w, https:\/\/losperiodistas.com.mx\/portal\/wp-content\/uploads\/2022\/11\/Nacimiento-Navidad-Suprema-Corte-Al-Elmes-091122-768x427.jpg 768w\" sizes=\"(max-width: 900px) 100vw, 900px\" \/><figcaption>Imagen referencial. Cr\u00e9dito: Al Elmes \/ Unsplash.<\/figcaption><\/figure>\n\n\n\n<p>DAVID RAMOS \/ ACI PRENSA<\/p>\n\n\n\n<p>La Suprema Corte de Justicia de la Naci\u00f3n (SCJN) posterg\u00f3 hoy el debate y votaci\u00f3n de una sentencia que podr\u00eda prohibir la instalaci\u00f3n de nacimientos de Navidad en espacios p\u00fablicos de todo M\u00e9xico.<\/p>\n\n\n\n<p>La discusi\u00f3n del proyecto de sentencia, que propone prohibir que se instalen en espacios p\u00fablicos \u201csignos que hagan alusi\u00f3n a una convicci\u00f3n religiosa espec\u00edfica\u201d, estaba programada inicialmente para este mi\u00e9rcoles 9 de noviembre en la Primera Sala de la SCJN.<\/p>\n\n\n\n<figure class=\"wp-block-embed is-type-rich is-provider-twitter wp-block-embed-twitter\"><div class=\"wp-block-embed__wrapper\">\n<blockquote class=\"twitter-tweet\" data-width=\"500\" data-dnt=\"true\"><p lang=\"es\" dir=\"ltr\">\u00a1Hoy prevaleci\u00f3 la Libertad Religiosa! La <a href=\"https:\/\/twitter.com\/SCJN?ref_src=twsrc%5Etfw\">@SCJN<\/a> decidi\u00f3 posponer la resoluci\u00f3n sobre <a href=\"https:\/\/twitter.com\/hashtag\/LibertadReligiosa?src=hash&amp;ref_src=twsrc%5Etfw\">#LibertadReligiosa<\/a> con la que se pretende prohibir s\u00edmbolos religiosos en espacios p\u00fablicos. Sigamos exigiendo que se respete la <a href=\"https:\/\/twitter.com\/hashtag\/LibertadReligiosa?src=hash&amp;ref_src=twsrc%5Etfw\">#LibertadReligiosa<\/a>. <a href=\"https:\/\/twitter.com\/hashtag\/SiALosNacimientos?src=hash&amp;ref_src=twsrc%5Etfw\">#SiALosNacimientos<\/a> <a href=\"https:\/\/twitter.com\/ArturoZaldivarL?ref_src=twsrc%5Etfw\">@ArturoZaldivarL<\/a> <a href=\"https:\/\/t.co\/Ku4GRMJ7Yw\">pic.twitter.com\/Ku4GRMJ7Yw<\/a><\/p>&mdash; Frente Nacional por la Familia (@FNxFamilia) <a href=\"https:\/\/twitter.com\/FNxFamilia\/status\/1590465894668734465?ref_src=twsrc%5Etfw\">November 9, 2022<\/a><\/blockquote><script async src=\"https:\/\/platform.twitter.com\/widgets.js\" charset=\"utf-8\"><\/script>\n<\/div><\/figure>\n\n\n\n<p>El proyecto de sentencia, elaborado por el \u200b\u200bministro Juan Luis Gonz\u00e1lez Alc\u00e1ntara Carranc\u00e1, responde a un amparo interpuesto por la ONG Kanan Derechos Humanos contra tres ayuntamientos en el estado de Yucat\u00e1n: M\u00e9rida, Chochol\u00e1 y Mococh\u00e1.<\/p>\n\n\n\n<p>La ONG mexicana protest\u00f3 ante la justicia por la colocaci\u00f3n de \u201cobjetos decorativos en alusi\u00f3n al \u2018nacimiento de Jesucristo\u2019 los meses de diciembre y enero\u201d, en espacios p\u00fablicos.<\/p>\n\n\n\n<p>La postergaci\u00f3n se produce apenas 24 horas despu\u00e9s de que&nbsp;<a href=\"https:\/\/www.aciprensa.com\/noticias\/si-a-los-nacimientos-miles-exigen-a-suprema-corte-respetar-la-libertad-religiosa-en-mexico-31034\">organizaciones de la sociedad civil entregaron a la Suprema Corte m\u00e1s de 40 mil firmas<\/a>&nbsp;exigiendo que se respete la libertad religiosa en M\u00e9xico.<\/p>\n\n\n\n<p>Tras la postergaci\u00f3n, la SCJN podr\u00eda reprogramar la discusi\u00f3n y votaci\u00f3n del proyecto de sentencia en los pr\u00f3ximos d\u00edas.<\/p>\n\n\n\n<p>Expertos en la defensa de la libertad religiosa han advertido que de ser aprobado el proyecto de sentencia, la prohibici\u00f3n podr\u00eda afectar no solo a los nacimientos en Navidad, sino a expresiones de devoci\u00f3n en espacios p\u00fablicos como im\u00e1genes de la Virgen de Guadalupe y de San Judas Tadeo.<\/p>\n\n\n\n<p>Este 9 de noviembre, la Conferencia del Episcopado Mexicano (CEM) expres\u00f3 nuevamente su rechazo a este proyecto de sentencia.<\/p>\n\n\n\n<p>En un video mensaje, el secretario general de la CEM y Obispo de Cuernavaca, Mons. Ram\u00f3n Castro Castro, record\u00f3 que \u201cla pr\u00e1ctica religiosa del pueblo, con diversas tradiciones y costumbres, est\u00e1 impregnada de toda clase de celebraciones y expresiones de enorme riqueza que deben respetarse y preservarse\u201d.&nbsp;<\/p>\n\n\n\n<p>\u201cLos obispos mexicanos expresamos nuestra gran preocupaci\u00f3n y rechazo al proyecto de resoluci\u00f3n que ser\u00e1 discutido por la Primera Sala de la Suprema Corte de Justicia de la Naci\u00f3n\u201d, dijo.<\/p>\n\n\n\n<p>\u201cEn este momento en el que nuestro pa\u00eds est\u00e1 sufriendo el flagelo de la inseguridad y la violencia, desbordadas, el proyecto publicado por la Suprema Corte pretende limitar las expresiones y manifestaciones religiosas que son promotoras de la cultura de la paz y del amor entre los hombres\u201d.\u00a0<\/p>\n\n\n\n<p><a href=\"https:\/\/www.facebook.com\/watch\/?v=670810267992234\">https:\/\/www.facebook.com\/watch\/?v=670810267992234<\/a><\/p>\n\n\n\n<p>El Secretario General del Episcopado advirti\u00f3 que \u201cde aprobarse una resoluci\u00f3n as\u00ed, estar\u00edamos retrocediendo mucho en los derechos humanos en M\u00e9xico\u201d.<\/p>\n\n\n\n<p>\u201cBajo esta \u00f3ptica se llegar\u00eda al extremo de legitimar la prohibici\u00f3n de colocar o portar un crucifijo o la imagen de la Virgen de Guadalupe o cualquier otra expresi\u00f3n o imagen religiosa de las distintas creencias\u201d, dijo.<\/p>\n\n\n\n<p>Mons. Castro Castro denunci\u00f3 adem\u00e1s que \u201cla prohibici\u00f3n de la representaci\u00f3n del nacimiento de Jes\u00fas en la Navidad es un intento por privar al pueblo de sus expresiones religiosas m\u00e1s \u00edntimas y sagradas\u201d.<\/p>\n\n\n\n<p>\u201cRogamos a Santa Mar\u00eda de Guadalupe, Madre de los mexicanos, para que interceda por su pueblo que tanto le ama y venera en todo el mundo\u201d, concluy\u00f3.<\/p>\n\n\n\n<p>Fuente: https:\/\/www.aciprensa.com\/noticias\/mexico-suprema-corte-posterga-fallo-que-prohibiria-nacimientos-de-navidad-en-espacios-publicos-50016<\/p>\n","protected":false},"excerpt":{"rendered":"<p>DAVID RAMOS \/ ACI PRENSA La Suprema Corte de Justicia de la Naci\u00f3n (SCJN) posterg\u00f3 hoy el debate y votaci\u00f3n [&hellip;]<\/p>\n","protected":false},"author":1,"featured_media":40856,"comment_status":"open","ping_status":"open","sticky":false,"template":"","format":"standard","meta":{"site-sidebar-layout":"default","site-content-layout":"","ast-site-content-layout":"default","site-content-style":"default","site-sidebar-style":"default","ast-global-header-display":"","ast-banner-title-visibility":"","ast-main-header-display":"","ast-hfb-above-header-display":"","ast-hfb-below-header-display":"","ast-hfb-mobile-header-display":"","site-post-title":"","ast-breadcrumbs-content":"","ast-featured-img":"","footer-sml-layout":"","theme-transparent-header-meta":"","adv-header-id-meta":"","stick-header-meta":"","header-above-stick-meta":"","header-main-stick-meta":"","header-below-stick-meta":"","astra-migrate-meta-layouts":"default","ast-page-background-enabled":"default","ast-page-background-meta":{"desktop":{"background-color":"var(--ast-global-color-4)","background-image":"","background-repeat":"repeat","background-position":"center center","background-size":"auto","background-attachment":"scroll","background-type":"","background-media":"","overlay-type":"","overlay-color":"","overlay-opacity":"","overlay-gradient":""},"tablet":{"background-color":"","background-image":"","background-repeat":"repeat","background-position":"center center","background-size":"auto","background-attachment":"scroll","background-type":"","background-media":"","overlay-type":"","overlay-color":"","overlay-opacity":"","overlay-gradient":""},"mobile":{"background-color":"","background-image":"","background-repeat":"repeat","background-position":"center center","background-size":"auto","background-attachment":"scroll","background-type":"","background-media":"","overlay-type":"","overlay-color":"","overlay-opacity":"","overlay-gradient":""}},"ast-content-background-meta":{"desktop":{"background-color":"var(--ast-global-color-5)","background-image":"","background-repeat":"repeat","background-position":"center center","background-size":"auto","background-attachment":"scroll","background-type":"","background-media":"","overlay-type":"","overlay-color":"","overlay-opacity":"","overlay-gradient":""},"tablet":{"background-color":"var(--ast-global-color-5)","background-image":"","background-repeat":"repeat","background-position":"center center","background-size":"auto","background-attachment":"scroll","background-type":"","background-media":"","overlay-type":"","overlay-color":"","overlay-opacity":"","overlay-gradient":""},"mobile":{"background-color":"var(--ast-global-color-5)","background-image":"","background-repeat":"repeat","background-position":"center center","background-size":"auto","background-attachment":"scroll","background-type":"","background-media":"","overlay-type":"","overlay-color":"","overlay-opacity":"","overlay-gradient":""}},"footnotes":""},"categories":[8],"tags":[],"class_list":["post-40855","post","type-post","status-publish","format-standard","has-post-thumbnail","hentry","category-noticias"],"_links":{"self":[{"href":"https:\/\/losperiodistas.com.mx\/portal\/wp-json\/wp\/v2\/posts\/40855","targetHints":{"allow":["GET"]}}],"collection":[{"href":"https:\/\/losperiodistas.com.mx\/portal\/wp-json\/wp\/v2\/posts"}],"about":[{"href":"https:\/\/losperiodistas.com.mx\/portal\/wp-json\/wp\/v2\/types\/post"}],"author":[{"embeddable":true,"href":"https:\/\/losperiodistas.com.mx\/portal\/wp-json\/wp\/v2\/users\/1"}],"replies":[{"embeddable":true,"href":"https:\/\/losperiodistas.com.mx\/portal\/wp-json\/wp\/v2\/comments?post=40855"}],"version-history":[{"count":1,"href":"https:\/\/losperiodistas.com.mx\/portal\/wp-json\/wp\/v2\/posts\/40855\/revisions"}],"predecessor-version":[{"id":40857,"href":"https:\/\/losperiodistas.com.mx\/portal\/wp-json\/wp\/v2\/posts\/40855\/revisions\/40857"}],"wp:featuredmedia":[{"embeddable":true,"href":"https:\/\/losperiodistas.com.mx\/portal\/wp-json\/wp\/v2\/media\/40856"}],"wp:attachment":[{"href":"https:\/\/losperiodistas.com.mx\/portal\/wp-json\/wp\/v2\/media?parent=40855"}],"wp:term":[{"taxonomy":"category","embeddable":true,"href":"https:\/\/losperiodistas.com.mx\/portal\/wp-json\/wp\/v2\/categories?post=40855"},{"taxonomy":"post_tag","embeddable":true,"href":"https:\/\/losperiodistas.com.mx\/portal\/wp-json\/wp\/v2\/tags?post=40855"}],"curies":[{"name":"wp","href":"https:\/\/api.w.org\/{rel}","templated":true}]}}