{"id":40852,"date":"2022-11-10T07:18:16","date_gmt":"2022-11-10T13:18:16","guid":{"rendered":"http:\/\/losperiodistas.com.mx\/portal\/?p=40852"},"modified":"2022-11-10T07:18:18","modified_gmt":"2022-11-10T13:18:18","slug":"el-papa-los-sacerdotes-no-deben-ser-superhombres-sino-personas-humildes-vatican-news","status":"publish","type":"post","link":"https:\/\/losperiodistas.com.mx\/portal\/el-papa-los-sacerdotes-no-deben-ser-superhombres-sino-personas-humildes-vatican-news\/","title":{"rendered":"El Papa: Los sacerdotes no deben ser \u00absuperhombres\u00bb sino personas humildes | Vatican News"},"content":{"rendered":"\n<p class=\"has-luminous-vivid-amber-background-color has-background has-medium-font-size\">En el discurso, no pronunciado pero s\u00ed entregado, a los participantes en el curso para rectores y formadores de los seminarios latinoamericanos, Francisco subray\u00f3 que las aut\u00e9nticas motivaciones vocacionales son \u00abel seguimiento del Se\u00f1or y la instauraci\u00f3n del Reino de Dios\u00bb. Los que se dedican a la formaci\u00f3n sacerdotal, dice el Pont\u00edfice, est\u00e1n llamados a educar \u00abcon su vida, m\u00e1s que con sus palabras\u00bb.<\/p>\n\n\n\n<figure class=\"wp-block-image size-large is-style-default\"><img fetchpriority=\"high\" decoding=\"async\" width=\"1024\" height=\"576\" src=\"https:\/\/losperiodistas.com.mx\/portal\/wp-content\/uploads\/2022\/11\/cq5dam.thumbnail.cropped.1500.844-1-1024x576.jpeg\" alt=\"\" class=\"wp-image-40853\" srcset=\"https:\/\/losperiodistas.com.mx\/portal\/wp-content\/uploads\/2022\/11\/cq5dam.thumbnail.cropped.1500.844-1-1024x576.jpeg 1024w, https:\/\/losperiodistas.com.mx\/portal\/wp-content\/uploads\/2022\/11\/cq5dam.thumbnail.cropped.1500.844-1-300x169.jpeg 300w, https:\/\/losperiodistas.com.mx\/portal\/wp-content\/uploads\/2022\/11\/cq5dam.thumbnail.cropped.1500.844-1-768x432.jpeg 768w, https:\/\/losperiodistas.com.mx\/portal\/wp-content\/uploads\/2022\/11\/cq5dam.thumbnail.cropped.1500.844-1.jpeg 1500w\" sizes=\"(max-width: 1024px) 100vw, 1024px\" \/><figcaption>Participantes en el Curso Latinoamericano para Rectores y Formadores de Seminarios.\u00a0 (VATICAN MEDIA Divisione Foto)<\/figcaption><\/figure>\n\n\n\n<p><\/p>\n\n\n\n<p class=\"has-vivid-cyan-blue-color has-text-color has-medium-font-size\">AMEDEO LOMONACO \/ VATICAN NEWS<\/p>\n\n\n\n<p>El Se\u00f1or nos invita a seguir sus huellas, a imitar su camino. Las palabras del discurso, no le\u00eddo sino entregado, del Papa Francisco a los participantes en el curso para rectores y formadores de seminarios latinoamericanos se inclinan en esta direcci\u00f3n fundamental y esencial.<\/p>\n\n\n\n<p>Llegaron a Roma desde casi todos los pa\u00edses del continente y del Caribe para participar en el curso de formaci\u00f3n promovido por el Dicasterio para el Clero. En el texto, el Pont\u00edfice recuerda que hay cuatro \u00abdimensiones presentes en la persona del seminarista\u00bb: humana, intelectual, espiritual y pastoral<\/p>\n\n\n\n<h2 class=\"wp-block-heading\">Renunciar a los protagonismos y so\u00f1ar juntos<\/h2>\n\n\n\n<p>Uno de los retos m\u00e1s importantes en la formaci\u00f3n sacerdotal, seg\u00fan el discurso entregado, es construir \u00abverdaderas comunidades cristianas\u00bb que no s\u00f3lo promuevan \u00abun proyecto formativo coherente\u00bb, sino tambi\u00e9n \u00abuna experiencia verdaderamente comunitaria en todas las dimensiones de la formaci\u00f3n\u00bb. A los sacerdotes en formaci\u00f3n, el Papa les indica, en particular, una prioridad:<\/p>\n\n\n\n<blockquote class=\"wp-block-quote is-layout-flow wp-block-quote-is-layout-flow\"><p><strong><em>\u201c&#8217;Es necesario renunciar a la inercia y al protagonismo y empezar a so\u00f1ar juntos, sin lamentar el pasado, no solos, sino unidos y abiertos a lo que el Se\u00f1or desea hoy como formaci\u00f3n para las pr\u00f3ximas generaciones de sacerdotes inspirados en las orientaciones actuales de la Iglesia\u00bb.\u201d<\/em><\/strong><\/p><\/blockquote>\n\n\n\n<p>Otro reto es formar \u00abcondisc\u00edpulos de los dem\u00e1s fieles cristianos, que comparten \u00ablas mismas necesidades humanas y espirituales\u00bb y est\u00e1n sujetos a \u00ablas mismas fragilidades, limitaciones y errores\u00bb.<\/p>\n\n\n\n<blockquote class=\"wp-block-quote is-layout-flow wp-block-quote-is-layout-flow\"><p><strong><em>\u201cHay que tener cuidado, pues su misi\u00f3n no es formar \u00absuperhombres\u00bb, que pretendan conocer y controlar todo y ser autosuficientes; al contrario, es formar hombres que con humildad sigan el proceso elegido por el Hijo de Dios, que es el camino de la encarnaci\u00f3n.\u201d<\/em><\/strong><\/p><\/blockquote>\n\n\n\n<h2 class=\"wp-block-heading\">Caminos humanos y espirituales<\/h2>\n\n\n\n<p>La dimensi\u00f3n humana de la formaci\u00f3n sacerdotal, subraya el Papa, \u00abno es s\u00f3lo una escuela de virtudes, de crecimiento de la personalidad o de desarrollo personal\u00bb.<\/p>\n\n\n\n<blockquote class=\"wp-block-quote is-layout-flow wp-block-quote-is-layout-flow\"><p><strong><em>\u201cPero tambi\u00e9n y sobre todo implica una maduraci\u00f3n integral de la persona potenciada por la gracia de Dios que, teniendo en cuenta los condicionamientos biol\u00f3gicos, psicol\u00f3gicos y sociales de cada persona, es capaz de transformarla y elevarla, sobre todo cuando la persona y la comunidad se esfuerzan por colaborar con ella de forma transparente y veraz. En \u00faltima instancia, las aut\u00e9nticas motivaciones vocacionales, es decir, el seguimiento del Se\u00f1or y la instauraci\u00f3n del Reino de Dios, est\u00e1n en la base de un proceso que es a la vez humano y espiritual.\u201d<\/em><\/strong><\/p><\/blockquote>\n\n\n\n<p>Una de las tareas m\u00e1s importantes en el proceso formativo de un sacerdote, a\u00f1ade el Pont\u00edfice, \u00abes la lectura gradual\u00bb de su camino.<\/p>\n\n\n\n<blockquote class=\"wp-block-quote is-layout-flow wp-block-quote-is-layout-flow\"><p><strong><em>\u201cEsta visi\u00f3n providencial del propio camino es el tema principal del discernimiento personal y eclesial de la propia vocaci\u00f3n. De hecho, cada seminarista primero, y cada sacerdote despu\u00e9s, con acentos y matices diferentes, debe actualizarla continuamente, sobre todo en las circunstancias m\u00e1s significativas de su propio camino sacerdotal. La comparaci\u00f3n con quienes le acompa\u00f1an en este proceso, tanto en el foro interno como en el externo, le permitir\u00e1 superar cualquier tentaci\u00f3n de autoenga\u00f1o subjetivista y permitir\u00e1 evaluar perspectivas mucho m\u00e1s amplias y objetivas.os, est\u00e1n en la base de un proceso que es a la vez humano y espiritual.\u201d<\/em><\/strong><\/p><\/blockquote>\n\n\n\n<h2 class=\"wp-block-heading\">Una vida dedicada a los futuros pastores<\/h2>\n\n\n\n<p>Los formadores, recuerda el Pont\u00edfice en el discurso entregado, est\u00e1n llamados a educar \u00abcon su vida, m\u00e1s que con sus palabras\u00bb: \u00abla sinton\u00eda humana y espiritual de los formadores, en particular del rector del seminario, es una de las mediaciones m\u00e1s importantes en el acompa\u00f1amiento formativo\u00bb. Los formadores sacerdotales dan testimonio con su vida de lo que las palabras y los gestos \u00abintentan transmitir en el di\u00e1logo y la interacci\u00f3n\u00bb con los seminaristas.<\/p>\n\n\n\n<blockquote class=\"wp-block-quote is-layout-flow wp-block-quote-is-layout-flow\"><p><strong><em>\u201cLa vida del formador, su constante crecimiento humano y espiritual como disc\u00edpulo-misionero de Cristo y como sacerdote, sostenido y promovido por la gracia de Dios, es sin duda el factor fundamental del que dispone para dar eficacia a su servicio a los seminaristas y a los dem\u00e1s sacerdotes en su configuraci\u00f3n con Cristo, Siervo y Buen Pastor.\u201d<\/em><\/strong><\/p><\/blockquote>\n\n\n\n<p>El servicio prestado a la Iglesia, se\u00f1ala el Papa, \u00abno es sencillo y no pocas veces desaf\u00eda la propia humanidad, porque el formador tiene un coraz\u00f3n cien por cien humano y no pocas veces puede experimentar frustraci\u00f3n, cansancio, ira e impotencia\u00bb.<\/p>\n\n\n\n<blockquote class=\"wp-block-quote is-layout-flow wp-block-quote-is-layout-flow\"><p><strong><em>\u201cDe ah\u00ed la importancia de dirigirse cada d\u00eda a Jes\u00fas, para arrodillarse y en su presencia aprender de Aquel que es manso y humilde de coraz\u00f3n, para que poco a poco nuestro coraz\u00f3n aprenda a latir al ritmo del coraz\u00f3n del Maestro.\u201d<\/em><\/strong><\/p><\/blockquote>\n\n\n\n<h2 class=\"wp-block-heading\">Una formaci\u00f3n sin exclusivismos ni particularismos<\/h2>\n\n\n\n<p>El Papa recuerda tambi\u00e9n que \u00abla formaci\u00f3n sacerdotal tiene como instrumento privilegiado el acompa\u00f1amiento formativo y espiritual de todos\u00bb. Debe garantizarse que cada seminarista tenga \u00abuna ayuda amplia y variada por parte de la comunidad de formadores, sin exclusivismos ni particularismos, pudiendo ser apoyado por sacerdotes de diferentes edades y sensibilidades, seg\u00fan las competencias espec\u00edficas de cada uno\u00bb. El acompa\u00f1amiento formativo debe permitir \u00aba cada futuro pastor discernir y consolidar no s\u00f3lo una aut\u00e9ntica vocaci\u00f3n al sacerdocio, sino tambi\u00e9n el camino personal e irrepetible que el Se\u00f1or le ha trazado para vivirlo y ejercerlo\u00bb. En el texto entregado, el Papa expresa finalmente la gratitud de la Iglesia: \u00abdedicad vuestra vida y vuestro ministerio a los futuros pastores, que ser\u00e1n vuestros hermanos en el presbiterio y que, unidos y bajo la gu\u00eda del obispo, echar\u00e1n las redes del Evangelio como aut\u00e9nticos pescadores de hombres\u00bb.<\/p>\n\n\n\n<p>Fuente: https:\/\/www.vaticannews.va\/es\/papa\/news\/2022-11\/papa-francisco-sacerdortes-formacion-seminarios-audiencia.html<\/p>\n","protected":false},"excerpt":{"rendered":"<p>En el discurso, no pronunciado pero s\u00ed entregado, a los participantes en el curso para rectores y formadores de los [&hellip;]<\/p>\n","protected":false},"author":1,"featured_media":40853,"comment_status":"open","ping_status":"open","sticky":false,"template":"","format":"standard","meta":{"site-sidebar-layout":"default","site-content-layout":"","ast-site-content-layout":"default","site-content-style":"default","site-sidebar-style":"default","ast-global-header-display":"","ast-banner-title-visibility":"","ast-main-header-display":"","ast-hfb-above-header-display":"","ast-hfb-below-header-display":"","ast-hfb-mobile-header-display":"","site-post-title":"","ast-breadcrumbs-content":"","ast-featured-img":"","footer-sml-layout":"","theme-transparent-header-meta":"","adv-header-id-meta":"","stick-header-meta":"","header-above-stick-meta":"","header-main-stick-meta":"","header-below-stick-meta":"","astra-migrate-meta-layouts":"default","ast-page-background-enabled":"default","ast-page-background-meta":{"desktop":{"background-color":"var(--ast-global-color-4)","background-image":"","background-repeat":"repeat","background-position":"center center","background-size":"auto","background-attachment":"scroll","background-type":"","background-media":"","overlay-type":"","overlay-color":"","overlay-opacity":"","overlay-gradient":""},"tablet":{"background-color":"","background-image":"","background-repeat":"repeat","background-position":"center center","background-size":"auto","background-attachment":"scroll","background-type":"","background-media":"","overlay-type":"","overlay-color":"","overlay-opacity":"","overlay-gradient":""},"mobile":{"background-color":"","background-image":"","background-repeat":"repeat","background-position":"center center","background-size":"auto","background-attachment":"scroll","background-type":"","background-media":"","overlay-type":"","overlay-color":"","overlay-opacity":"","overlay-gradient":""}},"ast-content-background-meta":{"desktop":{"background-color":"var(--ast-global-color-5)","background-image":"","background-repeat":"repeat","background-position":"center center","background-size":"auto","background-attachment":"scroll","background-type":"","background-media":"","overlay-type":"","overlay-color":"","overlay-opacity":"","overlay-gradient":""},"tablet":{"background-color":"var(--ast-global-color-5)","background-image":"","background-repeat":"repeat","background-position":"center center","background-size":"auto","background-attachment":"scroll","background-type":"","background-media":"","overlay-type":"","overlay-color":"","overlay-opacity":"","overlay-gradient":""},"mobile":{"background-color":"var(--ast-global-color-5)","background-image":"","background-repeat":"repeat","background-position":"center center","background-size":"auto","background-attachment":"scroll","background-type":"","background-media":"","overlay-type":"","overlay-color":"","overlay-opacity":"","overlay-gradient":""}},"footnotes":""},"categories":[8],"tags":[13692,196,9541],"class_list":["post-40852","post","type-post","status-publish","format-standard","has-post-thumbnail","hentry","category-noticias","tag-humildad-sacerdotal","tag-papa-francisco","tag-sacerdocio"],"_links":{"self":[{"href":"https:\/\/losperiodistas.com.mx\/portal\/wp-json\/wp\/v2\/posts\/40852","targetHints":{"allow":["GET"]}}],"collection":[{"href":"https:\/\/losperiodistas.com.mx\/portal\/wp-json\/wp\/v2\/posts"}],"about":[{"href":"https:\/\/losperiodistas.com.mx\/portal\/wp-json\/wp\/v2\/types\/post"}],"author":[{"embeddable":true,"href":"https:\/\/losperiodistas.com.mx\/portal\/wp-json\/wp\/v2\/users\/1"}],"replies":[{"embeddable":true,"href":"https:\/\/losperiodistas.com.mx\/portal\/wp-json\/wp\/v2\/comments?post=40852"}],"version-history":[{"count":1,"href":"https:\/\/losperiodistas.com.mx\/portal\/wp-json\/wp\/v2\/posts\/40852\/revisions"}],"predecessor-version":[{"id":40854,"href":"https:\/\/losperiodistas.com.mx\/portal\/wp-json\/wp\/v2\/posts\/40852\/revisions\/40854"}],"wp:featuredmedia":[{"embeddable":true,"href":"https:\/\/losperiodistas.com.mx\/portal\/wp-json\/wp\/v2\/media\/40853"}],"wp:attachment":[{"href":"https:\/\/losperiodistas.com.mx\/portal\/wp-json\/wp\/v2\/media?parent=40852"}],"wp:term":[{"taxonomy":"category","embeddable":true,"href":"https:\/\/losperiodistas.com.mx\/portal\/wp-json\/wp\/v2\/categories?post=40852"},{"taxonomy":"post_tag","embeddable":true,"href":"https:\/\/losperiodistas.com.mx\/portal\/wp-json\/wp\/v2\/tags?post=40852"}],"curies":[{"name":"wp","href":"https:\/\/api.w.org\/{rel}","templated":true}]}}