{"id":40845,"date":"2022-11-10T05:55:00","date_gmt":"2022-11-10T11:55:00","guid":{"rendered":"http:\/\/losperiodistas.com.mx\/portal\/?p=40845"},"modified":"2022-11-10T05:55:02","modified_gmt":"2022-11-10T11:55:02","slug":"el-partido-no-es-ni-de-las-adelantadas-ni-de-las-corruptas-acusa-monreal-nacion321","status":"publish","type":"post","link":"https:\/\/losperiodistas.com.mx\/portal\/el-partido-no-es-ni-de-las-adelantadas-ni-de-las-corruptas-acusa-monreal-nacion321\/","title":{"rendered":"\u00abEl partido no es ni de las adelantadas ni de las corruptas\u00bb, acusa Monreal | Naci\u00f3n321"},"content":{"rendered":"\n<figure class=\"wp-block-image size-full is-style-default\"><img fetchpriority=\"high\" decoding=\"async\" width=\"1024\" height=\"600\" src=\"https:\/\/losperiodistas.com.mx\/portal\/wp-content\/uploads\/2022\/11\/36a1694bce981_position1_regular.jpg\" alt=\"\" class=\"wp-image-40846\" srcset=\"https:\/\/losperiodistas.com.mx\/portal\/wp-content\/uploads\/2022\/11\/36a1694bce981_position1_regular.jpg 1024w, https:\/\/losperiodistas.com.mx\/portal\/wp-content\/uploads\/2022\/11\/36a1694bce981_position1_regular-300x176.jpg 300w, https:\/\/losperiodistas.com.mx\/portal\/wp-content\/uploads\/2022\/11\/36a1694bce981_position1_regular-768x450.jpg 768w\" sizes=\"(max-width: 1024px) 100vw, 1024px\" \/><figcaption><strong>\u00a1Pelea en Morena!.<\/strong>La candidatura por la presidencia del 2024, ya confront\u00f3 a los primeros pol\u00edticos<br>Cuartoscuro<\/figcaption><\/figure>\n\n\n\n<p class=\"has-vivid-cyan-blue-color has-text-color has-medium-font-size\">NACI\u00d3N321<\/p>\n\n\n\n<p>El Senador por Morena,&nbsp;<strong>Ricardo Monreal<\/strong>, acus\u00f3 a<strong>&nbsp;Layda Sansores&nbsp;<\/strong>de \u00abmover las piezas\u00bb en su contra y de pretender dividir al partido con la sucesi\u00f3n adelantada y afirm\u00f3 que \u00e9l defender\u00e1 al partido, pues \u00abno es propiedad de nadie, ni de los adelantados, ni de las corruptas\u00bb.&nbsp;<\/p>\n\n\n\n<p>En conferencia de prensa el tambi\u00e9n aspirante a la candidatura a la presidencia para el 2024, dijo que no va a permitir que lo dobleguen, ya que \u00abya inici\u00f3 esta guerra sucia\u00bb.\u00a0<\/p>\n\n\n\n<p class=\"has-cyan-bluish-gray-background-color has-background\"><a href=\"https:\/\/nacion321.com\/politica-1\/ricardo-monreal-estalla-contra-layda-sansores-la-tacha-de-presunta-delincuente\" target=\"_blank\" rel=\"noreferrer noopener\">Relacionada; Ricardo Monreal estalla contra Layda Sansores la tacha de presunta delincuente<\/a><\/p>\n\n\n\n<p>Afirm\u00f3 que ahorita est\u00e1n buscando afectarlo a \u00e9l, pero que ma\u00f1ana puede ser en contra de Marcelo Ebrard.&nbsp;<\/p>\n\n\n\n<p>Tambi\u00e9n critic\u00f3 que la gobernadora de&nbsp;<strong>Campeche<\/strong>, est\u00e9 tan ocupada \u00abpara destruirme, mientras las ciudades est\u00e1n descuidadas\u00bb.&nbsp;<\/p>\n\n\n\n<p>Cuestion\u00f3 el actuar de las autoridades el partido y sostuvo que \u00abes lo que pasa cuando no hay reglas claras en el parido y es lo que yo me pregunto \u00bfD\u00f3nde est\u00e1 el piloto?, no lo s\u00e9, pero es muy triste esto que est\u00e1 pasando porque es malo para la democracia del pa\u00eds.&nbsp;<\/p>\n\n\n\n<p>Agreg\u00f3 que no est\u00e1 en sus facultades pedir el desafuero de la gobernadora, pero que har\u00e1 lo posible para que, dentro de su acci\u00f3n legal buscar\u00e1 que se haga justicia por la manera de atacarlo.\u00a0<\/p>\n\n\n\n<figure class=\"wp-block-embed is-type-rich is-provider-twitter wp-block-embed-twitter\"><div class=\"wp-block-embed__wrapper\">\n<blockquote class=\"twitter-tweet\" data-width=\"500\" data-dnt=\"true\"><p lang=\"es\" dir=\"ltr\"><a href=\"https:\/\/twitter.com\/hashtag\/EnVivo?src=hash&amp;ref_src=twsrc%5Etfw\">#EnVivo<\/a> Converso con los medios de comunicaci\u00f3n que cubren la fuente informativa del <a href=\"https:\/\/twitter.com\/senadomexicano?ref_src=twsrc%5Etfw\">@senadomexicano<\/a>. <a href=\"https:\/\/t.co\/0RGGjDhM76\">https:\/\/t.co\/0RGGjDhM76<\/a><\/p>&mdash; Ricardo Monreal A. (@RicardoMonrealA) <a href=\"https:\/\/twitter.com\/RicardoMonrealA\/status\/1590404481304231936?ref_src=twsrc%5Etfw\">November 9, 2022<\/a><\/blockquote><script async src=\"https:\/\/platform.twitter.com\/widgets.js\" charset=\"utf-8\"><\/script>\n<\/div><\/figure>\n\n\n\n<p>\u00abPorque a parte se est\u00e1n usando cosas del pasado, cosas que ya hab\u00eda aclarado\u00bb, dijo.\u00a0<\/p>\n\n\n\n<p>Aclar\u00f3 que las acusaciones que se hagan en contra de sus hermanos, las tienen que resolver ellos, ya que \u00e9l no es el responsable de sus 14 hermanos.\u00a0<\/p>\n\n\n\n<p>Fuente: https:\/\/www.nacion321.com\/elecciones\/el-partido-no-es-ni-de-las-adelantadas-ni-de-las-corruptas-acusa-monreal<\/p>\n","protected":false},"excerpt":{"rendered":"<p>NACI\u00d3N321 El Senador por Morena,&nbsp;Ricardo Monreal, acus\u00f3 a&nbsp;Layda Sansores&nbsp;de \u00abmover las piezas\u00bb en su contra y de pretender dividir al [&hellip;]<\/p>\n","protected":false},"author":1,"featured_media":40846,"comment_status":"open","ping_status":"open","sticky":false,"template":"","format":"standard","meta":{"site-sidebar-layout":"default","site-content-layout":"","ast-site-content-layout":"default","site-content-style":"default","site-sidebar-style":"default","ast-global-header-display":"","ast-banner-title-visibility":"","ast-main-header-display":"","ast-hfb-above-header-display":"","ast-hfb-below-header-display":"","ast-hfb-mobile-header-display":"","site-post-title":"","ast-breadcrumbs-content":"","ast-featured-img":"","footer-sml-layout":"","theme-transparent-header-meta":"","adv-header-id-meta":"","stick-header-meta":"","header-above-stick-meta":"","header-main-stick-meta":"","header-below-stick-meta":"","astra-migrate-meta-layouts":"default","ast-page-background-enabled":"default","ast-page-background-meta":{"desktop":{"background-color":"var(--ast-global-color-4)","background-image":"","background-repeat":"repeat","background-position":"center center","background-size":"auto","background-attachment":"scroll","background-type":"","background-media":"","overlay-type":"","overlay-color":"","overlay-opacity":"","overlay-gradient":""},"tablet":{"background-color":"","background-image":"","background-repeat":"repeat","background-position":"center center","background-size":"auto","background-attachment":"scroll","background-type":"","background-media":"","overlay-type":"","overlay-color":"","overlay-opacity":"","overlay-gradient":""},"mobile":{"background-color":"","background-image":"","background-repeat":"repeat","background-position":"center center","background-size":"auto","background-attachment":"scroll","background-type":"","background-media":"","overlay-type":"","overlay-color":"","overlay-opacity":"","overlay-gradient":""}},"ast-content-background-meta":{"desktop":{"background-color":"var(--ast-global-color-5)","background-image":"","background-repeat":"repeat","background-position":"center center","background-size":"auto","background-attachment":"scroll","background-type":"","background-media":"","overlay-type":"","overlay-color":"","overlay-opacity":"","overlay-gradient":""},"tablet":{"background-color":"var(--ast-global-color-5)","background-image":"","background-repeat":"repeat","background-position":"center center","background-size":"auto","background-attachment":"scroll","background-type":"","background-media":"","overlay-type":"","overlay-color":"","overlay-opacity":"","overlay-gradient":""},"mobile":{"background-color":"var(--ast-global-color-5)","background-image":"","background-repeat":"repeat","background-position":"center center","background-size":"auto","background-attachment":"scroll","background-type":"","background-media":"","overlay-type":"","overlay-color":"","overlay-opacity":"","overlay-gradient":""}},"footnotes":""},"categories":[8],"tags":[5486,13689,247,2098],"class_list":["post-40845","post","type-post","status-publish","format-standard","has-post-thumbnail","hentry","category-noticias","tag-elecciones-2024","tag-layda-sansores-desafuero","tag-morena","tag-ricardo-monreal"],"_links":{"self":[{"href":"https:\/\/losperiodistas.com.mx\/portal\/wp-json\/wp\/v2\/posts\/40845","targetHints":{"allow":["GET"]}}],"collection":[{"href":"https:\/\/losperiodistas.com.mx\/portal\/wp-json\/wp\/v2\/posts"}],"about":[{"href":"https:\/\/losperiodistas.com.mx\/portal\/wp-json\/wp\/v2\/types\/post"}],"author":[{"embeddable":true,"href":"https:\/\/losperiodistas.com.mx\/portal\/wp-json\/wp\/v2\/users\/1"}],"replies":[{"embeddable":true,"href":"https:\/\/losperiodistas.com.mx\/portal\/wp-json\/wp\/v2\/comments?post=40845"}],"version-history":[{"count":1,"href":"https:\/\/losperiodistas.com.mx\/portal\/wp-json\/wp\/v2\/posts\/40845\/revisions"}],"predecessor-version":[{"id":40847,"href":"https:\/\/losperiodistas.com.mx\/portal\/wp-json\/wp\/v2\/posts\/40845\/revisions\/40847"}],"wp:featuredmedia":[{"embeddable":true,"href":"https:\/\/losperiodistas.com.mx\/portal\/wp-json\/wp\/v2\/media\/40846"}],"wp:attachment":[{"href":"https:\/\/losperiodistas.com.mx\/portal\/wp-json\/wp\/v2\/media?parent=40845"}],"wp:term":[{"taxonomy":"category","embeddable":true,"href":"https:\/\/losperiodistas.com.mx\/portal\/wp-json\/wp\/v2\/categories?post=40845"},{"taxonomy":"post_tag","embeddable":true,"href":"https:\/\/losperiodistas.com.mx\/portal\/wp-json\/wp\/v2\/tags?post=40845"}],"curies":[{"name":"wp","href":"https:\/\/api.w.org\/{rel}","templated":true}]}}