{"id":40841,"date":"2022-11-10T05:48:17","date_gmt":"2022-11-10T11:48:17","guid":{"rendered":"http:\/\/losperiodistas.com.mx\/portal\/?p=40841"},"modified":"2022-11-10T05:48:21","modified_gmt":"2022-11-10T11:48:21","slug":"el-payaso-chuponcito-sera-vinculado-a-proceso-por-presunto-acoso-sexual-proceso","status":"publish","type":"post","link":"https:\/\/losperiodistas.com.mx\/portal\/el-payaso-chuponcito-sera-vinculado-a-proceso-por-presunto-acoso-sexual-proceso\/","title":{"rendered":"El payaso Chuponcito ser\u00e1 vinculado a proceso por presunto acoso sexual | Proceso"},"content":{"rendered":"\n<p class=\"has-luminous-vivid-amber-background-color has-background\"><strong>La exasistente del comediante asegura que la juez octavo de distrito en materia penal le concedi\u00f3 amparo, por lo que podr\u00eda iniciarse el proceso legal.<\/strong><\/p>\n\n\n\n<figure class=\"wp-block-image size-full is-style-default\"><img fetchpriority=\"high\" decoding=\"async\" width=\"800\" height=\"450\" src=\"https:\/\/losperiodistas.com.mx\/portal\/wp-content\/uploads\/2022\/11\/f800x450-164280_215726_5050.jpeg\" alt=\"\" class=\"wp-image-40842\" srcset=\"https:\/\/losperiodistas.com.mx\/portal\/wp-content\/uploads\/2022\/11\/f800x450-164280_215726_5050.jpeg 800w, https:\/\/losperiodistas.com.mx\/portal\/wp-content\/uploads\/2022\/11\/f800x450-164280_215726_5050-300x169.jpeg 300w, https:\/\/losperiodistas.com.mx\/portal\/wp-content\/uploads\/2022\/11\/f800x450-164280_215726_5050-768x432.jpeg 768w\" sizes=\"(max-width: 800px) 100vw, 800px\" \/><figcaption>El payaso Chuponcito. Foto: Instagram<\/figcaption><\/figure>\n\n\n\n<p class=\"has-vivid-cyan-blue-color has-text-color has-medium-font-size\">REDACCI\u00d3N PROCESO<\/p>\n\n\n\n<p>CIUDAD DE M\u00c9XICO (apro). \u2013 Jos\u00e9 Alberto Flores Jandeter, conocido como el payaso Chuponcito, ser\u00e1 vinculado a proceso por presunto acoso sexual, seg\u00fan inform\u00f3 este mi\u00e9rcoles su exasistente Carla Oaxaca, quien lo acus\u00f3 ante las autoridades.<\/p>\n\n\n\n<figure class=\"wp-block-embed is-type-video is-provider-youtube wp-block-embed-youtube wp-embed-aspect-16-9 wp-has-aspect-ratio\"><div class=\"wp-block-embed__wrapper\">\n<iframe title=\"\u00a1Chuponcito fue demandado por su exasistente por acoso sexual! | De Primera Mano\" width=\"500\" height=\"281\" src=\"https:\/\/www.youtube.com\/embed\/dr5QMjBYeQg?feature=oembed\" frameborder=\"0\" allow=\"accelerometer; autoplay; clipboard-write; encrypted-media; gyroscope; picture-in-picture; web-share\" referrerpolicy=\"strict-origin-when-cross-origin\" allowfullscreen><\/iframe>\n<\/div><\/figure>\n\n\n\n<p>El caso data de 2020, cuando Carla Oaxaca present\u00f3 denuncia por acoso contra el comediante, quien seg\u00fan su testimonio le habr\u00eda enviado mensajes de acoso e incluso la habr\u00eda tocado\u00a0de forma inapropiada, entre otras formas de violencia sexual.<\/p>\n\n\n\n<h5 class=\"wp-block-heading\">NOTICIAS RELACIONADAS<\/h5>\n\n\n\n<ul class=\"wp-block-list\"><li><a href=\"https:\/\/www.proceso.com.mx\/nacional\/2022\/10\/19\/el-reto-de-las-periodistas-mexicanas-frente-al-acoso-sexual-la-brecha-salarial-en-las-redacciones-295447.html\">El reto de las periodistas mexicanas frente al acoso sexual y la brecha salarial en las redacciones<\/a><\/li><li><a href=\"https:\/\/www.proceso.com.mx\/cultura\/2022\/10\/5\/maca-carriedo-revela-que-sufrio-acoso-sexual-del-escritor-sergio-zurita-294645.html\">Maca Carriedo revela que sufri\u00f3 acoso sexual del escritor Sergio Zurita<\/a><\/li><\/ul>\n\n\n\n<p>\u201cTuve que recurrir a la tercera instancia que es el amparo y acaba de salir la resoluci\u00f3n y la justicia decide ampararme y protegerme en este proceso\u201d, declar\u00f3 Carla Oaxaca al programa Ventaneando.<\/p>\n\n\n\n<figure class=\"wp-block-embed is-type-video is-provider-youtube wp-block-embed-youtube wp-embed-aspect-16-9 wp-has-aspect-ratio\"><div class=\"wp-block-embed__wrapper\">\n<iframe title=\"\u00a1Carla Oaxaca denunci\u00f3 a &#039;Chuponcito&#039; por acoso sexual y violencia digital! | Ventaneando\" width=\"500\" height=\"281\" src=\"https:\/\/www.youtube.com\/embed\/kMsKddSigvk?feature=oembed\" frameborder=\"0\" allow=\"accelerometer; autoplay; clipboard-write; encrypted-media; gyroscope; picture-in-picture; web-share\" referrerpolicy=\"strict-origin-when-cross-origin\" allowfullscreen><\/iframe>\n<\/div><\/figure>\n\n\n\n<p>La decisi\u00f3n la tom\u00f3 la juez octavo de distrito de amparo en materia penal, asegur\u00f3.<\/p>\n\n\n\n<p>\u201c\u00bfEsto qu\u00e9 significa? Que a partir de este momento el se\u00f1or ser\u00e1 notificado y vinculado a proceso para poder iniciar con un juicio y se decida la sentencia que tenga que pagar.<\/p>\n\n\n\n<p>\u201cEstoy satisfecha porque s\u00e9 que la justicia s\u00ed existe\u201d, dijo mientras en pantalla aparec\u00eda copia de la resoluci\u00f3n.<\/p>\n\n\n\n<figure class=\"wp-block-embed is-type-video is-provider-youtube wp-block-embed-youtube wp-embed-aspect-16-9 wp-has-aspect-ratio\"><div class=\"wp-block-embed__wrapper\">\n<iframe title=\"Ex de Chuponcito asegura hay m\u00e1s presuntas v\u00edctimas de acoso y extorsi\u00f3n | Sale el Sol\" width=\"500\" height=\"281\" src=\"https:\/\/www.youtube.com\/embed\/tt2wlQsY_Mg?feature=oembed\" frameborder=\"0\" allow=\"accelerometer; autoplay; clipboard-write; encrypted-media; gyroscope; picture-in-picture; web-share\" referrerpolicy=\"strict-origin-when-cross-origin\" allowfullscreen><\/iframe>\n<\/div><\/figure>\n\n\n\n<p><em>(A partir del minuto 35:33)<\/em><\/p>\n\n\n\n<figure class=\"wp-block-embed is-type-video is-provider-youtube wp-block-embed-youtube wp-embed-aspect-16-9 wp-has-aspect-ratio\"><div class=\"wp-block-embed__wrapper\">\n<iframe title=\"\u00a1Chuponcito enfrenta tercera denuncia por presunto abuso! | Sale el Sol\" width=\"500\" height=\"281\" src=\"https:\/\/www.youtube.com\/embed\/zTjAgpkTahU?feature=oembed\" frameborder=\"0\" allow=\"accelerometer; autoplay; clipboard-write; encrypted-media; gyroscope; picture-in-picture; web-share\" referrerpolicy=\"strict-origin-when-cross-origin\" allowfullscreen><\/iframe>\n<\/div><\/figure>\n\n\n\n<p>Chuponcito tambi\u00e9n ha enfrentado otras acusaciones similares.<\/p>\n\n\n\n<p>El actor ya hab\u00eda publicado\u00a0un video en el que busc\u00f3 desmentir las\u00a0acusaciones.<\/p>\n\n\n\n<figure class=\"wp-block-embed is-type-video is-provider-youtube wp-block-embed-youtube wp-embed-aspect-16-9 wp-has-aspect-ratio\"><div class=\"wp-block-embed__wrapper\">\n<iframe title=\"Chuponcito se desmaquilla en vivo\" width=\"500\" height=\"281\" src=\"https:\/\/www.youtube.com\/embed\/jVeFNYlAboU?feature=oembed\" frameborder=\"0\" allow=\"accelerometer; autoplay; clipboard-write; encrypted-media; gyroscope; picture-in-picture; web-share\" referrerpolicy=\"strict-origin-when-cross-origin\" allowfullscreen><\/iframe>\n<\/div><\/figure>\n\n\n\n<p>En diciembre de 2021, el comediante ya se hab\u00eda presentado en un juzgado pero en aquella ocasi\u00f3n no se le proces\u00f3.<\/p>\n\n\n\n<figure class=\"wp-block-embed is-type-rich is-provider-twitter wp-block-embed-twitter\"><div class=\"wp-block-embed__wrapper\">\nhttps:\/\/twitter.com\/saleelsoltv\/status\/1471677297958731784?ref_src=twsrc%5Etfw%7Ctwcamp%5Etweetembed%7Ctwterm%5E1471677297958731784%7Ctwgr%5E8a84f97e78f79a9f6e8891f3636f965224d6c542%7Ctwcon%5Es1_c10&#038;ref_url=https%3A%2F%2Fwww.proceso.com.mx%2Fnacional%2F2022%2F11%2F10%2Fel-payaso-chuponcito-sera-vinculado-proceso-por-presunto-acoso-sexual-296725.html\n<\/div><\/figure>\n\n\n\n<p>Fuente: https:\/\/www.proceso.com.mx\/nacional\/2022\/11\/10\/el-payaso-chuponcito-sera-vinculado-proceso-por-presunto-acoso-sexual-296725.html<\/p>\n","protected":false},"excerpt":{"rendered":"<p>La exasistente del comediante asegura que la juez octavo de distrito en materia penal le concedi\u00f3 amparo, por lo que [&hellip;]<\/p>\n","protected":false},"author":1,"featured_media":40842,"comment_status":"open","ping_status":"open","sticky":false,"template":"","format":"standard","meta":{"site-sidebar-layout":"default","site-content-layout":"","ast-site-content-layout":"default","site-content-style":"default","site-sidebar-style":"default","ast-global-header-display":"","ast-banner-title-visibility":"","ast-main-header-display":"","ast-hfb-above-header-display":"","ast-hfb-below-header-display":"","ast-hfb-mobile-header-display":"","site-post-title":"","ast-breadcrumbs-content":"","ast-featured-img":"","footer-sml-layout":"","theme-transparent-header-meta":"","adv-header-id-meta":"","stick-header-meta":"","header-above-stick-meta":"","header-main-stick-meta":"","header-below-stick-meta":"","astra-migrate-meta-layouts":"default","ast-page-background-enabled":"default","ast-page-background-meta":{"desktop":{"background-color":"var(--ast-global-color-4)","background-image":"","background-repeat":"repeat","background-position":"center center","background-size":"auto","background-attachment":"scroll","background-type":"","background-media":"","overlay-type":"","overlay-color":"","overlay-opacity":"","overlay-gradient":""},"tablet":{"background-color":"","background-image":"","background-repeat":"repeat","background-position":"center center","background-size":"auto","background-attachment":"scroll","background-type":"","background-media":"","overlay-type":"","overlay-color":"","overlay-opacity":"","overlay-gradient":""},"mobile":{"background-color":"","background-image":"","background-repeat":"repeat","background-position":"center center","background-size":"auto","background-attachment":"scroll","background-type":"","background-media":"","overlay-type":"","overlay-color":"","overlay-opacity":"","overlay-gradient":""}},"ast-content-background-meta":{"desktop":{"background-color":"var(--ast-global-color-5)","background-image":"","background-repeat":"repeat","background-position":"center center","background-size":"auto","background-attachment":"scroll","background-type":"","background-media":"","overlay-type":"","overlay-color":"","overlay-opacity":"","overlay-gradient":""},"tablet":{"background-color":"var(--ast-global-color-5)","background-image":"","background-repeat":"repeat","background-position":"center center","background-size":"auto","background-attachment":"scroll","background-type":"","background-media":"","overlay-type":"","overlay-color":"","overlay-opacity":"","overlay-gradient":""},"mobile":{"background-color":"var(--ast-global-color-5)","background-image":"","background-repeat":"repeat","background-position":"center center","background-size":"auto","background-attachment":"scroll","background-type":"","background-media":"","overlay-type":"","overlay-color":"","overlay-opacity":"","overlay-gradient":""}},"footnotes":""},"categories":[8],"tags":[4148,13688,13687],"class_list":["post-40841","post","type-post","status-publish","format-standard","has-post-thumbnail","hentry","category-noticias","tag-acoso-sexual","tag-carla-oaxaca","tag-payaso-chuponcito"],"_links":{"self":[{"href":"https:\/\/losperiodistas.com.mx\/portal\/wp-json\/wp\/v2\/posts\/40841","targetHints":{"allow":["GET"]}}],"collection":[{"href":"https:\/\/losperiodistas.com.mx\/portal\/wp-json\/wp\/v2\/posts"}],"about":[{"href":"https:\/\/losperiodistas.com.mx\/portal\/wp-json\/wp\/v2\/types\/post"}],"author":[{"embeddable":true,"href":"https:\/\/losperiodistas.com.mx\/portal\/wp-json\/wp\/v2\/users\/1"}],"replies":[{"embeddable":true,"href":"https:\/\/losperiodistas.com.mx\/portal\/wp-json\/wp\/v2\/comments?post=40841"}],"version-history":[{"count":1,"href":"https:\/\/losperiodistas.com.mx\/portal\/wp-json\/wp\/v2\/posts\/40841\/revisions"}],"predecessor-version":[{"id":40844,"href":"https:\/\/losperiodistas.com.mx\/portal\/wp-json\/wp\/v2\/posts\/40841\/revisions\/40844"}],"wp:featuredmedia":[{"embeddable":true,"href":"https:\/\/losperiodistas.com.mx\/portal\/wp-json\/wp\/v2\/media\/40842"}],"wp:attachment":[{"href":"https:\/\/losperiodistas.com.mx\/portal\/wp-json\/wp\/v2\/media?parent=40841"}],"wp:term":[{"taxonomy":"category","embeddable":true,"href":"https:\/\/losperiodistas.com.mx\/portal\/wp-json\/wp\/v2\/categories?post=40841"},{"taxonomy":"post_tag","embeddable":true,"href":"https:\/\/losperiodistas.com.mx\/portal\/wp-json\/wp\/v2\/tags?post=40841"}],"curies":[{"name":"wp","href":"https:\/\/api.w.org\/{rel}","templated":true}]}}