{"id":40837,"date":"2022-11-10T05:32:31","date_gmt":"2022-11-10T11:32:31","guid":{"rendered":"http:\/\/losperiodistas.com.mx\/portal\/?p=40837"},"modified":"2022-11-10T05:32:34","modified_gmt":"2022-11-10T11:32:34","slug":"shakira-nueva-imagen-de-burberry-con-un-vestido-transparente-y-un-anillo-con-la-palabra-love-smoda","status":"publish","type":"post","link":"https:\/\/losperiodistas.com.mx\/portal\/shakira-nueva-imagen-de-burberry-con-un-vestido-transparente-y-un-anillo-con-la-palabra-love-smoda\/","title":{"rendered":"Shakira, nueva imagen de Burberry con un vestido transparente y un anillo con la palabra \u00abLove\u00bb | SModa"},"content":{"rendered":"\n<p class=\"has-pale-pink-background-color has-background\" style=\"font-size:26px\">La artista colombiana protagoniza la campa\u00f1a festiva de la firma brit\u00e1nica, llamada &#8216;The Night Before&#8217;.<\/p>\n\n\n\n<p><\/p>\n\n\n\n<figure class=\"wp-block-image size-full is-style-default\"><img fetchpriority=\"high\" decoding=\"async\" width=\"940\" height=\"702\" src=\"https:\/\/losperiodistas.com.mx\/portal\/wp-content\/uploads\/2022\/11\/COVERSHAKIRA-940x702-1.jpeg\" alt=\"\" class=\"wp-image-40838\" srcset=\"https:\/\/losperiodistas.com.mx\/portal\/wp-content\/uploads\/2022\/11\/COVERSHAKIRA-940x702-1.jpeg 940w, https:\/\/losperiodistas.com.mx\/portal\/wp-content\/uploads\/2022\/11\/COVERSHAKIRA-940x702-1-300x224.jpeg 300w, https:\/\/losperiodistas.com.mx\/portal\/wp-content\/uploads\/2022\/11\/COVERSHAKIRA-940x702-1-768x574.jpeg 768w\" sizes=\"(max-width: 940px) 100vw, 940px\" \/><figcaption>Shakira protagoniza la nueva campa\u00f1a de Burberry realizada por TORSO.\u00a0FOTO: CORTES\u00cdA DE BURBERRY<\/figcaption><\/figure>\n\n\n\n<p class=\"has-vivid-cyan-blue-color has-text-color has-medium-font-size\">SMODA<\/p>\n\n\n\n<p>2022 est\u00e1 siendo un a\u00f1o complicado en lo personal para Shakira, pero en el apartado profesional la estrella de Barranquilla vive un gran momento, lleno de temas virales y proyectos interesantes. Su \u00faltimo \u00e9xito ha sido convertirse en imagen de la firma brit\u00e1nica Burberry para su campa\u00f1a festiva, titulada<em>&nbsp;The Night Before.<\/em>&nbsp;\u00abSe trata de una celebraci\u00f3n de la emoci\u00f3n para anticipar los preparativos\u00bb, han explicado desde la marca, que ha confiado para los v\u00eddeos e im\u00e1genes de esta campa\u00f1a en el fot\u00f3grafo y director&nbsp;<a href=\"https:\/\/www.instagram.com\/torso.solutions\/?hl=en\" target=\"_blank\" rel=\"noreferrer noopener\">TORSO.&nbsp;<\/a>La colombiana debuta como imagen de la firma, al igual que su compa\u00f1ero de campa\u00f1a, el cantante y productor nigeriano Burna Boy. \u00abCada uno de ellos encarna su propia interpretaci\u00f3n de la euforia de la noche anterior\u00bb, se\u00f1alan desde la ense\u00f1a.<\/p>\n\n\n\n<p>En una de las im\u00e1genes de la campa\u00f1a Shakira posa como una perfecta\u00a0<em>lady<\/em>\u00a0brit\u00e1nica con un conjunto de falda, gabardina y camisa, donde no falta el emblem\u00e1tico estampado de cuadros de la firma fundada en 1856, a la que la reina Isabel II reconoci\u00f3 como proveedora real. El caballero a lomos de su montura que sirve de logotipo de la marca tampoco falta en el estampado de un traje de noche transparente con brillos que lleva la cantante en uno de los primeros v\u00eddeos publicados por la ense\u00f1a en sus redes sociales. En \u00e9l se ve a Shakira enfundada en un\u00a0<a href=\"https:\/\/smoda.elpais.com\/moda\/practicamente-desnudas-de-rose-mac-gowan-con-marilyn-manson-a-florence-pugh-a-solas-como-el-transgresor-naked-dress-viajo-desde-los-anos-veinte-al-presente\/\" target=\"_blank\" rel=\"noreferrer noopener\"><em>vestido desnudo<\/em><\/a>\u00a0\u2013una de las tendencias de la temporada, a la que no ha sido ajena ni\u00a0<a href=\"https:\/\/smoda.elpais.com\/moda\/naked-dress-de-rosalia-ludovic-saint-sernin-pezones\/\" target=\"_blank\" rel=\"noreferrer noopener\">Rosal\u00eda<\/a>\u2013 a la que le empiezan a caer regalos del cielo: primero recibe un bolso plateado y luego un anillo brillante que se encaja en su dedo me\u00f1ique, en el que se puede leer la palabra<em>\u00a0\u00abLove\u00bb<\/em>\u00a0(amor).<\/p>\n\n\n\n<figure class=\"wp-block-image size-large is-style-default\"><img decoding=\"async\" width=\"779\" height=\"1024\" src=\"https:\/\/losperiodistas.com.mx\/portal\/wp-content\/uploads\/2022\/11\/Captura-de-Pantalla-2022-11-10-a-las-5.27.44-779x1024.jpg\" alt=\"\" class=\"wp-image-40839\" srcset=\"https:\/\/losperiodistas.com.mx\/portal\/wp-content\/uploads\/2022\/11\/Captura-de-Pantalla-2022-11-10-a-las-5.27.44-779x1024.jpg 779w, https:\/\/losperiodistas.com.mx\/portal\/wp-content\/uploads\/2022\/11\/Captura-de-Pantalla-2022-11-10-a-las-5.27.44-228x300.jpg 228w, https:\/\/losperiodistas.com.mx\/portal\/wp-content\/uploads\/2022\/11\/Captura-de-Pantalla-2022-11-10-a-las-5.27.44-768x1010.jpg 768w, https:\/\/losperiodistas.com.mx\/portal\/wp-content\/uploads\/2022\/11\/Captura-de-Pantalla-2022-11-10-a-las-5.27.44-1168x1536.jpg 1168w, https:\/\/losperiodistas.com.mx\/portal\/wp-content\/uploads\/2022\/11\/Captura-de-Pantalla-2022-11-10-a-las-5.27.44.jpg 1214w\" sizes=\"(max-width: 779px) 100vw, 779px\" \/><\/figure>\n\n\n\n<p class=\"has-cyan-bluish-gray-background-color has-background\">Ver en Instagram: <\/p>\n\n\n\n<p class=\"has-cyan-bluish-gray-background-color has-background\"><a href=\"https:\/\/www.instagram.com\/reel\/CkvJw4JDZyX\/?utm_source=ig_web_copy_link\">https:\/\/www.instagram.com\/reel\/CkvJw4JDZyX\/?utm_source=ig_web_copy_link<\/a><\/p>\n\n\n\n<p>La campa\u00f1a se ha dado a conocer justo un d\u00eda despu\u00e9s de que se anunciara que la artista acaba de llegar a un&nbsp;<a href=\"https:\/\/elpais.com\/gente\/2022-11-08\/shakira-y-pique-llegan-a-un-acuerdo-por-la-custodia-de-sus-hijos.html\" target=\"_blank\" rel=\"noreferrer noopener\">acuerdo de divorcio<\/a>&nbsp;con el exfutbolista del F. C. Barcelona Gerard Piqu\u00e9, padre de sus dos hijos, del que se separ\u00f3 en junio despu\u00e9s de 12 a\u00f1os de relaci\u00f3n. Desde entonces, Shakira y las letras de sus nuevos temas (de<em>&nbsp;Te felicito<\/em>&nbsp;a&nbsp;<em><a href=\"https:\/\/elpais.com\/gente\/2022-10-19\/monotonia-el-dardo-envenenado-de-shakira-a-pique-en-forma-de-cancion.html\" target=\"_blank\" rel=\"noreferrer noopener\">Monoton\u00eda<\/a>)<\/em>&nbsp;han sido noticia por los posibles mensajes sobre su relaci\u00f3n incluidos en ellos. Riccardo Tisci, director creativo de Burberry hasta el pasado septiembre, ha querido compartir en sus redes la nueva campa\u00f1a protagonizada por Shakira, aunque su<a href=\"https:\/\/smoda.elpais.com\/moda\/riccardo-tisci-resucita-su-marca-para-vestir-a-michaela-coel\/\" target=\"_blank\" rel=\"noreferrer noopener\">&nbsp;futuro laboral<\/a>&nbsp;todav\u00eda es una inc\u00f3gnita.<\/p>\n\n\n\n<p>Con esta nueva campa\u00f1a la hist\u00f3rica firma brit\u00e1nica ha querido subrayar su apuesta por romper con lo convencional: \u00abEs el escenario definitivo para la autoexpresi\u00f3n y para tener nuevas versiones de las tradiciones festivas\u00bb.<img decoding=\"async\" src=\"https:\/\/smoda.elpais.com\/wp-content\/uploads\/2022\/11\/SHAKIRA-CUADROS.jpg\" alt=\"Shakira\" width=\"800\" height=\"1200\" srcset=\"https:\/\/smoda.elpais.com\/wp-content\/uploads\/2022\/11\/SHAKIRA-CUADROS.jpg 800w, https:\/\/smoda.elpais.com\/wp-content\/uploads\/2022\/11\/SHAKIRA-CUADROS-200x300.jpg 200w, https:\/\/smoda.elpais.com\/wp-content\/uploads\/2022\/11\/SHAKIRA-CUADROS-768x1152.jpg 768w, https:\/\/smoda.elpais.com\/wp-content\/uploads\/2022\/11\/SHAKIRA-CUADROS-683x1024.jpg 683w, https:\/\/smoda.elpais.com\/wp-content\/uploads\/2022\/11\/SHAKIRA-CUADROS-300x450.jpg 300w, https:\/\/smoda.elpais.com\/wp-content\/uploads\/2022\/11\/SHAKIRA-CUADROS-460x690.jpg 460w, https:\/\/smoda.elpais.com\/wp-content\/uploads\/2022\/11\/SHAKIRA-CUADROS-620x930.jpg 620w, https:\/\/smoda.elpais.com\/wp-content\/uploads\/2022\/11\/SHAKIRA-CUADROS-640x960.jpg 640w\"><\/p>\n\n\n\n<p>Shakira, en la nueva campa\u00f1a de Burberry realizada por TORSO.\u00a0FOTO: CORTES\u00cdA DE BURBERRY<\/p>\n\n\n\n<p>Fuente: https:\/\/smoda.elpais.com\/moda\/shakira-campana-fiestas-burberry-burna-boy\/<\/p>\n","protected":false},"excerpt":{"rendered":"<p>La artista colombiana protagoniza la campa\u00f1a festiva de la firma brit\u00e1nica, llamada &#8216;The Night Before&#8217;. SMODA 2022 est\u00e1 siendo un [&hellip;]<\/p>\n","protected":false},"author":1,"featured_media":40838,"comment_status":"open","ping_status":"open","sticky":false,"template":"","format":"standard","meta":{"site-sidebar-layout":"default","site-content-layout":"","ast-site-content-layout":"default","site-content-style":"default","site-sidebar-style":"default","ast-global-header-display":"","ast-banner-title-visibility":"","ast-main-header-display":"","ast-hfb-above-header-display":"","ast-hfb-below-header-display":"","ast-hfb-mobile-header-display":"","site-post-title":"","ast-breadcrumbs-content":"","ast-featured-img":"","footer-sml-layout":"","theme-transparent-header-meta":"","adv-header-id-meta":"","stick-header-meta":"","header-above-stick-meta":"","header-main-stick-meta":"","header-below-stick-meta":"","astra-migrate-meta-layouts":"default","ast-page-background-enabled":"default","ast-page-background-meta":{"desktop":{"background-color":"var(--ast-global-color-4)","background-image":"","background-repeat":"repeat","background-position":"center center","background-size":"auto","background-attachment":"scroll","background-type":"","background-media":"","overlay-type":"","overlay-color":"","overlay-opacity":"","overlay-gradient":""},"tablet":{"background-color":"","background-image":"","background-repeat":"repeat","background-position":"center center","background-size":"auto","background-attachment":"scroll","background-type":"","background-media":"","overlay-type":"","overlay-color":"","overlay-opacity":"","overlay-gradient":""},"mobile":{"background-color":"","background-image":"","background-repeat":"repeat","background-position":"center center","background-size":"auto","background-attachment":"scroll","background-type":"","background-media":"","overlay-type":"","overlay-color":"","overlay-opacity":"","overlay-gradient":""}},"ast-content-background-meta":{"desktop":{"background-color":"var(--ast-global-color-5)","background-image":"","background-repeat":"repeat","background-position":"center center","background-size":"auto","background-attachment":"scroll","background-type":"","background-media":"","overlay-type":"","overlay-color":"","overlay-opacity":"","overlay-gradient":""},"tablet":{"background-color":"var(--ast-global-color-5)","background-image":"","background-repeat":"repeat","background-position":"center center","background-size":"auto","background-attachment":"scroll","background-type":"","background-media":"","overlay-type":"","overlay-color":"","overlay-opacity":"","overlay-gradient":""},"mobile":{"background-color":"var(--ast-global-color-5)","background-image":"","background-repeat":"repeat","background-position":"center center","background-size":"auto","background-attachment":"scroll","background-type":"","background-media":"","overlay-type":"","overlay-color":"","overlay-opacity":"","overlay-gradient":""}},"footnotes":""},"categories":[8],"tags":[13684,13685,13686],"class_list":["post-40837","post","type-post","status-publish","format-standard","has-post-thumbnail","hentry","category-noticias","tag-burberry","tag-shakira","tag-torso"],"_links":{"self":[{"href":"https:\/\/losperiodistas.com.mx\/portal\/wp-json\/wp\/v2\/posts\/40837","targetHints":{"allow":["GET"]}}],"collection":[{"href":"https:\/\/losperiodistas.com.mx\/portal\/wp-json\/wp\/v2\/posts"}],"about":[{"href":"https:\/\/losperiodistas.com.mx\/portal\/wp-json\/wp\/v2\/types\/post"}],"author":[{"embeddable":true,"href":"https:\/\/losperiodistas.com.mx\/portal\/wp-json\/wp\/v2\/users\/1"}],"replies":[{"embeddable":true,"href":"https:\/\/losperiodistas.com.mx\/portal\/wp-json\/wp\/v2\/comments?post=40837"}],"version-history":[{"count":1,"href":"https:\/\/losperiodistas.com.mx\/portal\/wp-json\/wp\/v2\/posts\/40837\/revisions"}],"predecessor-version":[{"id":40840,"href":"https:\/\/losperiodistas.com.mx\/portal\/wp-json\/wp\/v2\/posts\/40837\/revisions\/40840"}],"wp:featuredmedia":[{"embeddable":true,"href":"https:\/\/losperiodistas.com.mx\/portal\/wp-json\/wp\/v2\/media\/40838"}],"wp:attachment":[{"href":"https:\/\/losperiodistas.com.mx\/portal\/wp-json\/wp\/v2\/media?parent=40837"}],"wp:term":[{"taxonomy":"category","embeddable":true,"href":"https:\/\/losperiodistas.com.mx\/portal\/wp-json\/wp\/v2\/categories?post=40837"},{"taxonomy":"post_tag","embeddable":true,"href":"https:\/\/losperiodistas.com.mx\/portal\/wp-json\/wp\/v2\/tags?post=40837"}],"curies":[{"name":"wp","href":"https:\/\/api.w.org\/{rel}","templated":true}]}}