{"id":40815,"date":"2022-11-09T09:14:36","date_gmt":"2022-11-09T15:14:36","guid":{"rendered":"http:\/\/losperiodistas.com.mx\/portal\/?p=40815"},"modified":"2022-11-09T09:14:38","modified_gmt":"2022-11-09T15:14:38","slug":"amlo-ordena-a-garcia-vilchis-a-presentar-diario-la-seccion-quien-es-quien-en-las-mentiras-proceso","status":"publish","type":"post","link":"https:\/\/losperiodistas.com.mx\/portal\/amlo-ordena-a-garcia-vilchis-a-presentar-diario-la-seccion-quien-es-quien-en-las-mentiras-proceso\/","title":{"rendered":"AMLO ordena a Garc\u00eda Vilchis a presentar diario la secci\u00f3n \u00abQuien es quien en las mentiras\u00bb | Proceso"},"content":{"rendered":"\n<p class=\"has-luminous-vivid-amber-background-color has-background\"><strong>\u00abEsta secci\u00f3n se va a convertir en informaci\u00f3n diaria porque est\u00e1 subiendo el n\u00famero de mentiras\u00a0y la desesperaci\u00f3n de nuestros adversarios y se va a seguir incrementando la calumnia y las acusaciones sin fundamento\u00bb, dijo el mandatario.\u00a0<\/strong><\/p>\n\n\n\n<p class=\"has-white-background-color has-background\"><a href=\"javascript:Popup('https:\/\/www.facebook.com\/sharer\/sharer.php?u=https:\/\/www.proceso.com.mx\/nacional\/2022\/11\/9\/amlo-ordena-garcia-vilchis-presentar-diario-la-seccion-quien-es-quien-en-las-mentiras-296659.html%27,%27envio%27,700,435,%27no%27,%27yes%27);\"><\/a><a href=\"https:\/\/web.whatsapp.com\/send?text=AMLO+ordena+a+Garc%C3%ADa+Vilchis+a+presentar+diario+la+secci%C3%B3n+%26quot%3BQuien+es+quien+en+las+mentiras%26quot%3B%20-%20https:\/\/www.proceso.com.mx\/nacional\/2022\/11\/9\/amlo-ordena-garcia-vilchis-presentar-diario-la-seccion-quien-es-quien-en-las-mentiras-296659.html\" target=\"_blank\" rel=\"noreferrer noopener\"><\/a><a href=\"https:\/\/www.proceso.com.mx\/u\/fotografias\/fotosnoticias\/2022\/11\/9\/164229.jpeg\"><\/a><\/p>\n\n\n\n<figure class=\"wp-block-image size-full is-style-default\"><img fetchpriority=\"high\" decoding=\"async\" width=\"1024\" height=\"683\" src=\"https:\/\/losperiodistas.com.mx\/portal\/wp-content\/uploads\/2022\/11\/164229.jpg\" alt=\"\" class=\"wp-image-40816\" srcset=\"https:\/\/losperiodistas.com.mx\/portal\/wp-content\/uploads\/2022\/11\/164229.jpg 1024w, https:\/\/losperiodistas.com.mx\/portal\/wp-content\/uploads\/2022\/11\/164229-300x200.jpg 300w, https:\/\/losperiodistas.com.mx\/portal\/wp-content\/uploads\/2022\/11\/164229-768x512.jpg 768w\" sizes=\"(max-width: 1024px) 100vw, 1024px\" \/><figcaption><strong>Garc\u00eda Vilchis.<\/strong>\u00a0Presentaci\u00f3n diaria de su secci\u00f3n. Foto: Eduardo Miranda<\/figcaption><\/figure>\n\n\n\n<p class=\"has-vivid-cyan-blue-color has-text-color has-medium-font-size\">REDACCI\u00d3N PROCESO<\/p>\n\n\n\n<p>CIUDAD DE M\u00c9XICO (apro).\u2013El presidente Andr\u00e9s Manuel L\u00f3pez Obrador afirm\u00f3 que ante el incremento de descalificaciones por parte de la oposici\u00f3n, la secci\u00f3n \u00abQuien es quien en las mentiras\u00bb, que presenta Ana Elizabeth Garc\u00eda Vilchis ser\u00e1 presentada de manera diaria durante las conferencias matutinas.&nbsp;<\/p>\n\n\n\n<p>\u00abEsta secci\u00f3n se va a convertir en informaci\u00f3n diaria porque est\u00e1 subiendo el n\u00famero de mentiras\u00a0y la desesperaci\u00f3n de nuestros adversarios y se va a seguir incrementando la calumnia y las acusaciones sin fundamento\u00bb, dijo el mandatario.\u00a0<\/p>\n\n\n\n<h5 class=\"wp-block-heading\">NOTICIAS RELACIONADAS<\/h5>\n\n\n\n<ul class=\"wp-block-list\"><li><a href=\"https:\/\/www.proceso.com.mx\/nacional\/politica\/2022\/11\/4\/garcia-vilchis-no-sabe-pronunciar-como-150-palabras-pero-badiraguato-la-lee-muy-bien-kenia-lopez-296450.html\">Garc\u00eda Vilchis no sabe pronunciar como 150 palabras, pero Badiraguato la lee muy bien: Kenia L\u00f3pez<\/a><\/li><li><a href=\"https:\/\/www.proceso.com.mx\/nacional\/politica\/2022\/11\/4\/garcia-vilchis-desmiente-video-de-supuestos-marinos-en-fiesta-de-narcos-era-un-videoclip-296427.html\">Garc\u00eda Vilchis desmiente video de supuestos marinos en fiesta de narcos: \u00abera un videoclip\u00bb<\/a><\/li><li><a href=\"https:\/\/www.proceso.com.mx\/nacional\/2022\/11\/4\/para-desprestigiar-amlo-inventaron-que-visito-badiraguato-garcia-vilchis-296425.html\">Para desprestigiar a AMLO inventaron que visit\u00f3 Badiraguato: Garc\u00eda Vilchis<\/a><\/li><\/ul>\n\n\n\n<p>\u00abVan a seguir mostrando el cobre, cosa que es muy buena porque no hay peor cosa que la hipocres\u00eda, el doble discurso, la doble moral\u00bb, asegur\u00f3 L\u00f3pez Obrador.&nbsp;<\/p>\n\n\n\n<p>Uno de los momentos m\u00e1s criticados de su labor fue en agosto del a\u00f1o pasado, cuando&nbsp;fue criticada por exhibir la primera plana del peri\u00f3dico&nbsp;Reforma&nbsp;sin desmentirla. \u201c<\/p>\n\n\n\n<blockquote class=\"wp-block-quote is-layout-flow wp-block-quote-is-layout-flow\"><p>Sube CFE la tarifa DAC\u2026 \u00a120%!\u201d, public\u00f3 Reforma.&nbsp;\u201cNo es falso, pero se exagera\u201d, se\u00f1al\u00f3 Vilchis en aquel momento.&nbsp;<\/p><\/blockquote>\n\n\n\n<p>La secci\u00f3n fue inaugurada el 30 de junio de 2021 y desde entonces se usado para para exhibir, de acuerdo con el gobierno, noticias falsas que se difunden en medios de comunicaci\u00f3n convencionales y redes sociales.<\/p>\n\n\n\n<p>Antes de ser la encargada de esta secci\u00f3n, Garc\u00eda Vilchis fue Coordinadora de Contenidos Web en La Jornada de Oriente y cuenta con una licenciatura en Antropolog\u00eda Social por la Benem\u00e9rita Universidad Aut\u00f3noma de Puebla.<\/p>\n\n\n\n<p>Es esposa del excandidato de Morena a diputado federal por el distrito 12, Ren\u00e9 S\u00e1nchez Galindo.<\/p>\n\n\n\n<p>Fuente: https:\/\/www.proceso.com.mx\/nacional\/2022\/11\/9\/amlo-ordena-garcia-vilchis-presentar-diario-la-seccion-quien-es-quien-en-las-mentiras-296659.html<\/p>\n","protected":false},"excerpt":{"rendered":"<p>\u00abEsta secci\u00f3n se va a convertir en informaci\u00f3n diaria porque est\u00e1 subiendo el n\u00famero de mentiras\u00a0y la desesperaci\u00f3n de nuestros [&hellip;]<\/p>\n","protected":false},"author":1,"featured_media":40816,"comment_status":"open","ping_status":"open","sticky":false,"template":"","format":"standard","meta":{"site-sidebar-layout":"default","site-content-layout":"","ast-site-content-layout":"default","site-content-style":"default","site-sidebar-style":"default","ast-global-header-display":"","ast-banner-title-visibility":"","ast-main-header-display":"","ast-hfb-above-header-display":"","ast-hfb-below-header-display":"","ast-hfb-mobile-header-display":"","site-post-title":"","ast-breadcrumbs-content":"","ast-featured-img":"","footer-sml-layout":"","theme-transparent-header-meta":"","adv-header-id-meta":"","stick-header-meta":"","header-above-stick-meta":"","header-main-stick-meta":"","header-below-stick-meta":"","astra-migrate-meta-layouts":"default","ast-page-background-enabled":"default","ast-page-background-meta":{"desktop":{"background-color":"var(--ast-global-color-4)","background-image":"","background-repeat":"repeat","background-position":"center center","background-size":"auto","background-attachment":"scroll","background-type":"","background-media":"","overlay-type":"","overlay-color":"","overlay-opacity":"","overlay-gradient":""},"tablet":{"background-color":"","background-image":"","background-repeat":"repeat","background-position":"center center","background-size":"auto","background-attachment":"scroll","background-type":"","background-media":"","overlay-type":"","overlay-color":"","overlay-opacity":"","overlay-gradient":""},"mobile":{"background-color":"","background-image":"","background-repeat":"repeat","background-position":"center center","background-size":"auto","background-attachment":"scroll","background-type":"","background-media":"","overlay-type":"","overlay-color":"","overlay-opacity":"","overlay-gradient":""}},"ast-content-background-meta":{"desktop":{"background-color":"var(--ast-global-color-5)","background-image":"","background-repeat":"repeat","background-position":"center center","background-size":"auto","background-attachment":"scroll","background-type":"","background-media":"","overlay-type":"","overlay-color":"","overlay-opacity":"","overlay-gradient":""},"tablet":{"background-color":"var(--ast-global-color-5)","background-image":"","background-repeat":"repeat","background-position":"center center","background-size":"auto","background-attachment":"scroll","background-type":"","background-media":"","overlay-type":"","overlay-color":"","overlay-opacity":"","overlay-gradient":""},"mobile":{"background-color":"var(--ast-global-color-5)","background-image":"","background-repeat":"repeat","background-position":"center center","background-size":"auto","background-attachment":"scroll","background-type":"","background-media":"","overlay-type":"","overlay-color":"","overlay-opacity":"","overlay-gradient":""}},"footnotes":""},"categories":[8],"tags":[13681,13680],"class_list":["post-40815","post","type-post","status-publish","format-standard","has-post-thumbnail","hentry","category-noticias","tag-elizabeth-garcia-vilchis","tag-quien-es-quien-en-las-mentiras-2"],"_links":{"self":[{"href":"https:\/\/losperiodistas.com.mx\/portal\/wp-json\/wp\/v2\/posts\/40815","targetHints":{"allow":["GET"]}}],"collection":[{"href":"https:\/\/losperiodistas.com.mx\/portal\/wp-json\/wp\/v2\/posts"}],"about":[{"href":"https:\/\/losperiodistas.com.mx\/portal\/wp-json\/wp\/v2\/types\/post"}],"author":[{"embeddable":true,"href":"https:\/\/losperiodistas.com.mx\/portal\/wp-json\/wp\/v2\/users\/1"}],"replies":[{"embeddable":true,"href":"https:\/\/losperiodistas.com.mx\/portal\/wp-json\/wp\/v2\/comments?post=40815"}],"version-history":[{"count":1,"href":"https:\/\/losperiodistas.com.mx\/portal\/wp-json\/wp\/v2\/posts\/40815\/revisions"}],"predecessor-version":[{"id":40817,"href":"https:\/\/losperiodistas.com.mx\/portal\/wp-json\/wp\/v2\/posts\/40815\/revisions\/40817"}],"wp:featuredmedia":[{"embeddable":true,"href":"https:\/\/losperiodistas.com.mx\/portal\/wp-json\/wp\/v2\/media\/40816"}],"wp:attachment":[{"href":"https:\/\/losperiodistas.com.mx\/portal\/wp-json\/wp\/v2\/media?parent=40815"}],"wp:term":[{"taxonomy":"category","embeddable":true,"href":"https:\/\/losperiodistas.com.mx\/portal\/wp-json\/wp\/v2\/categories?post=40815"},{"taxonomy":"post_tag","embeddable":true,"href":"https:\/\/losperiodistas.com.mx\/portal\/wp-json\/wp\/v2\/tags?post=40815"}],"curies":[{"name":"wp","href":"https:\/\/api.w.org\/{rel}","templated":true}]}}