{"id":40808,"date":"2022-11-09T07:49:57","date_gmt":"2022-11-09T13:49:57","guid":{"rendered":"http:\/\/losperiodistas.com.mx\/portal\/?p=40808"},"modified":"2022-11-09T07:49:59","modified_gmt":"2022-11-09T13:49:59","slug":"me-da-miedo-todo-esto-asi-intentaron-ocultar-el-feminicidio-de-ariadna-lopez","status":"publish","type":"post","link":"https:\/\/losperiodistas.com.mx\/portal\/me-da-miedo-todo-esto-asi-intentaron-ocultar-el-feminicidio-de-ariadna-lopez\/","title":{"rendered":"\u201cMe da miedo todo esto\u201d: as\u00ed intentaron ocultar el feminicidio de Ariadna L\u00f3pez"},"content":{"rendered":"\n<h2 class=\"has-background wp-block-heading\" style=\"background-color:#fcf3b2\">EL PA\u00cdS accede a los mensajes que se env\u00edan Rautel \u2018N\u2019 y Vanessa \u2018N\u2019 los d\u00edas posteriores al crimen y que muestran c\u00f3mo trataron de crear una versi\u00f3n de los hechos que les ayudara a evadir la justicia<\/h2>\n\n\n\n<figure class=\"wp-block-image size-large is-style-default\"><img fetchpriority=\"high\" decoding=\"async\" width=\"1024\" height=\"576\" src=\"https:\/\/losperiodistas.com.mx\/portal\/wp-content\/uploads\/2022\/11\/JLKEG6G4TBCSHNI2FXJG2M7L7E-1024x576.webp\" alt=\"\" class=\"wp-image-40809\" srcset=\"https:\/\/losperiodistas.com.mx\/portal\/wp-content\/uploads\/2022\/11\/JLKEG6G4TBCSHNI2FXJG2M7L7E-1024x576.webp 1024w, https:\/\/losperiodistas.com.mx\/portal\/wp-content\/uploads\/2022\/11\/JLKEG6G4TBCSHNI2FXJG2M7L7E-300x169.webp 300w, https:\/\/losperiodistas.com.mx\/portal\/wp-content\/uploads\/2022\/11\/JLKEG6G4TBCSHNI2FXJG2M7L7E-768x432.webp 768w, https:\/\/losperiodistas.com.mx\/portal\/wp-content\/uploads\/2022\/11\/JLKEG6G4TBCSHNI2FXJG2M7L7E-1536x864.webp 1536w, https:\/\/losperiodistas.com.mx\/portal\/wp-content\/uploads\/2022\/11\/JLKEG6G4TBCSHNI2FXJG2M7L7E.webp 1960w\" sizes=\"(max-width: 1024px) 100vw, 1024px\" \/><figcaption>Rautel \u2018N\u2019 cargando el cuerpo de Ariadna Fernanda L\u00f3pez en el estacionamiento de su domicilio.V\u00eddeo:\u00a0EPV<\/figcaption><\/figure>\n\n\n\n<p><a href=\"https:\/\/elpais.com\/mexico\/2022-11-09\/me-da-miedo-todo-esto-asi-intentaron-ocultar-el-feminicidio-de-ariadna-lopez.html#\">https:\/\/elpais.com\/mexico\/2022-11-09\/me-da-miedo-todo-esto-asi-intentaron-ocultar-el-feminicidio-de-ariadna-lopez.html#<\/a><\/p>\n\n\n\n<p class=\"has-background\" style=\"background-color:#f9f6e1\"><\/p>\n\n\n\n<p class=\"has-vivid-cyan-blue-color has-text-color has-medium-font-size\">GEORGINA ZEREGA \/ EL PA\u00cdS<\/p>\n\n\n\n<p>Los dos detenidos por el&nbsp;<a href=\"https:\/\/elpais.com\/mexico\/2022-11-04\/el-misterio-sobre-la-muerte-de-ariadna-lopez-hallada-golpeada-y-sin-vida-en-una-carretera-en-tepoztlan.html\">feminicidio de Ariadna Fernanda L\u00f3pez<\/a>, de 27 a\u00f1os, intentaron ocultar la muerte de la joven. As\u00ed ha quedado registrado en las conversaciones que mantuvieron por tel\u00e9fono y a las que ha tenido acceso EL PA\u00cdS. Muchos de los mensajes que se mandaron tras arrojar el cuerpo en una carretera cercana a Tepoztl\u00e1n, en el Estado de Morelos, ya hab\u00edan sido borrados cuando los tel\u00e9fonos llegaron a manos de la Polic\u00eda. Pero las autoridades fueron capaces de recuperar algunos de los Whatsapp que se enviaron los acusados. \u201cMe da miedo todo esto\u201d, le comenta Rautel a su novia el 2 de noviembre, dos d\u00edas despu\u00e9s de la muerte, cuando las amigas de Ariadna les comunicaron que denunciar\u00edan la desaparici\u00f3n. \u201cEst\u00e1 bien que cooperemos, pero con cuidado en los detalles\u201d, dice el hombre, que&nbsp;<a href=\"https:\/\/elpais.com\/mexico\/2022-11-08\/un-juez-dicta-prision-preventiva-contra-rautel-el-principal-sospechoso-del-feminicidio-de-ariadna-lopez.html\">ha sido vinculado a proceso por el feminicidio este martes<\/a>. El an\u00e1lisis telef\u00f3nico deja ver c\u00f3mo los acusados intentaron crear una versi\u00f3n de los hechos que les sirviera para evadir la justicia.<\/p>\n\n\n\n<p>La \u00faltima vez que&nbsp;<a href=\"https:\/\/elpais.com\/mexico\/2022-11-06\/detenida-una-mujer-por-la-muerte-de-la-joven-ariadna-lopez-en-tepoztlan.html\">se vio con vida a Ariadna L\u00f3pez<\/a>&nbsp;fue la noche del 30 de octubre. La joven asisti\u00f3 al restaurante Fisher\u2019s de la colonia Condesa, en la capital mexicana, para encontrarse con Vanessa, Rautel y otras personas. Despu\u00e9s de pasar alrededor de una hora all\u00ed, abord\u00f3 una camioneta junto al grupo y se fueron a la vivienda del acusado, en la calle Campeche al 175, a unas 10 cuadras del restaurante. A todos se les ve bajar de la camioneta en el estacionamiento del edificio y entrar al departamento. Media hora despu\u00e9s, el resto de los amigos se retiran de la casa, dejando adentro a la pareja y a Ariadna. Al otro d\u00eda, sobre las 10.27 de la ma\u00f1ana, se ve llegar al chofer personal de Rautel al sitio y retirarse unos minutos despu\u00e9s. Ese mismo 31 de octubre, media hora despu\u00e9s, se ve al presunto feminicida cargar por el edificio el cuerpo con&nbsp;<em>rigor mortis<\/em>&nbsp;\u2014de acuerdo a lo se\u00f1alado por un perito\u2014 hasta subirlo de vuelta a la camioneta. Las \u00faltimas im\u00e1genes muestran a Rautel dejar el sitio y dirigirse a Tepoztl\u00e1n, donde luego aparece tirado el cad\u00e1ver.<\/p>\n\n\n\n<p>Las historias compartidas por la v\u00edctima en Instagram aquella noche se\u00f1alaron que quienes vieron por \u00faltima vez a la muchacha son ellos. Por eso, el entorno de Ariadna comienza a agobiar a la pareja con preguntas. En privado los acusados empiezan entonces a formular una versi\u00f3n falsa de lo sucedido. De acuerdo al tel\u00e9fono analizado por la Polic\u00eda, el Iphone que utilizaba Vanessa, se registra una comunicaci\u00f3n constante los d\u00edas siguientes al crimen con un n\u00famero que usaba Rautel, y a quien hab\u00eda agendado bajo el mote de Pu\u00f1e.<\/p>\n\n\n\n<p>El cad\u00e1ver al borde de la carretera fue hallado el 1 de noviembre por unos ciclistas, pero no fue reconocido por su familia hasta un d\u00eda despu\u00e9s. El 2 de noviembre, con el cuerpo de Ariadna en la morgue, sus presuntos feminicidas coordinaban una versi\u00f3n en la que aseguraban que la joven se hab\u00eda ido la noche del 30 de octubre de su casa, y eval\u00faan si conviene decir si la v\u00edctima tom\u00f3 un taxi o un Uber.<\/p>\n\n\n\n<p>\u201cYa me mand\u00f3 msj [mensaje] otro de sus amigos\u201d, le dice ella a \u00e9l, sobre las 17.13 horas. \u201cCreo que el que sabe un poco m\u00e1s es Ernesto, o sea cosas como a qu\u00e9 hora se fue y en qu\u00e9, o sea Uber o taxi. Que si les puedo compartir esa info\u201d, agrega. \u201cEs que van a ir a meter denuncia. Y necesitan lo m\u00e1s de detalles que puedan\u201d, insiste. \u201cAmorcito, me da miedo todo esto\u201d, le responde finalmente \u00e9l. \u201cPero amor, no es nuestra culpa. Ni va a ser contra ti\u201d, le dice ella, \u201csimplemente para saber por d\u00f3nde buscar\u201d. Ante esos Whatsapp, Rautel dice: \u201cPues estaremos de por medio\u201d. \u201cS\u00ed, pero pues ya saben que fui la \u00faltima que la vio\u201d, se\u00f1ala ella.<\/p>\n\n\n\n<figure class=\"wp-block-image is-style-default\"><img decoding=\"async\" src=\"https:\/\/imagenes.elpais.com\/resizer\/B0-jDjtm5e03gLLeIyFCo4yChkw=\/414x0\/cloudfront-eu-central-1.images.arcpublishing.com\/prisa\/LA5TWA47XNGADJFMYCGZUGDERI.png\" alt=\"Ariadna Fernanda L\u00f3pez al llegar al restaurante 'Fishers' el 31 de octubre.\"\/><figcaption>Ariadna Fernanda L\u00f3pez al llegar al restaurante &#8216;Fishers&#8217; el 31 de octubre.<\/figcaption><\/figure>\n\n\n\n<p>Lo siguiente que muestran los mensajes es que Vanessa decide hacer y decir todo lo que le indique su novio. \u201cQu\u00e9 hago\u201d, le pregunta ella. \u201cNo, est\u00e1 bien que cooperemos pero con cuidado en los detalles\u201d, le responde \u00e9l. \u201cLo que me mandes de informaci\u00f3n es lo que les mandar\u00e9\u201d, dice Vanessa. Rautel le manda entonces un mensaje con la versi\u00f3n de los hechos que tiene que difundir: \u201cNos fuimos del Fisher\u2019s como a las 6.30&#8230; ven\u00eda Ernesto, Anita, Jos\u00e9, Pu\u00f1e, yo y Ari. Estuvimos como en mi casa hasta las 9, todos se fueron [&#8230;] Debi\u00f3 de pedir su Uber como a esas horas, 9 de la noche. Pero nadie confirma que se haya subido al taxi\u201d.<\/p>\n\n\n\n<p>Vanessa le comenta a su pareja en los mensajes que los amigos de Ariadna la hacen sentir mal. Uno de ellos, que lleva adelante la b\u00fasqueda de la joven, le pidi\u00f3 que solicitara a la seguridad del edificio los v\u00eddeos de las c\u00e1maras. Ella le responde que no se va a ver nada, porque los equipos no captan la imagen hasta la acera. Esta solicitud desata incertidumbre en la pareja, que especula cu\u00e1nto tiempo duran las grabaciones de las c\u00e1maras de seguridad antes de eliminarse autom\u00e1ticamente. Rautel asegura que solo duran un d\u00eda. Se equivocaba, la Polic\u00eda consigui\u00f3 las im\u00e1genes y su contundencia ha servido este martes para mantenerle en prisi\u00f3n.<\/p>\n\n\n\n<p>La acusada, que borr\u00f3 adem\u00e1s todas las fotograf\u00edas que tom\u00f3 esa noche con su tel\u00e9fono, conversa en esos d\u00edas con una persona registrada bajo la sigla AHS, supuestamente una amiga de Ariadna. Le env\u00eda a ella una foto de c\u00f3mo iba vestida la v\u00edctima la noche de la desaparici\u00f3n, para que puedan buscarla con su vestimenta. Sobre lo sucedido le comenta: \u201dTodos iban tomados, pero su seguridad Rautel no, entonces \u00e9l debe saber m\u00e1s, a qu\u00e9 hora se fue y en qu\u00e9 se fue, solo estoy esperando que me pasen su contacto para hablar con \u00e9l\u201d.<\/p>\n\n\n\n<p>Las preguntas que le hacen el entorno de Ariadna a Vanessa comienzan a acorralarla tanto que tropieza en varias ocasiones y se contradice sobre las horas y el hecho de que se haya ido en un taxi. En una llamada con las amigas, a la que ha tenido acceso este peri\u00f3dico, Vanessa se desdice sobre el Uber, asegura que Ariadna no quer\u00eda volver a su casa porque estaba peleada con su compa\u00f1era de piso, que quiz\u00e1s se fue caminando, y dice que seguramente no responde los mensajes porque se qued\u00f3 sin bater\u00eda. En otros mensajes que envi\u00f3 quiso sembrar la idea de que podr\u00eda tratarse de un suicidio. \u201cEstaba muy triste\u201d, dice, \u201cno crees que fuera capaz de ella misma hacerse algo?\u201d. Adem\u00e1s intenta justificar sus lagunas diciendo que estaban alcoholizados: \u201cTodos est\u00e1bamos ped\u00edsimos\u201d.<\/p>\n\n\n\n<figure class=\"wp-block-image is-style-default\"><img decoding=\"async\" src=\"https:\/\/imagenes.elpais.com\/resizer\/3N8lxR5CQ2NLEwFduupktvbVEeI=\/414x0\/cloudfront-eu-central-1.images.arcpublishing.com\/prisa\/GHR5D537BNEOZBYOIR6OODGDQU.jpg\" alt=\"Capturas de pantalla de los mensajes entre Vanessa 'N' y los amigos de Ariadna Fernanda.\"\/><figcaption>Capturas de pantalla de los mensajes entre Vanessa &#8216;N&#8217; y los amigos de Ariadna Fernanda.<\/figcaption><\/figure>\n\n\n\n<p>El 3 de noviembre, la pareja acuerda ir al velorio de Ariadna, donde Rautel habla ante las c\u00e1maras y da la versi\u00f3n falsa de los hechos que luego las autoridades desmienten. Esa noche, Vanessa le escribe a su novio para decirle que necesitan \u201cun video o algo\u201d que demuestre que ella sali\u00f3 viva del edificio, \u201cya que de puras palabras no servir\u00e1 de nada\u201d. Preparan entonces un borrador con una publicaci\u00f3n para hacer en redes sociales, que acompa\u00f1ar\u00e1n con fotos de los tres juntos.<\/p>\n\n\n\n<p>La \u00faltima conversaci\u00f3n tiene fecha del 4 de noviembre. Rautel le avisa que se encuentra con \u201cBalckie\u201d. Luego de eso ya no vuelven a hablar, al menos con esas l\u00edneas telef\u00f3nicas. Vanessa fue detenida dos d\u00edas despu\u00e9s, el 6 de noviembre, en el municipio de Ecatepec, en el Estado de M\u00e9xico.&nbsp;<a href=\"https:\/\/elpais.com\/mexico\/2022-11-07\/detenido-un-hombre-en-monterrey-por-la-muerte-de-ariadna-lopez.html\">Rautel se entreg\u00f3 a las autoridades en Nuevo Le\u00f3n<\/a>&nbsp;el pasado lunes, despu\u00e9s de que la Fiscal\u00eda de Ciudad de M\u00e9xico les acusara de ser responsables de la muerte de Ariadna, quien seg\u00fan una segunda necropsia falleci\u00f3 por un \u201ctrauma m\u00faltiple\u201d. Ambos fueron vinculados a proceso por el feminicidio y permanecen en prisi\u00f3n.<\/p>\n\n\n\n<p><a href=\"https:\/\/plus.elpais.com\/newsletters\/lnp\/1\/348\"><strong>Suscr\u00edbase aqu\u00ed<\/strong><\/a>a la\u00a0<em>newsletter<\/em>\u00a0de EL PA\u00cdS M\u00e9xico y reciba todas las claves informativas de la actualidad de este pa\u00eds<\/p>\n\n\n\n<p>Fuente: https:\/\/elpais.com\/mexico\/2022-11-09\/me-da-miedo-todo-esto-asi-intentaron-ocultar-el-feminicidio-de-ariadna-lopez.html#<\/p>\n","protected":false},"excerpt":{"rendered":"<p>EL PA\u00cdS accede a los mensajes que se env\u00edan Rautel \u2018N\u2019 y Vanessa \u2018N\u2019 los d\u00edas posteriores al crimen y [&hellip;]<\/p>\n","protected":false},"author":1,"featured_media":40809,"comment_status":"open","ping_status":"open","sticky":false,"template":"","format":"standard","meta":{"site-sidebar-layout":"default","site-content-layout":"","ast-site-content-layout":"default","site-content-style":"default","site-sidebar-style":"default","ast-global-header-display":"","ast-banner-title-visibility":"","ast-main-header-display":"","ast-hfb-above-header-display":"","ast-hfb-below-header-display":"","ast-hfb-mobile-header-display":"","site-post-title":"","ast-breadcrumbs-content":"","ast-featured-img":"","footer-sml-layout":"","theme-transparent-header-meta":"","adv-header-id-meta":"","stick-header-meta":"","header-above-stick-meta":"","header-main-stick-meta":"","header-below-stick-meta":"","astra-migrate-meta-layouts":"default","ast-page-background-enabled":"default","ast-page-background-meta":{"desktop":{"background-color":"var(--ast-global-color-4)","background-image":"","background-repeat":"repeat","background-position":"center center","background-size":"auto","background-attachment":"scroll","background-type":"","background-media":"","overlay-type":"","overlay-color":"","overlay-opacity":"","overlay-gradient":""},"tablet":{"background-color":"","background-image":"","background-repeat":"repeat","background-position":"center center","background-size":"auto","background-attachment":"scroll","background-type":"","background-media":"","overlay-type":"","overlay-color":"","overlay-opacity":"","overlay-gradient":""},"mobile":{"background-color":"","background-image":"","background-repeat":"repeat","background-position":"center center","background-size":"auto","background-attachment":"scroll","background-type":"","background-media":"","overlay-type":"","overlay-color":"","overlay-opacity":"","overlay-gradient":""}},"ast-content-background-meta":{"desktop":{"background-color":"var(--ast-global-color-5)","background-image":"","background-repeat":"repeat","background-position":"center center","background-size":"auto","background-attachment":"scroll","background-type":"","background-media":"","overlay-type":"","overlay-color":"","overlay-opacity":"","overlay-gradient":""},"tablet":{"background-color":"var(--ast-global-color-5)","background-image":"","background-repeat":"repeat","background-position":"center center","background-size":"auto","background-attachment":"scroll","background-type":"","background-media":"","overlay-type":"","overlay-color":"","overlay-opacity":"","overlay-gradient":""},"mobile":{"background-color":"var(--ast-global-color-5)","background-image":"","background-repeat":"repeat","background-position":"center center","background-size":"auto","background-attachment":"scroll","background-type":"","background-media":"","overlay-type":"","overlay-color":"","overlay-opacity":"","overlay-gradient":""}},"footnotes":""},"categories":[8],"tags":[13679,13678],"class_list":["post-40808","post","type-post","status-publish","format-standard","has-post-thumbnail","hentry","category-noticias","tag-ariadna-lopez","tag-feminicidio"],"_links":{"self":[{"href":"https:\/\/losperiodistas.com.mx\/portal\/wp-json\/wp\/v2\/posts\/40808","targetHints":{"allow":["GET"]}}],"collection":[{"href":"https:\/\/losperiodistas.com.mx\/portal\/wp-json\/wp\/v2\/posts"}],"about":[{"href":"https:\/\/losperiodistas.com.mx\/portal\/wp-json\/wp\/v2\/types\/post"}],"author":[{"embeddable":true,"href":"https:\/\/losperiodistas.com.mx\/portal\/wp-json\/wp\/v2\/users\/1"}],"replies":[{"embeddable":true,"href":"https:\/\/losperiodistas.com.mx\/portal\/wp-json\/wp\/v2\/comments?post=40808"}],"version-history":[{"count":1,"href":"https:\/\/losperiodistas.com.mx\/portal\/wp-json\/wp\/v2\/posts\/40808\/revisions"}],"predecessor-version":[{"id":40810,"href":"https:\/\/losperiodistas.com.mx\/portal\/wp-json\/wp\/v2\/posts\/40808\/revisions\/40810"}],"wp:featuredmedia":[{"embeddable":true,"href":"https:\/\/losperiodistas.com.mx\/portal\/wp-json\/wp\/v2\/media\/40809"}],"wp:attachment":[{"href":"https:\/\/losperiodistas.com.mx\/portal\/wp-json\/wp\/v2\/media?parent=40808"}],"wp:term":[{"taxonomy":"category","embeddable":true,"href":"https:\/\/losperiodistas.com.mx\/portal\/wp-json\/wp\/v2\/categories?post=40808"},{"taxonomy":"post_tag","embeddable":true,"href":"https:\/\/losperiodistas.com.mx\/portal\/wp-json\/wp\/v2\/tags?post=40808"}],"curies":[{"name":"wp","href":"https:\/\/api.w.org\/{rel}","templated":true}]}}