{"id":40800,"date":"2022-11-09T07:15:41","date_gmt":"2022-11-09T13:15:41","guid":{"rendered":"http:\/\/losperiodistas.com.mx\/portal\/?p=40800"},"modified":"2022-11-09T07:15:43","modified_gmt":"2022-11-09T13:15:43","slug":"aprueban-el-aumento-del-presupuesto-para-terminar-el-tren-maya-el-heraldo-de-mexico","status":"publish","type":"post","link":"https:\/\/losperiodistas.com.mx\/portal\/aprueban-el-aumento-del-presupuesto-para-terminar-el-tren-maya-el-heraldo-de-mexico\/","title":{"rendered":"Aprueban el aumento del presupuesto para terminar el Tren Maya | El Heraldo de M\u00e9xico"},"content":{"rendered":"\n<h2 class=\"has-vivid-green-cyan-background-color has-background wp-block-heading\">El monto para el proyecto en el sureste es de 143 mil millones de pesos, iguala los recursos de Sedena, que tiene 146 mil mdp<\/h2>\n\n\n\n<p><\/p>\n\n\n\n<figure class=\"wp-block-image size-full is-style-default\"><img fetchpriority=\"high\" decoding=\"async\" width=\"960\" height=\"540\" src=\"https:\/\/losperiodistas.com.mx\/portal\/wp-content\/uploads\/2022\/11\/f960x540-612863_686938_0.jpeg\" alt=\"\" class=\"wp-image-40803\" srcset=\"https:\/\/losperiodistas.com.mx\/portal\/wp-content\/uploads\/2022\/11\/f960x540-612863_686938_0.jpeg 960w, https:\/\/losperiodistas.com.mx\/portal\/wp-content\/uploads\/2022\/11\/f960x540-612863_686938_0-300x169.jpeg 300w, https:\/\/losperiodistas.com.mx\/portal\/wp-content\/uploads\/2022\/11\/f960x540-612863_686938_0-768x432.jpeg 768w\" sizes=\"(max-width: 960px) 100vw, 960px\" \/><figcaption><em>Cr\u00e9ditos: Cuarto Oscuro<\/em><\/figcaption><\/figure>\n\n\n\n<p class=\"has-vivid-cyan-blue-color has-text-color has-medium-font-size\">ALMAQUIO GARC\u00cdA \/ ELIA CASTILLO \/ EL HERALDO DE M\u00c9XICO<\/p>\n\n\n\n<p>Los&nbsp;<strong>143 mil 73 millones de pesos que se aprobaron<\/strong>&nbsp;en el&nbsp;<a href=\"https:\/\/heraldodemexico.com.mx\/nacional\/2022\/11\/8\/diputados-aprueban-en-lo-general-presupuesto-de-egresos-de-la-federacion-2023-455824.html\" target=\"_blank\" rel=\"noreferrer noopener\">Presupuesto de Egresos de la Federaci\u00f3n 2023<\/a>, son casi el mismo presupuesto otorgado a la&nbsp;<strong>Secretar\u00eda de la Defensa Nacional&nbsp;<\/strong>para cubrir las necesidades de&nbsp;<strong>seguridad nacional y seguridad p\u00fablica<\/strong>, con 146 mil millones de pesos.<\/p>\n\n\n\n<p>Tambi\u00e9n&nbsp;<strong>representa 16 veces m\u00e1s de lo que recibir\u00e1 en 2023<\/strong>&nbsp;la&nbsp;<a href=\"https:\/\/heraldodemexico.com.mx\/nacional\/2022\/11\/8\/morena-prepara-dictamen-de-reforma-electoral-en-caso-de-no-encontrar-acuerdos-455794.html\" target=\"_blank\" rel=\"noreferrer noopener\">C\u00e1mara de Diputados<\/a>, a la que<strong>&nbsp;le quitaron 204 millones de pesos del presupuesto original propuesto<\/strong>&nbsp;y tendr\u00e1 un gasto de ocho mil 572 mdp y casi 15 veces el dinero que se plantea para la&nbsp;<strong>Secretar\u00eda de Relaciones Exteriores<\/strong>, con nueve mil 534 mdp.<\/p>\n\n\n\n<p>De acuerdo con el<strong>&nbsp;Presupuesto de Egresos<\/strong>, el aumento de los<a href=\"https:\/\/heraldodemexico.com.mx\/nacional\/2022\/11\/4\/amlo-anuncia-que-mexico-comprara-cuba-balasto-para-el-tren-maya-454739.html\" target=\"_blank\" rel=\"noreferrer noopener\">&nbsp;recursos para el Tren Maya&nbsp;<\/a>es de 126 por ciento,&nbsp;<strong>con la finalidad de que est\u00e9 listo a finales del pr\u00f3ximo a\u00f1o<\/strong>. Durante su etapa de ejecuci\u00f3n, g<strong>enerar\u00e1 un impacto en el empleo al contribuir en la creaci\u00f3n de 705 mil empleos directos y 150 mil empleos indirectos<\/strong>.<\/p>\n\n\n\n<figure class=\"wp-block-image is-style-default\"><img decoding=\"async\" src=\"https:\/\/heraldodemexico.com.mx\/u\/fotografias\/m\/2022\/7\/29\/f768x1-549671_549798_5050.jpeg\" alt=\"\"\/><figcaption>Se pretende incrementar el n\u00famero de turistas Foto: Cuarto Oscuro<\/figcaption><\/figure>\n\n\n\n<p>Debido a este proyecto, el estado con el mayor aumento de<a href=\"https:\/\/heraldodemexico.com.mx\/nacional\/2022\/11\/5\/mara-lezama-quintana-roo-genera-bienestar-de-la-mano-de-amlo-455042.html\" target=\"_blank\" rel=\"noreferrer noopener\">\u00a0inversi\u00f3n ser\u00e1 Yucat\u00e1n en 542 por ciento<\/a>. Es decir,\u00a0<strong>31.6 mil millones de pesos m\u00e1s que en 2022<\/strong>. Le siguen Chiapas, Tabasco y Quintana Roo.<\/p>\n\n\n\n<p>En los&nbsp;<a href=\"https:\/\/heraldodemexico.com.mx\/nacional\/2022\/10\/30\/ignacio-mier-senala-que-morena-defendera-un-presupuesto-2023-austero-eficiente-453151.html\" target=\"_blank\" rel=\"noreferrer noopener\">Criterios Generales de Pol\u00edtica Econ\u00f3mica<\/a>&nbsp;para la Iniciativa de la Ley de Ingresos y el Proyecto de Presupuesto de Egresos de la Federaci\u00f3n 2023, se argumenta que el Tren Maya es uno de los proyectos prioritarios para la administraci\u00f3n p\u00fablica federal con un&nbsp;<strong>enfoque de desarrollo integral para la regi\u00f3n sur-sureste<\/strong>.<\/p>\n\n\n\n<p>El<strong>\u00a0Tren Maya permitir\u00e1 impulsar la conectividad de las regiones y la facilitaci\u00f3n del comercio nacional e internacional<\/strong>, lo cual ayudar\u00e1 a que los beneficios econ\u00f3micos de los puntos tur\u00edsticos\u00a0<strong>tengan un mayor impacto y derrama econ\u00f3mica\u00a0<\/strong>en la regi\u00f3n de la Pen\u00ednsula de Yucat\u00e1n.<\/p>\n\n\n\n<p><\/p>\n\n\n\n<figure class=\"wp-block-image is-style-default\"><img decoding=\"async\" src=\"https:\/\/heraldodemexico.com.mx\/u\/fotografias\/m\/2020\/11\/30\/f768x1-288704_288831_5050.jpg\" alt=\"\"\/><figcaption>El presidente se encuentra a favor del aumento de presupuesto Foto: Especial<\/figcaption><\/figure>\n\n\n\n<p>Se incluye como parte de los proyectos de&nbsp;<strong>Transporte Masivo de Pasajeros<\/strong>, con el que se llevar\u00e1n a cabo acciones para hacer&nbsp;<strong>m\u00e1s eficiente la movilidad de mercanc\u00edas y personas<\/strong>.<\/p>\n\n\n\n<p>Uno de los atractivos&nbsp;<strong>importantes es la interconexi\u00f3n con las principales ciudade<\/strong>s y zonas tur\u00edsticas del sureste del pa\u00eds a trav\u00e9s de mil 500 kil\u00f3metros de&nbsp;<strong>nuevas v\u00edas f\u00e9rreas en Chiapas<\/strong>,&nbsp;<strong>Tabasco<\/strong>,<strong>&nbsp;Campeche<\/strong>,&nbsp;<strong>Yucat\u00e1n<\/strong>&nbsp;y&nbsp;<strong>Quintana Roo<\/strong>.<\/p>\n\n\n\n<p>Tambi\u00e9n se argumenta que\u00a0<strong>permitir\u00e1 un ahorro de hasta 45 por ciento en el tiempo de viaje de pasajeros\u00a0<\/strong>y transportar\u00e1 mercanc\u00edas a una<strong>\u00a0velocidad 70 por ciento superior que las actuales v\u00edas del tren Chiapas-Mayab<\/strong>. Se encuentra entre los planes de la administraci\u00f3n federal que buscan una\u00a0<strong>mejora en la movilidad de la ciudadan\u00eda<\/strong>, detonando el crecimiento econ\u00f3mico y social.<\/p>\n\n\n\n<p>Fuente: https:\/\/heraldodemexico.com.mx\/nacional\/2022\/11\/9\/aprueban-el-aumento-del-presupuesto-para-terminar-el-tren-maya-455944.html<\/p>\n","protected":false},"excerpt":{"rendered":"<p>El monto para el proyecto en el sureste es de 143 mil millones de pesos, iguala los recursos de Sedena, [&hellip;]<\/p>\n","protected":false},"author":1,"featured_media":40803,"comment_status":"open","ping_status":"open","sticky":false,"template":"","format":"standard","meta":{"site-sidebar-layout":"default","site-content-layout":"","ast-site-content-layout":"default","site-content-style":"default","site-sidebar-style":"default","ast-global-header-display":"","ast-banner-title-visibility":"","ast-main-header-display":"","ast-hfb-above-header-display":"","ast-hfb-below-header-display":"","ast-hfb-mobile-header-display":"","site-post-title":"","ast-breadcrumbs-content":"","ast-featured-img":"","footer-sml-layout":"","theme-transparent-header-meta":"","adv-header-id-meta":"","stick-header-meta":"","header-above-stick-meta":"","header-main-stick-meta":"","header-below-stick-meta":"","astra-migrate-meta-layouts":"default","ast-page-background-enabled":"default","ast-page-background-meta":{"desktop":{"background-color":"var(--ast-global-color-4)","background-image":"","background-repeat":"repeat","background-position":"center center","background-size":"auto","background-attachment":"scroll","background-type":"","background-media":"","overlay-type":"","overlay-color":"","overlay-opacity":"","overlay-gradient":""},"tablet":{"background-color":"","background-image":"","background-repeat":"repeat","background-position":"center center","background-size":"auto","background-attachment":"scroll","background-type":"","background-media":"","overlay-type":"","overlay-color":"","overlay-opacity":"","overlay-gradient":""},"mobile":{"background-color":"","background-image":"","background-repeat":"repeat","background-position":"center center","background-size":"auto","background-attachment":"scroll","background-type":"","background-media":"","overlay-type":"","overlay-color":"","overlay-opacity":"","overlay-gradient":""}},"ast-content-background-meta":{"desktop":{"background-color":"var(--ast-global-color-5)","background-image":"","background-repeat":"repeat","background-position":"center center","background-size":"auto","background-attachment":"scroll","background-type":"","background-media":"","overlay-type":"","overlay-color":"","overlay-opacity":"","overlay-gradient":""},"tablet":{"background-color":"var(--ast-global-color-5)","background-image":"","background-repeat":"repeat","background-position":"center center","background-size":"auto","background-attachment":"scroll","background-type":"","background-media":"","overlay-type":"","overlay-color":"","overlay-opacity":"","overlay-gradient":""},"mobile":{"background-color":"var(--ast-global-color-5)","background-image":"","background-repeat":"repeat","background-position":"center center","background-size":"auto","background-attachment":"scroll","background-type":"","background-media":"","overlay-type":"","overlay-color":"","overlay-opacity":"","overlay-gradient":""}},"footnotes":""},"categories":[8],"tags":[13675,3262,1325],"class_list":["post-40800","post","type-post","status-publish","format-standard","has-post-thumbnail","hentry","category-noticias","tag-presupuesto-2023","tag-sedena","tag-tren-maya"],"_links":{"self":[{"href":"https:\/\/losperiodistas.com.mx\/portal\/wp-json\/wp\/v2\/posts\/40800","targetHints":{"allow":["GET"]}}],"collection":[{"href":"https:\/\/losperiodistas.com.mx\/portal\/wp-json\/wp\/v2\/posts"}],"about":[{"href":"https:\/\/losperiodistas.com.mx\/portal\/wp-json\/wp\/v2\/types\/post"}],"author":[{"embeddable":true,"href":"https:\/\/losperiodistas.com.mx\/portal\/wp-json\/wp\/v2\/users\/1"}],"replies":[{"embeddable":true,"href":"https:\/\/losperiodistas.com.mx\/portal\/wp-json\/wp\/v2\/comments?post=40800"}],"version-history":[{"count":1,"href":"https:\/\/losperiodistas.com.mx\/portal\/wp-json\/wp\/v2\/posts\/40800\/revisions"}],"predecessor-version":[{"id":40804,"href":"https:\/\/losperiodistas.com.mx\/portal\/wp-json\/wp\/v2\/posts\/40800\/revisions\/40804"}],"wp:featuredmedia":[{"embeddable":true,"href":"https:\/\/losperiodistas.com.mx\/portal\/wp-json\/wp\/v2\/media\/40803"}],"wp:attachment":[{"href":"https:\/\/losperiodistas.com.mx\/portal\/wp-json\/wp\/v2\/media?parent=40800"}],"wp:term":[{"taxonomy":"category","embeddable":true,"href":"https:\/\/losperiodistas.com.mx\/portal\/wp-json\/wp\/v2\/categories?post=40800"},{"taxonomy":"post_tag","embeddable":true,"href":"https:\/\/losperiodistas.com.mx\/portal\/wp-json\/wp\/v2\/tags?post=40800"}],"curies":[{"name":"wp","href":"https:\/\/api.w.org\/{rel}","templated":true}]}}