{"id":40797,"date":"2022-11-09T06:49:47","date_gmt":"2022-11-09T12:49:47","guid":{"rendered":"http:\/\/losperiodistas.com.mx\/portal\/?p=40797"},"modified":"2022-11-09T06:49:49","modified_gmt":"2022-11-09T12:49:49","slug":"meta-propietaria-de-facebook-despedira-a-11-000-trabajadores-publico","status":"publish","type":"post","link":"https:\/\/losperiodistas.com.mx\/portal\/meta-propietaria-de-facebook-despedira-a-11-000-trabajadores-publico\/","title":{"rendered":"Meta, propietaria de Facebook, despedir\u00e1 a 11.000 trabajadores | P\u00fablico"},"content":{"rendered":"\n<h2 class=\"has-white-color has-vivid-cyan-blue-background-color has-text-color has-background has-medium-font-size wp-block-heading\" id=\"m69-68-70\">La tecnol\u00f3gica estadounidense, due\u00f1a tambi\u00e9n de Whatsapp e Instagram, recortar\u00e1 un 13% de su plantilla.<\/h2>\n\n\n\n<figure class=\"wp-block-image size-full is-style-default\"><img fetchpriority=\"high\" decoding=\"async\" width=\"990\" height=\"660\" src=\"https:\/\/losperiodistas.com.mx\/portal\/wp-content\/uploads\/2022\/11\/636b9aa3340a6.jpeg\" alt=\"\" class=\"wp-image-40798\" srcset=\"https:\/\/losperiodistas.com.mx\/portal\/wp-content\/uploads\/2022\/11\/636b9aa3340a6.jpeg 990w, https:\/\/losperiodistas.com.mx\/portal\/wp-content\/uploads\/2022\/11\/636b9aa3340a6-300x200.jpeg 300w, https:\/\/losperiodistas.com.mx\/portal\/wp-content\/uploads\/2022\/11\/636b9aa3340a6-768x512.jpeg 768w\" sizes=\"(max-width: 990px) 100vw, 990px\" \/><figcaption>El consejero delegado de Meta, Mark Zuckerberg. Imagen de Archivo.\u00a0<em>\u2014<\/em>\u00a0<em>Julien Mattia \/ Le Pictorium Agenc \/ DPA<\/em>\u00a0<em>\/<\/em>\u00a0<em>EUROPA PRESS<\/em><\/figcaption><\/figure>\n\n\n\n<p class=\"has-vivid-cyan-blue-color has-text-color has-medium-font-size\">P\u00daBLICO<\/p>\n\n\n\n<p id=\"m742-741-743\">La empresa propietaria de Facebook, Whatsapp e Instagram, Meta, prev\u00e9\u00a0<a href=\"https:\/\/www.publico.es\/economia\/meta-empresa-matriz-facebook-prepara-plan-despidos-gran-escala.html#analytics-noticia:contenido-enlace\">despedir a\u00a0unos 11.000 trabajadores<\/a>, lo que supone el 13% de su plantilla, seg\u00fan anuncia en un comunicado suscrito por\u00a0Mark Zuckerberg.<\/p>\n\n\n\n<p id=\"m747-1-748\">La empresa pretende lograr con los despidos<strong>&nbsp;una empresa m\u00e1s \u00e1gil y eficiente<\/strong>&nbsp;y responden a los cambios ocurridos en el entorno econ\u00f3mico y empresarial, seg\u00fan ha explicado el m\u00e1ximo responsable de Meta.<\/p>\n\n\n\n<p id=\"m752-2-753\">Los empleados ser\u00e1n comunicados<strong>\u00a0a trav\u00e9s de un correo electr\u00f3nico\u00a0<\/strong>para informarles de su situaci\u00f3n, como ha ocurrido\u00a0<a href=\"https:\/\/www.publico.es\/sociedad\/trabajadores-demandan-twitter-despidos-masivos-elon-musk.html#analytics-noticia:contenido-enlace\">recientemente en Twitter<\/a>, tras la adquisici\u00f3n de Elon Musk.<\/p>\n\n\n\n<p id=\"m757-3-758\">El consejero delegado,&nbsp;<strong>Mark Zuckerberg<\/strong>, asegura que esta decisi\u00f3n es una de las m\u00e1s \u00abdif\u00edciles\u00bb en la historia de la compa\u00f1\u00eda y asume toda la responsabilidad: \u00abS\u00e9 que esto es dif\u00edcil para todos, y lo siento especialmente por los afectados\u00bb.<\/p>\n\n\n\n<p id=\"m762-4-763\">Zuckerberg ha justificado que&nbsp;<strong>la pandemia supuso \u00abun crecimiento descomunal de los ingresos\u00bb<\/strong>, que&nbsp;<a href=\"https:\/\/www.publico.es\/economia\/meta-pierde-beneficios-tercer-trimestre-2022.html#analytics-noticia:contenido-enlace\">posteriormente no se han mantenido<\/a>.&nbsp;\u00abMucha gente predijo que esto ser\u00eda una aceleraci\u00f3n permanente que continuar\u00eda incluso despu\u00e9s de que terminara la pandemia. Yo tambi\u00e9n lo hice, as\u00ed que tom\u00e9 la decisi\u00f3n de aumentar significativamente nuestras inversiones. Desafortunadamente, esto no sali\u00f3 como esperaba\u00bb, a\u00f1ade.<\/p>\n\n\n\n<p id=\"m767-5-768\">Por ello, el consejero delegado de la compa\u00f1\u00eda ha explicado que\u00a0<strong>la recesi\u00f3n econ\u00f3mica y la p\u00e9rdida de anunciantes\u00a0<\/strong>han provocado \u00abque nuestros ingresos sean mucho m\u00e1s bajos de lo que esperaba. Me equivoqu\u00e9 y asumo la responsabilidad por ello\u00bb.<\/p>\n\n\n\n<p id=\"m772-6-773\">Zuckerberg ha dibujado el<strong>&nbsp;nuevo rumbo de la empresa<\/strong>, centrada en un menor n\u00famero de sectores, reduciendo costes y priorizando unidades como la orientada al motor de Inteligencia Artificial.<\/p>\n\n\n\n<p id=\"m777-7-778\">Estos despidos suponen\u00a0<strong>la primera gran reducci\u00f3n de personal<\/strong>\u00a0que se ha producido en los 18 a\u00f1os de vida de la empresa, seg\u00fan ha se\u00f1alado el diario econ\u00f3mico\u00a0<em>The Wall Street Journal<\/em>.<\/p>\n\n\n\n<p>Fuente: https:\/\/www.publico.es\/internacional\/meta-propietaria-facebook-despedira-11000-trabajadores.html#analytics-seccion:listado<\/p>\n","protected":false},"excerpt":{"rendered":"<p>La tecnol\u00f3gica estadounidense, due\u00f1a tambi\u00e9n de Whatsapp e Instagram, recortar\u00e1 un 13% de su plantilla. P\u00daBLICO La empresa propietaria de [&hellip;]<\/p>\n","protected":false},"author":1,"featured_media":40798,"comment_status":"open","ping_status":"open","sticky":false,"template":"","format":"standard","meta":{"site-sidebar-layout":"default","site-content-layout":"","ast-site-content-layout":"default","site-content-style":"default","site-sidebar-style":"default","ast-global-header-display":"","ast-banner-title-visibility":"","ast-main-header-display":"","ast-hfb-above-header-display":"","ast-hfb-below-header-display":"","ast-hfb-mobile-header-display":"","site-post-title":"","ast-breadcrumbs-content":"","ast-featured-img":"","footer-sml-layout":"","theme-transparent-header-meta":"","adv-header-id-meta":"","stick-header-meta":"","header-above-stick-meta":"","header-main-stick-meta":"","header-below-stick-meta":"","astra-migrate-meta-layouts":"default","ast-page-background-enabled":"default","ast-page-background-meta":{"desktop":{"background-color":"var(--ast-global-color-4)","background-image":"","background-repeat":"repeat","background-position":"center center","background-size":"auto","background-attachment":"scroll","background-type":"","background-media":"","overlay-type":"","overlay-color":"","overlay-opacity":"","overlay-gradient":""},"tablet":{"background-color":"","background-image":"","background-repeat":"repeat","background-position":"center center","background-size":"auto","background-attachment":"scroll","background-type":"","background-media":"","overlay-type":"","overlay-color":"","overlay-opacity":"","overlay-gradient":""},"mobile":{"background-color":"","background-image":"","background-repeat":"repeat","background-position":"center center","background-size":"auto","background-attachment":"scroll","background-type":"","background-media":"","overlay-type":"","overlay-color":"","overlay-opacity":"","overlay-gradient":""}},"ast-content-background-meta":{"desktop":{"background-color":"var(--ast-global-color-5)","background-image":"","background-repeat":"repeat","background-position":"center center","background-size":"auto","background-attachment":"scroll","background-type":"","background-media":"","overlay-type":"","overlay-color":"","overlay-opacity":"","overlay-gradient":""},"tablet":{"background-color":"var(--ast-global-color-5)","background-image":"","background-repeat":"repeat","background-position":"center center","background-size":"auto","background-attachment":"scroll","background-type":"","background-media":"","overlay-type":"","overlay-color":"","overlay-opacity":"","overlay-gradient":""},"mobile":{"background-color":"var(--ast-global-color-5)","background-image":"","background-repeat":"repeat","background-position":"center center","background-size":"auto","background-attachment":"scroll","background-type":"","background-media":"","overlay-type":"","overlay-color":"","overlay-opacity":"","overlay-gradient":""}},"footnotes":""},"categories":[8],"tags":[76,13674],"class_list":["post-40797","post","type-post","status-publish","format-standard","has-post-thumbnail","hentry","category-noticias","tag-mark-zuckerberg","tag-meta-despidos"],"_links":{"self":[{"href":"https:\/\/losperiodistas.com.mx\/portal\/wp-json\/wp\/v2\/posts\/40797","targetHints":{"allow":["GET"]}}],"collection":[{"href":"https:\/\/losperiodistas.com.mx\/portal\/wp-json\/wp\/v2\/posts"}],"about":[{"href":"https:\/\/losperiodistas.com.mx\/portal\/wp-json\/wp\/v2\/types\/post"}],"author":[{"embeddable":true,"href":"https:\/\/losperiodistas.com.mx\/portal\/wp-json\/wp\/v2\/users\/1"}],"replies":[{"embeddable":true,"href":"https:\/\/losperiodistas.com.mx\/portal\/wp-json\/wp\/v2\/comments?post=40797"}],"version-history":[{"count":1,"href":"https:\/\/losperiodistas.com.mx\/portal\/wp-json\/wp\/v2\/posts\/40797\/revisions"}],"predecessor-version":[{"id":40799,"href":"https:\/\/losperiodistas.com.mx\/portal\/wp-json\/wp\/v2\/posts\/40797\/revisions\/40799"}],"wp:featuredmedia":[{"embeddable":true,"href":"https:\/\/losperiodistas.com.mx\/portal\/wp-json\/wp\/v2\/media\/40798"}],"wp:attachment":[{"href":"https:\/\/losperiodistas.com.mx\/portal\/wp-json\/wp\/v2\/media?parent=40797"}],"wp:term":[{"taxonomy":"category","embeddable":true,"href":"https:\/\/losperiodistas.com.mx\/portal\/wp-json\/wp\/v2\/categories?post=40797"},{"taxonomy":"post_tag","embeddable":true,"href":"https:\/\/losperiodistas.com.mx\/portal\/wp-json\/wp\/v2\/tags?post=40797"}],"curies":[{"name":"wp","href":"https:\/\/api.w.org\/{rel}","templated":true}]}}