{"id":4066,"date":"2021-02-01T07:40:51","date_gmt":"2021-02-01T13:40:51","guid":{"rendered":"http:\/\/losperiodistas.com.mx\/portal\/?p=4066"},"modified":"2021-02-01T07:40:51","modified_gmt":"2021-02-01T13:40:51","slug":"protestas-en-francia-contra-la-ley-de-procreacion-asistida-para-lesbianas-la-vanguardia","status":"publish","type":"post","link":"https:\/\/losperiodistas.com.mx\/portal\/protestas-en-francia-contra-la-ley-de-procreacion-asistida-para-lesbianas-la-vanguardia\/","title":{"rendered":"Protestas en Francia contra la ley de Procreaci\u00f3n Asistida para lesbianas | La Vanguardia"},"content":{"rendered":"\n<p style=\"font-size:18px\"><em>El pol\u00e9mico proyecto legislativo aleja a los cat\u00f3licos conservadores de Macron<\/em><\/p>\n\n\n\n<p class=\"has-vivid-cyan-blue-color has-text-color has-medium-font-size\">EUSEBIO VAL \/ Par\u00eds \/ LA VANGUARDIA<\/p>\n\n\n\n<p>Las leyes de contenido bio\u00e9tico suelen causar debates viscerales incluso en las sociedades occidentales te\u00f3ricamente m\u00e1s liberales y avanzadas. Francia, que hace unos a\u00f1os vivi\u00f3 casi una guerra civil \u2013de \u00edndole cultural\u2013 por abrir el matrimonio a los homosexuales, se ve sumida ahora en otra \u00e1cida controversia, aunque menos intensa, sobre un proyecto de ley que debe autorizar la procreaci\u00f3n asistida para las mujeres solteras y las parejas de lesbianas.<\/p>\n\n\n\n<p>Durante el pasado fin de semanas hubo manifestaciones en las principales ciudades francesas contra la iniciativa legislativa, que ser\u00e1 discutida a partir de ma\u00f1ana martes en el Senado, en segunda lectura. Una parte de la derecha y de los cat\u00f3licos conservadores se opone de manera rotunda. Algunos curas, al finalizar las misas, han recordado durante las \u00faltimas semanas a los feligreses las movilizaciones y les han animado a participar en ellas.<ins><\/ins><\/p>\n\n\n\n<h3 class=\"wp-block-heading\">Cr\u00edticas al ministro de Sanidad por dedicarse a defender la ley en el Senado en plena pandemia<\/h3>\n\n\n\n<p>No todas las manifestaciones fueron pac\u00edficas. Hubo especial tensi\u00f3n, ayer, en Lyon. Los opositores a la ley y los militantes feministas casi llegaron a las manos. Para evitarlo se interpusieron las fuerzas antidisturbios, que se vieron obligadas a lanzar gases lacrim\u00f3genos para dispersarlos.<\/p>\n\n\n\n<p>Los contrarios a facilitar la procreaci\u00f3n asistida a las mujeres solteras y a las parejas lesbianas desfilaron detr\u00e1s de una imagen gigante, de cuatro metros de altura, de un beb\u00e9 cubierto por un c\u00f3digo de barras, como si fuera un producto industrial, para denunciar \u201cla f\u00e1brica de beb\u00e9s pagada por los franceses\u201d.<\/p>\n\n\n\n<p>El proyecto de ley dispone de apoyos transversales, pues se trata de un asunto de conciencia, pero existen muchos matices. Son probables todav\u00eda numerosas enmiendas. En el Senado hay una mayor\u00eda conservadora, y los partidarios del presidente Macron son minoritarios. Entre los puntos pol\u00e9micos figuran la filiaci\u00f3n de los hijos \u2013si se atribuyen legalmente a una sola mujer en una pareja lesbiana o a las dos\u2013, as\u00ed como las condiciones legales para los hijos nacidos en el extranjero de madres de alquiler y tra\u00eddos a Francia, donde est\u00e1 prohibida, por ahora, la maternidad subrogada.<\/p>\n\n\n\n<h2 class=\"has-cyan-bluish-gray-background-color has-background wp-block-heading\">Controles por el toque de queda<\/h2>\n\n\n\n<p class=\"has-cyan-bluish-gray-background-color has-background\">A pesar del toque de queda, que en Francia entra en vigor a las 18 horas, ayer hab\u00eda a esa hora casi 400 kil\u00f3metros de atascos en las autopistas y carreteras de acceso a Par\u00eds. Una de las retenciones m\u00e1s importantes se produjo en la autopista A13, la que comunica la capital francesa con Normand\u00eda. En el \u00faltimo peaje sentido Par\u00eds, cerca de la localidad de Mantes-la-Jolie, la polic\u00eda mont\u00f3, bajo la lluvia, un control. Se form\u00f3 una cola impresionante. Los agentes paraban los veh\u00edculos de forma aleatoria para exigirles el justificante que permite saltarse el toque de queda. En caso de no disponer del documento, la multa es de 135 euros en la primera infracci\u00f3n. La sanci\u00f3n se hace mucho m\u00e1s dura en caso de reincidencia. El ministro del Interior, G\u00e9rald Darmanin, se desplaz\u00f3 al lugar, rodeado de periodistas, y habl\u00f3 con los responsables del operativo. La acci\u00f3n tuvo car\u00e1cter disuasivo, para mostrar que el Gobierno va en serio con las restricciones impuestas debido a la pandemia y que las aplicar\u00e1 a rajatabla.<\/p>\n\n\n\n<p>Quienes se oponen a la ley reprochan a Macron que aproveche esta situaci\u00f3n de pandemia, con toque de queda y limitaci\u00f3n de movimientos, para aprobar, con menos presi\u00f3n de la calle, un proyecto tan discutible. Lamentan que el ministro de Sanidad, Olivier V\u00e9ran, que deber\u00eda estar absorbido por completo en la lucha contra la pandemia y la campa\u00f1a de vacunaci\u00f3n, tenga que perder tiempo en un proyecto que consideran \u201cin\u00fatil\u201d, \u201cpeligroso\u201d y \u201cpolarizador\u201d. \u201cEs una provocaci\u00f3n escandalosa y la gota que desborda el vaso\u201d, subrayaron en el texto de sus octavillas.<\/p>\n\n\n\n<p>Las protestas plantean riesgos para Macron de cara a su reelecci\u00f3n \u2013si opta por concurrir\u2013 en la primavera del 2022. Todos los sondeos muestran que el presidente depende de los votos de la derecha. Un sector de los militantes contra la procreaci\u00f3n asistida no vot\u00f3 ni votar\u00e1 nunca a Macron porque le parece demasiado liberal en temas \u00e9ticos, pero otros s\u00ed lo hicieron en el 2017 y pueden hacerlo de nuevo el a\u00f1o que viene si no ven una alternativa s\u00f3lida en el campo conservador. En el caso de unos comicios muy disputados en la segunda vuelta, con Macron contra Marine Le Pen o el presidente frente a un rival de la izquierda, la desmovilizaci\u00f3n o la p\u00e9rdida de votantes conserva\u00addores podr\u00eda ser letal para las aspiraciones del jefe de Estado de mantenerse cinco a\u00f1os m\u00e1s en el El\u00edseo.<\/p>\n\n\n\n<p>Fuente: https:\/\/www.lavanguardia.com\/internacional\/20210201\/6212884\/protestas-francia-ley-procreacion-asistida-lesbianas.html<\/p>\n","protected":false},"excerpt":{"rendered":"<p>El pol\u00e9mico proyecto legislativo aleja a los cat\u00f3licos conservadores de Macron EUSEBIO VAL \/ Par\u00eds \/ LA VANGUARDIA Las leyes [&hellip;]<\/p>\n","protected":false},"author":1,"featured_media":4067,"comment_status":"open","ping_status":"open","sticky":false,"template":"","format":"standard","meta":{"site-sidebar-layout":"default","site-content-layout":"","ast-site-content-layout":"default","site-content-style":"default","site-sidebar-style":"default","ast-global-header-display":"","ast-banner-title-visibility":"","ast-main-header-display":"","ast-hfb-above-header-display":"","ast-hfb-below-header-display":"","ast-hfb-mobile-header-display":"","site-post-title":"","ast-breadcrumbs-content":"","ast-featured-img":"","footer-sml-layout":"","theme-transparent-header-meta":"","adv-header-id-meta":"","stick-header-meta":"","header-above-stick-meta":"","header-main-stick-meta":"","header-below-stick-meta":"","astra-migrate-meta-layouts":"default","ast-page-background-enabled":"default","ast-page-background-meta":{"desktop":{"background-color":"var(--ast-global-color-4)","background-image":"","background-repeat":"repeat","background-position":"center center","background-size":"auto","background-attachment":"scroll","background-type":"","background-media":"","overlay-type":"","overlay-color":"","overlay-opacity":"","overlay-gradient":""},"tablet":{"background-color":"","background-image":"","background-repeat":"repeat","background-position":"center center","background-size":"auto","background-attachment":"scroll","background-type":"","background-media":"","overlay-type":"","overlay-color":"","overlay-opacity":"","overlay-gradient":""},"mobile":{"background-color":"","background-image":"","background-repeat":"repeat","background-position":"center center","background-size":"auto","background-attachment":"scroll","background-type":"","background-media":"","overlay-type":"","overlay-color":"","overlay-opacity":"","overlay-gradient":""}},"ast-content-background-meta":{"desktop":{"background-color":"var(--ast-global-color-5)","background-image":"","background-repeat":"repeat","background-position":"center center","background-size":"auto","background-attachment":"scroll","background-type":"","background-media":"","overlay-type":"","overlay-color":"","overlay-opacity":"","overlay-gradient":""},"tablet":{"background-color":"var(--ast-global-color-5)","background-image":"","background-repeat":"repeat","background-position":"center center","background-size":"auto","background-attachment":"scroll","background-type":"","background-media":"","overlay-type":"","overlay-color":"","overlay-opacity":"","overlay-gradient":""},"mobile":{"background-color":"var(--ast-global-color-5)","background-image":"","background-repeat":"repeat","background-position":"center center","background-size":"auto","background-attachment":"scroll","background-type":"","background-media":"","overlay-type":"","overlay-color":"","overlay-opacity":"","overlay-gradient":""}},"footnotes":""},"categories":[8],"tags":[],"class_list":["post-4066","post","type-post","status-publish","format-standard","has-post-thumbnail","hentry","category-noticias"],"_links":{"self":[{"href":"https:\/\/losperiodistas.com.mx\/portal\/wp-json\/wp\/v2\/posts\/4066","targetHints":{"allow":["GET"]}}],"collection":[{"href":"https:\/\/losperiodistas.com.mx\/portal\/wp-json\/wp\/v2\/posts"}],"about":[{"href":"https:\/\/losperiodistas.com.mx\/portal\/wp-json\/wp\/v2\/types\/post"}],"author":[{"embeddable":true,"href":"https:\/\/losperiodistas.com.mx\/portal\/wp-json\/wp\/v2\/users\/1"}],"replies":[{"embeddable":true,"href":"https:\/\/losperiodistas.com.mx\/portal\/wp-json\/wp\/v2\/comments?post=4066"}],"version-history":[{"count":1,"href":"https:\/\/losperiodistas.com.mx\/portal\/wp-json\/wp\/v2\/posts\/4066\/revisions"}],"predecessor-version":[{"id":4068,"href":"https:\/\/losperiodistas.com.mx\/portal\/wp-json\/wp\/v2\/posts\/4066\/revisions\/4068"}],"wp:featuredmedia":[{"embeddable":true,"href":"https:\/\/losperiodistas.com.mx\/portal\/wp-json\/wp\/v2\/media\/4067"}],"wp:attachment":[{"href":"https:\/\/losperiodistas.com.mx\/portal\/wp-json\/wp\/v2\/media?parent=4066"}],"wp:term":[{"taxonomy":"category","embeddable":true,"href":"https:\/\/losperiodistas.com.mx\/portal\/wp-json\/wp\/v2\/categories?post=4066"},{"taxonomy":"post_tag","embeddable":true,"href":"https:\/\/losperiodistas.com.mx\/portal\/wp-json\/wp\/v2\/tags?post=4066"}],"curies":[{"name":"wp","href":"https:\/\/api.w.org\/{rel}","templated":true}]}}