{"id":40584,"date":"2022-11-06T06:50:53","date_gmt":"2022-11-06T12:50:53","guid":{"rendered":"http:\/\/losperiodistas.com.mx\/portal\/?p=40584"},"modified":"2022-11-06T06:55:13","modified_gmt":"2022-11-06T12:55:13","slug":"comienza-en-egipto-la-cop27-para-relanzar-el-combate-climatico-dw","status":"publish","type":"post","link":"https:\/\/losperiodistas.com.mx\/portal\/comienza-en-egipto-la-cop27-para-relanzar-el-combate-climatico-dw\/","title":{"rendered":"Comienza en Egipto la COP27 para relanzar el combate clim\u00e1tico | DW"},"content":{"rendered":"\n<p class=\"has-vivid-cyan-blue-background-color has-background has-medium-font-size\">La presidencia del encuentro qued\u00f3 en manos del ministro egipcio de Exteriores, Sameh Shukri, quien prometi\u00f3 que buscar\u00e1 pasar de la negociaci\u00f3n a la de implementaci\u00f3n.<\/p>\n\n\n\n<figure class=\"wp-block-image size-full is-style-default\"><img fetchpriority=\"high\" decoding=\"async\" width=\"700\" height=\"394\" src=\"https:\/\/losperiodistas.com.mx\/portal\/wp-content\/uploads\/2022\/11\/63661929_303.jpeg\" alt=\"\" class=\"wp-image-40585\" srcset=\"https:\/\/losperiodistas.com.mx\/portal\/wp-content\/uploads\/2022\/11\/63661929_303.jpeg 700w, https:\/\/losperiodistas.com.mx\/portal\/wp-content\/uploads\/2022\/11\/63661929_303-300x169.jpeg 300w\" sizes=\"(max-width: 700px) 100vw, 700px\" \/><figcaption>Una mujer pasa frente al logo de la COP27 en Sharm el Sheij.<\/figcaption><\/figure>\n\n\n\n<p class=\"has-vivid-cyan-blue-color has-text-color has-medium-font-size\">DW<\/p>\n\n\n\n<p>La&nbsp;<a href=\"https:\/\/www.dw.com\/es\/cop27\/t-62525981\">Cumbre del Clima COP27<\/a>&nbsp;de&nbsp;<a href=\"https:\/\/www.dw.com\/es\/egipto\/t-17411927\">Sharm el Sheij<\/a>&nbsp;qued\u00f3 inaugurada formalmente este domingo (06.11.2022) con la elecci\u00f3n del nuevo presidente de la misma, el ministro de Exteriores egipcio, Sameh Shukri, quien prometi\u00f3 que esta reuni\u00f3n ser\u00e1 \u00abun punto de inflexi\u00f3n a la hora de lograr una acci\u00f3n multilateral colectiva\u00bb, en medio de una creciente alarma por los fen\u00f3menos meteorol\u00f3gicos extremos.<\/p>\n\n\n\n<p>\u00abHemos sufrido a lo largo de este a\u00f1o acontecimientos (meteorol\u00f3gicos) dolorosos. Todos estos episodios representan una lecci\u00f3n que debe ser aprendida\u00bb, declar\u00f3 Shukri. La COP27, que reunir\u00e1 el lunes y martes a unos 120 jefes de Estado y de gobierno, se perfila como un escenario de batalla entre los pa\u00edses ricos y pobres acerca de la financiaci\u00f3n de ese combate contra el impacto del cambio clim\u00e1tico.<\/p>\n\n\n\n<p>Los desastres clim\u00e1ticos y el desabastecimiento energ\u00e9tico han creado \u00abtensiones pol\u00edticas que han tenido un profundo impacto en todos nuestros pa\u00edses\u00bb, alert\u00f3 el ministro egipcio, quien agreg\u00f3 que este encuentro no cesar\u00e1 en sus esfuerzos para obtener resultados tangibles, puesto que ya \u00abes hora de moverse de la fase de la negociaci\u00f3n a la de implementar los compromisos\u00bb adquiridos.<a href=\"https:\/\/www.dw.com\/es\/comienza-en-egipto-la-cop27-para-relanzar-el-combate-clim%C3%A1tico\/a-63663190#\"><\/a><\/p>\n\n\n\n<p>Vista del interior del Centro de Convenciones de Sharm el Sheij.<\/p>\n\n\n\n<h2 class=\"wp-block-heading\">Debate sobre aportes de los pa\u00edses ricos<\/h2>\n\n\n\n<p>El diplom\u00e1tico egipcio insisti\u00f3 en su discurso de apertura en los mismos temas que la organizaci\u00f3n lleva pidiendo desde hace semanas: que la situaci\u00f3n clim\u00e1tica global requiere \u00abuna urgente acci\u00f3n internacional\u00bb y que la&nbsp;<a href=\"https:\/\/www.dw.com\/es\/di%C3%A1logo-de-petersberg-alemania-insta-a-no-posponer-la-lucha-clim%C3%A1tica-por-imperativo-de-otras-crisis\/a-62525053\">crisis pol\u00edtica y econ\u00f3mica vigente no \u00abdebe desviar los esfuerzos globales para enfrentar el cambio clim\u00e1tico\u00bb<\/a>.<\/p>\n\n\n\n<p>Por su parte, en una breve alocuci\u00f3n inicial, el presidente saliente de la&nbsp;<a href=\"https:\/\/www.dw.com\/es\/cop26\/t-59640993\">COP26<\/a>, el brit\u00e1nico Alok Sharma, apunt\u00f3 que en el a\u00f1o transcurrido desde el cierre de la reuni\u00f3n de Glasgow hubo muchos \u00abavances\u00bb, con pasos \u00abhist\u00f3ricos y esperanzadores\u00bb. \u00abPara todos los esc\u00e9pticos respecto al cambio clim\u00e1tico mi mensaje es claro: por tan frustrante que pueda ser, el sistema de acci\u00f3n (establecido por la COP) est\u00e1 funcionando\u00bb, dijo.<\/p>\n\n\n\n<p>La cumbre tambi\u00e9n relanzar\u00e1 el debate sobre los 100.000 millones de d\u00f3lares que los pa\u00edses en desarrollo deber\u00edan recibir anualmente de los pa\u00edses ricos, mediante pr\u00e9stamos o donaciones, para luchar contra el cambio clim\u00e1tico. La inclusi\u00f3n de este punto era una demanda de los pa\u00edses m\u00e1s pobres, especialmente vulnerables a las consecuencias del cambio clim\u00e1tico, frente a las reticencias de los pa\u00edses ricos, hist\u00f3ricamente los grandes emisores de gases de efecto invernadero.<\/p>\n\n\n\n<p>La COP27 se celebrar\u00e1 desde este domingo hasta el d\u00eda 18 en Sharm el Sheij, ciudad en el sur de la pen\u00ednsula del Sina\u00ed que se ha blindado para esta ocasi\u00f3n y donde se espera que reciba a m\u00e1s de 40.000 asistentes, en la que cree que ser\u00e1 la cumbre clim\u00e1tica con m\u00e1s participantes en la historia.<\/p>\n\n\n\n<p>DZC (EFE, AFP)<\/p>\n\n\n\n<p>Fuente: https:\/\/www.dw.com\/es\/comienza-en-egipto-la-cop27-para-relanzar-el-combate-clim%C3%A1tico\/a-63663190<\/p>\n","protected":false},"excerpt":{"rendered":"<p>La presidencia del encuentro qued\u00f3 en manos del ministro egipcio de Exteriores, Sameh Shukri, quien prometi\u00f3 que buscar\u00e1 pasar de [&hellip;]<\/p>\n","protected":false},"author":1,"featured_media":40585,"comment_status":"open","ping_status":"open","sticky":false,"template":"","format":"standard","meta":{"site-sidebar-layout":"default","site-content-layout":"","ast-site-content-layout":"default","site-content-style":"default","site-sidebar-style":"default","ast-global-header-display":"","ast-banner-title-visibility":"","ast-main-header-display":"","ast-hfb-above-header-display":"","ast-hfb-below-header-display":"","ast-hfb-mobile-header-display":"","site-post-title":"","ast-breadcrumbs-content":"","ast-featured-img":"","footer-sml-layout":"","theme-transparent-header-meta":"","adv-header-id-meta":"","stick-header-meta":"","header-above-stick-meta":"","header-main-stick-meta":"","header-below-stick-meta":"","astra-migrate-meta-layouts":"default","ast-page-background-enabled":"default","ast-page-background-meta":{"desktop":{"background-color":"var(--ast-global-color-4)","background-image":"","background-repeat":"repeat","background-position":"center center","background-size":"auto","background-attachment":"scroll","background-type":"","background-media":"","overlay-type":"","overlay-color":"","overlay-opacity":"","overlay-gradient":""},"tablet":{"background-color":"","background-image":"","background-repeat":"repeat","background-position":"center center","background-size":"auto","background-attachment":"scroll","background-type":"","background-media":"","overlay-type":"","overlay-color":"","overlay-opacity":"","overlay-gradient":""},"mobile":{"background-color":"","background-image":"","background-repeat":"repeat","background-position":"center center","background-size":"auto","background-attachment":"scroll","background-type":"","background-media":"","overlay-type":"","overlay-color":"","overlay-opacity":"","overlay-gradient":""}},"ast-content-background-meta":{"desktop":{"background-color":"var(--ast-global-color-5)","background-image":"","background-repeat":"repeat","background-position":"center center","background-size":"auto","background-attachment":"scroll","background-type":"","background-media":"","overlay-type":"","overlay-color":"","overlay-opacity":"","overlay-gradient":""},"tablet":{"background-color":"var(--ast-global-color-5)","background-image":"","background-repeat":"repeat","background-position":"center center","background-size":"auto","background-attachment":"scroll","background-type":"","background-media":"","overlay-type":"","overlay-color":"","overlay-opacity":"","overlay-gradient":""},"mobile":{"background-color":"var(--ast-global-color-5)","background-image":"","background-repeat":"repeat","background-position":"center center","background-size":"auto","background-attachment":"scroll","background-type":"","background-media":"","overlay-type":"","overlay-color":"","overlay-opacity":"","overlay-gradient":""}},"footnotes":""},"categories":[8],"tags":[13622],"class_list":["post-40584","post","type-post","status-publish","format-standard","has-post-thumbnail","hentry","category-noticias","tag-cumbre-del-clima-cop27"],"_links":{"self":[{"href":"https:\/\/losperiodistas.com.mx\/portal\/wp-json\/wp\/v2\/posts\/40584","targetHints":{"allow":["GET"]}}],"collection":[{"href":"https:\/\/losperiodistas.com.mx\/portal\/wp-json\/wp\/v2\/posts"}],"about":[{"href":"https:\/\/losperiodistas.com.mx\/portal\/wp-json\/wp\/v2\/types\/post"}],"author":[{"embeddable":true,"href":"https:\/\/losperiodistas.com.mx\/portal\/wp-json\/wp\/v2\/users\/1"}],"replies":[{"embeddable":true,"href":"https:\/\/losperiodistas.com.mx\/portal\/wp-json\/wp\/v2\/comments?post=40584"}],"version-history":[{"count":1,"href":"https:\/\/losperiodistas.com.mx\/portal\/wp-json\/wp\/v2\/posts\/40584\/revisions"}],"predecessor-version":[{"id":40586,"href":"https:\/\/losperiodistas.com.mx\/portal\/wp-json\/wp\/v2\/posts\/40584\/revisions\/40586"}],"wp:featuredmedia":[{"embeddable":true,"href":"https:\/\/losperiodistas.com.mx\/portal\/wp-json\/wp\/v2\/media\/40585"}],"wp:attachment":[{"href":"https:\/\/losperiodistas.com.mx\/portal\/wp-json\/wp\/v2\/media?parent=40584"}],"wp:term":[{"taxonomy":"category","embeddable":true,"href":"https:\/\/losperiodistas.com.mx\/portal\/wp-json\/wp\/v2\/categories?post=40584"},{"taxonomy":"post_tag","embeddable":true,"href":"https:\/\/losperiodistas.com.mx\/portal\/wp-json\/wp\/v2\/tags?post=40584"}],"curies":[{"name":"wp","href":"https:\/\/api.w.org\/{rel}","templated":true}]}}