{"id":40581,"date":"2022-11-06T06:47:40","date_gmt":"2022-11-06T12:47:40","guid":{"rendered":"http:\/\/losperiodistas.com.mx\/portal\/?p=40581"},"modified":"2022-11-06T06:47:42","modified_gmt":"2022-11-06T12:47:42","slug":"cartel-de-sinaloa-en-espana-cena-con-pena-nieto-contacto-con-el-embajador-quirino-proceso","status":"publish","type":"post","link":"https:\/\/losperiodistas.com.mx\/portal\/cartel-de-sinaloa-en-espana-cena-con-pena-nieto-contacto-con-el-embajador-quirino-proceso\/","title":{"rendered":"C\u00e1rtel de Sinaloa en Espa\u00f1a: \u201cCena\u201d con Pe\u00f1a Nieto, \u201ccontacto\u201d con el embajador Quirino | Proceso"},"content":{"rendered":"\n<p class=\"has-pale-cyan-blue-background-color has-background has-medium-font-size\"><strong>El 17 de mayo fue desarticulada una red del C\u00e1rtel de Sinaloa asentada en Espa\u00f1a; entre los detenidos est\u00e1 un subinspector de la polic\u00eda que declar\u00f3 que otro de los integrantes de la red le confes\u00f3 que cen\u00f3 con el expresidente Enrique Pe\u00f1a Nieto y contact\u00f3 al embajador Quirino Ordaz Coppel.<\/strong><\/p>\n\n\n\n<figure class=\"wp-block-image size-full is-style-default\"><img fetchpriority=\"high\" decoding=\"async\" width=\"800\" height=\"450\" src=\"https:\/\/losperiodistas.com.mx\/portal\/wp-content\/uploads\/2022\/11\/f800x450-164056_215502_4658.jpeg\" alt=\"\" class=\"wp-image-40582\" srcset=\"https:\/\/losperiodistas.com.mx\/portal\/wp-content\/uploads\/2022\/11\/f800x450-164056_215502_4658.jpeg 800w, https:\/\/losperiodistas.com.mx\/portal\/wp-content\/uploads\/2022\/11\/f800x450-164056_215502_4658-300x169.jpeg 300w, https:\/\/losperiodistas.com.mx\/portal\/wp-content\/uploads\/2022\/11\/f800x450-164056_215502_4658-768x432.jpeg 768w\" sizes=\"(max-width: 800px) 100vw, 800px\" \/><figcaption>Decomisos al C\u00e1rtel de Sinaloa en Espa\u00f1a. Foto: Especial<\/figcaption><\/figure>\n\n\n\n<p class=\"has-vivid-cyan-blue-color has-text-color has-medium-font-size\">ALEJANDRO GUTI\u00c9RREZ \/ REVISTA PROCESO<\/p>\n\n\n\n<p><em><strong>El pasado 17 de mayo la polic\u00eda espa\u00f1ola desarticul\u00f3 una red del C\u00e1rtel de Sinaloa asentada en Espa\u00f1a: decomis\u00f3 viviendas, fincas y bodegas, incaut\u00f3 drogas y armas y detuvo a 24 personas, la mayor\u00eda integrantes de una familia oriunda de Sinaloa, as\u00ed como a colaboradores espa\u00f1oles; entre \u00e9stos destaca un subinspector de la polic\u00eda, quien ante la justicia ofreci\u00f3 detalles de las operaciones de lavado de dinero del grupo y sobre lo que uno de sus integrantes \u2013Jes\u00fas Flores Ramo, Pepe\u2013 le confes\u00f3: que cen\u00f3 en Madrid con el expresidente Pe\u00f1a Nieto y que lo hab\u00eda contactado el nuevo embajador mexicano, Quirino Ordaz Coppel, \u201cpara traer dinero a Espa\u00f1a\u201d.<\/strong><\/em><\/p>\n\n\n\n<p>MADRID (Proceso).- Fue al rendir su declaraci\u00f3n judicial por su presunta complicidad con una red del C\u00e1rtel de Sinaloa asentada en Espa\u00f1a, que el agente de la Polic\u00eda Nacional Diego Arias Garc\u00eda declar\u00f3, el pasado 2 de junio, que Jos\u00e9 de Jes\u00fas Flores Ramo, Pepe, sobre el que \u201corbitaba\u201d este clan mexicano, le revel\u00f3 que en alg\u00fan momento \u201ccena con el expresidente de M\u00e9xico (Enrique) Pe\u00f1a Nieto\u201d, en Espa\u00f1a.<\/p>\n\n\n\n<p>Y en alg\u00fan otro momento Arias tambi\u00e9n relat\u00f3 que \u201cse ha puesto en contacto con \u00e9l (Pepe), el que va a venir de embajador de M\u00e9xico a Espa\u00f1a\u201d, en evidente alusi\u00f3n a Quirino Ordaz Coppel. Y al cuestionarle por el motivo de ese contacto, el presunto narco y responsable del blanqueo de capitales le explic\u00f3: \u201cPara traer dinero a Espa\u00f1a\u201d.<\/p>\n\n\n\n<p>Dos d\u00edas despu\u00e9s de esta diligencia en la instrucci\u00f3n del caso, en la que el polic\u00eda particip\u00f3 por videoconferencia desde su reclusi\u00f3n en el Centro Penitenciario de Logro\u00f1o, el Cuerpo Nacional de Polic\u00eda anunci\u00f3 en un comunicado que, junto con la Agencia Tributaria, hab\u00edan desarticulado a esta \u201corganizaci\u00f3n criminal internacional dedicada al tr\u00e1fico de drogas vinculada con c\u00e1rteles mexicanos\u201d, que operaba en Espa\u00f1a desde 2020.<\/p>\n\n\n\n<p>El comunicado se centra en los resultados de la operaci\u00f3n policial, que implic\u00f3 la movilizaci\u00f3n de 200 agentes, sin hacer referencia alguna a los pol\u00edticos mexicanos mencionados en la declaraci\u00f3n del subinspector de la Polic\u00eda Nacional coludido.<\/p>\n\n\n\n<p>El pasado 17 de mayo a las 07:00 horas se llevaron a cabo 13 registros en las viviendas, fincas y bodegas vinculadas al grupo, en Madrid y en la provincia de Guadalajara (Castilla La Mancha, lim\u00edtrofe con la Comunidad de Madrid), adem\u00e1s de inspecciones en domicilios de Madrid y M\u00e1laga. La mayor\u00eda de los 24 detenidos eran parte de una red familiar mexicana, algunos colaboradores espa\u00f1oles y un ciudadano chino, Mingfu Xu.<\/p>\n\n\n\n<p>La polic\u00eda incaut\u00f3 mil kilos de cogollos de mariguana y 37 kilos de coca\u00edna, introducida desde Sudam\u00e9rica; desmantel\u00f3 dos laboratorios para el procesamiento y distribuci\u00f3n de la coca\u00edna, que regularmente los detenidos vend\u00edan a organizaciones de Holanda y Croacia; y decomis\u00f3 una decena de armas, entre ellas tres subfusiles. Asegur\u00f3 m\u00e1s de 100 mil euros en efectivo y joyas; bienes de lujo, como 17 veh\u00edculos de alta gama \u2013algunos deportivos de m\u00e1s de 500 mil euros\u2013 y cuatro viviendas por valor de 7 millones de euros (alrededor de 134 millones de pesos).<\/p>\n\n\n\n<p>A los investigados les fueron bloqueadas 20 cuentas bancarias. Manten\u00edan un perfil empresarial como fachada para sus actividades de narcotr\u00e1fico y blanqueo de capitales. Para ello crearon una red de sociedades que se extend\u00eda por Espa\u00f1a, Colombia, Suiza y Portugal, entramado para el que las autoridades judiciales espa\u00f1olas han solicitado hasta ahora una orden europea de investigaci\u00f3n a Portugal y una comisi\u00f3n rogatoria (petici\u00f3n de ayuda judicial) a Suiza. Hasta el momento no se ha emitido comisi\u00f3n rogatoria a M\u00e9xico, origen de la mayor\u00eda de los detenidos y de la fortuna que \u00e9stos introdujeron a Espa\u00f1a.<\/p>\n\n\n\n<p>Proceso accedi\u00f3 a las declaraciones que por separado hicieron ante el juzgado el polic\u00eda nacional c\u00f3mplice (que tambi\u00e9n hac\u00eda labores de seguridad del grupo), y dos de los cabecillas de la organizaci\u00f3n, Jos\u00e9 de Jes\u00fas Flores Guti\u00e9rrez y su hijo Jos\u00e9 de Jes\u00fas Flores Ramo, Pepe, las cuales est\u00e1n plagadas de frases autoexculpatorias, de negaci\u00f3n de toda responsabilidad y argumentaciones justificativas que se contraponen con los interrogatorios de los magistrados y de la fiscal\u00eda, basados en las evidencias del atestado policial, resultado a su vez de las vigilancias, seguimientos, investigaci\u00f3n patrimonial e intervenciones de las comunicaciones de los involucrados, entre otras.<\/p>\n\n\n\n<p>En las declaraciones ante el juzgado (ambas el 19 de mayo) ni el padre ni el hijo hacen referencia alguna a la cena con el expresidente Pe\u00f1a Nieto ni el supuesto contacto con el embajador Quirino Ordaz.<\/p>\n\n\n\n<p>Una fuente del caso explic\u00f3 al reportero que se nota en los dos mexicanos mayor manejo en sus respuestas, tratando de eludir su responsabilidad. Ambos ofrecen respuestas cortas, rotundas o monos\u00edlabos. Por ejemplo, niegan de forma tajante el uso de armas o el gusto por ellas; dicen no tener conocimiento de la droga asegurada, de las plantaciones de cannabis, de la toma de decisiones del entramado o del papel de otros miembros del clan.<\/p>\n\n\n\n<p>El padre, Flores Guti\u00e9rrez, argument\u00f3 que padece una afecci\u00f3n cardiaca para poder enfrentar el caso en libertad condicional, y Pepe tambi\u00e9n pidi\u00f3 la \u201ccomprensi\u00f3n de su se\u00f1or\u00eda\u201d para llevar la instrucci\u00f3n en libertad aduciendo que es un \u201chombre de casa\u201d, \u201cno me voy a mover de aqu\u00ed\u201d y \u201cme ayudar\u00eda para poder aclarar las cosas y poder defenderme\u201d.<\/p>\n\n\n\n<p>Por el contrario, a\u00f1ade la misma fuente, resulta m\u00e1s forzada e inveros\u00edmil la justificaci\u00f3n que el polic\u00eda da sobre su implicaci\u00f3n con esta red. Sin embargo, aporta m\u00e1s hechos relevantes, como el contacto que le dijeron haber tenido con los pol\u00edticos mexicanos, la operaci\u00f3n de al menos un vuelo con un gran cargamento de coca\u00edna desde Sudam\u00e9rica con destino a Espa\u00f1a y la identificaci\u00f3n de un miembro de ETA escondido en Venezuela.<\/p>\n\n\n\n<p>En las mencionadas comparecencias (del 19 de mayo, 2 de junio y 31 de agosto), ni la fiscal ni los abogados de las partes han preguntado o buscado ahondar m\u00e1s sobre las supuestas conexiones de Pepe con el exmandatario Pe\u00f1a Nieto y con el embajador. Los interrogatorios est\u00e1n centrados en los presuntos delitos cometidos en Espa\u00f1a y relacionados con la operaci\u00f3n de la c\u00e9lula de Sinaloa en este pa\u00eds.<\/p>\n\n\n\n<h2 class=\"wp-block-heading\">\u201cNo lo conozco\u201d: Quirino Ordaz<\/h2>\n\n\n\n<p>Consultado por el corresponsal sobre este asunto, el embajador Quirino Ordaz envi\u00f3 por escrito, en papel membretado y con su firma, las respuestas en las que aclara que \u201cno es real ese contacto\u201d con Flores Ramo. \u201cNo lo conozco\u201d y \u201cno he tenido contacto alguno con esa persona\u201d.<\/p>\n\n\n\n<p>Sobre el padre, Jos\u00e9 de Jes\u00fas Flores Guti\u00e9rrez, el embajador tambi\u00e9n asegur\u00f3, \u201cno lo conozco\u201d y, a\u00f1adi\u00f3 que, \u201cno consta en mi agenda previa a mi llegada a Madrid, ni como embajador, alg\u00fan contacto o comunicaci\u00f3n con ninguna de esas dos personas\u201d.<\/p>\n\n\n\n<h3 class=\"wp-block-heading\">Fragmento del reportaje publicado en la edici\u00f3n 2401 de la revista Proceso, cuya edici\u00f3n digital puede adquirir en\u00a0<a href=\"https:\/\/publicacionesdigitales.proceso.com.mx\/library\" target=\"_blank\" rel=\"noreferrer noopener\">este enlace<\/a>.<\/h3>\n\n\n\n<p>Fuente: https:\/\/www.proceso.com.mx\/reportajes\/2022\/11\/5\/cartel-de-sinaloa-en-espana-cena-con-pena-nieto-contacto-con-el-embajador-quirino-296460.html<\/p>\n","protected":false},"excerpt":{"rendered":"<p>El 17 de mayo fue desarticulada una red del C\u00e1rtel de Sinaloa asentada en Espa\u00f1a; entre los detenidos est\u00e1 un [&hellip;]<\/p>\n","protected":false},"author":1,"featured_media":40582,"comment_status":"open","ping_status":"open","sticky":false,"template":"","format":"standard","meta":{"site-sidebar-layout":"default","site-content-layout":"","ast-site-content-layout":"default","site-content-style":"default","site-sidebar-style":"default","ast-global-header-display":"","ast-banner-title-visibility":"","ast-main-header-display":"","ast-hfb-above-header-display":"","ast-hfb-below-header-display":"","ast-hfb-mobile-header-display":"","site-post-title":"","ast-breadcrumbs-content":"","ast-featured-img":"","footer-sml-layout":"","theme-transparent-header-meta":"","adv-header-id-meta":"","stick-header-meta":"","header-above-stick-meta":"","header-main-stick-meta":"","header-below-stick-meta":"","astra-migrate-meta-layouts":"default","ast-page-background-enabled":"default","ast-page-background-meta":{"desktop":{"background-color":"var(--ast-global-color-4)","background-image":"","background-repeat":"repeat","background-position":"center center","background-size":"auto","background-attachment":"scroll","background-type":"","background-media":"","overlay-type":"","overlay-color":"","overlay-opacity":"","overlay-gradient":""},"tablet":{"background-color":"","background-image":"","background-repeat":"repeat","background-position":"center center","background-size":"auto","background-attachment":"scroll","background-type":"","background-media":"","overlay-type":"","overlay-color":"","overlay-opacity":"","overlay-gradient":""},"mobile":{"background-color":"","background-image":"","background-repeat":"repeat","background-position":"center center","background-size":"auto","background-attachment":"scroll","background-type":"","background-media":"","overlay-type":"","overlay-color":"","overlay-opacity":"","overlay-gradient":""}},"ast-content-background-meta":{"desktop":{"background-color":"var(--ast-global-color-5)","background-image":"","background-repeat":"repeat","background-position":"center center","background-size":"auto","background-attachment":"scroll","background-type":"","background-media":"","overlay-type":"","overlay-color":"","overlay-opacity":"","overlay-gradient":""},"tablet":{"background-color":"var(--ast-global-color-5)","background-image":"","background-repeat":"repeat","background-position":"center center","background-size":"auto","background-attachment":"scroll","background-type":"","background-media":"","overlay-type":"","overlay-color":"","overlay-opacity":"","overlay-gradient":""},"mobile":{"background-color":"var(--ast-global-color-5)","background-image":"","background-repeat":"repeat","background-position":"center center","background-size":"auto","background-attachment":"scroll","background-type":"","background-media":"","overlay-type":"","overlay-color":"","overlay-opacity":"","overlay-gradient":""}},"footnotes":""},"categories":[8],"tags":[824,2158,3960],"class_list":["post-40581","post","type-post","status-publish","format-standard","has-post-thumbnail","hentry","category-noticias","tag-cartel-sinaloa","tag-enrique-pena-nieto","tag-quirino-ordaz-coppel"],"_links":{"self":[{"href":"https:\/\/losperiodistas.com.mx\/portal\/wp-json\/wp\/v2\/posts\/40581","targetHints":{"allow":["GET"]}}],"collection":[{"href":"https:\/\/losperiodistas.com.mx\/portal\/wp-json\/wp\/v2\/posts"}],"about":[{"href":"https:\/\/losperiodistas.com.mx\/portal\/wp-json\/wp\/v2\/types\/post"}],"author":[{"embeddable":true,"href":"https:\/\/losperiodistas.com.mx\/portal\/wp-json\/wp\/v2\/users\/1"}],"replies":[{"embeddable":true,"href":"https:\/\/losperiodistas.com.mx\/portal\/wp-json\/wp\/v2\/comments?post=40581"}],"version-history":[{"count":1,"href":"https:\/\/losperiodistas.com.mx\/portal\/wp-json\/wp\/v2\/posts\/40581\/revisions"}],"predecessor-version":[{"id":40583,"href":"https:\/\/losperiodistas.com.mx\/portal\/wp-json\/wp\/v2\/posts\/40581\/revisions\/40583"}],"wp:featuredmedia":[{"embeddable":true,"href":"https:\/\/losperiodistas.com.mx\/portal\/wp-json\/wp\/v2\/media\/40582"}],"wp:attachment":[{"href":"https:\/\/losperiodistas.com.mx\/portal\/wp-json\/wp\/v2\/media?parent=40581"}],"wp:term":[{"taxonomy":"category","embeddable":true,"href":"https:\/\/losperiodistas.com.mx\/portal\/wp-json\/wp\/v2\/categories?post=40581"},{"taxonomy":"post_tag","embeddable":true,"href":"https:\/\/losperiodistas.com.mx\/portal\/wp-json\/wp\/v2\/tags?post=40581"}],"curies":[{"name":"wp","href":"https:\/\/api.w.org\/{rel}","templated":true}]}}