{"id":40576,"date":"2022-11-06T06:28:03","date_gmt":"2022-11-06T12:28:03","guid":{"rendered":"http:\/\/losperiodistas.com.mx\/portal\/?p=40576"},"modified":"2022-11-06T06:43:49","modified_gmt":"2022-11-06T12:43:49","slug":"el-primer-papa-en-el-reino-de-los-dos-mares-se-despide-de-barein","status":"publish","type":"post","link":"https:\/\/losperiodistas.com.mx\/portal\/el-primer-papa-en-el-reino-de-los-dos-mares-se-despide-de-barein\/","title":{"rendered":"El primer Papa en el Reino de los dos mares se despide de Bar\u00e9in | Vatican News"},"content":{"rendered":"\n<p class=\"has-luminous-vivid-amber-background-color has-background has-medium-font-size\">El Boeing de Gulf Air con el Papa Francisco a bordo despeg\u00f3 de Bar\u00e9in a las 13:16 hora local con destino a Roma Fiumicino. En la base de Sakhir Ari de Awali la ceremonia de despedida ante la presencia del Rey y del Gran Im\u00e1n de al-Azhar Al-Tayyeb<\/p>\n\n\n\n<figure class=\"wp-block-image size-large is-style-default\"><img fetchpriority=\"high\" decoding=\"async\" width=\"1024\" height=\"576\" src=\"https:\/\/losperiodistas.com.mx\/portal\/wp-content\/uploads\/2022\/11\/cq5dam.thumbnail.cropped.1500.844-1024x576.jpeg\" alt=\"\" class=\"wp-image-40577\" srcset=\"https:\/\/losperiodistas.com.mx\/portal\/wp-content\/uploads\/2022\/11\/cq5dam.thumbnail.cropped.1500.844-1024x576.jpeg 1024w, https:\/\/losperiodistas.com.mx\/portal\/wp-content\/uploads\/2022\/11\/cq5dam.thumbnail.cropped.1500.844-300x169.jpeg 300w, https:\/\/losperiodistas.com.mx\/portal\/wp-content\/uploads\/2022\/11\/cq5dam.thumbnail.cropped.1500.844-768x432.jpeg 768w, https:\/\/losperiodistas.com.mx\/portal\/wp-content\/uploads\/2022\/11\/cq5dam.thumbnail.cropped.1500.844.jpeg 1500w\" sizes=\"(max-width: 1024px) 100vw, 1024px\" \/><figcaption>El Papa saluda al Rey Hamad bin Isa Al Khalifa\u00a0 (Vatican Media)<\/figcaption><\/figure>\n\n\n\n<p class=\"has-vivid-cyan-blue-color has-text-color has-medium-font-size\">VATICAN NEWS<\/p>\n\n\n\n<p>El 39\u00ba viaje a Bar\u00e9in de Francisco, el primer Pont\u00edfice que visita el Reino de los dos mares, ha llegado a su fin. El avi\u00f3n en el que est\u00e1 regresando parti\u00f3 a las 13:16 hora local, desde la base a\u00e9rea de Sakhir, en Awali, la segunda ciudad del pa\u00eds y escenario de algunos de los encuentros de estos d\u00edas de visita. El Papa, que lleg\u00f3 al aeropuerto a bordo del Fiat 500, entr\u00f3 apoy\u00e1ndose en un bast\u00f3n, y fue recibido en el Sal\u00f3n Real por el Rey Hamad bin Isa Al Khalifa, el Pr\u00edncipe heredero y primer ministro, Salman bin Hamad Al Khalifa, otros tres hijos del Rey, un sobrino y el Gran Im\u00e1n de al-Azhar, Al-Tayyeb. Al igual que en la ceremonia de llegada, Francisco y los Reales saludaron a sus respectivas delegaciones.<\/p>\n\n\n\n<figure class=\"wp-block-image is-style-default\"><img decoding=\"async\" src=\"https:\/\/www.vaticannews.va\/content\/dam\/vaticannews\/agenzie\/images\/srv\/2022\/11\/03\/2022-11-03--viaggio-apostolico-nel-regno-del-bahrein\/1667728669643.JPG\/_jcr_content\/renditions\/cq5dam.thumbnail.cropped.750.422.jpeg\" alt=\"El saludo de Francisco al Gran Im\u00e1n Al-Tayyeb\"\/><\/figure>\n\n\n\n<p>El saludo de Francisco al Gran Im\u00e1n Al-Tayyeb<\/p>\n\n\n\n<h2 class=\"wp-block-heading\"><strong>Encuentro con un grupo de peregrinos cat\u00f3licos<\/strong><\/h2>\n\n\n\n<p>El Papa lleg\u00f3 a la Base A\u00e9rea de Sakhir tras un breve descanso en la residencia que lo acogi\u00f3, donde salud\u00f3 al Ministro de Justicia de Bar\u00e9in, al jefe del Comit\u00e9 de Honor y, por esta raz\u00f3n, presente en los actos de estos d\u00edas en nombre del pa\u00eds. Previamente, Francisco se hab\u00eda reunido en una sala de la antigua iglesia del Sagrado Coraz\u00f3n con un grupo de unos diez peregrinos cat\u00f3licos de esta zona geogr\u00e1fica. Tras agradecerles su testimonio, en comuni\u00f3n con toda la Iglesia, el Papa les aconsej\u00f3 no dejar de confiar en la oraci\u00f3n y no perder el sentido del humor, \u00abla sonrisa del coraz\u00f3n\u00bb. El Pont\u00edfice, emocionado, les dio entonces su bendici\u00f3n y los salud\u00f3 individualmente.LEA TAMBI\u00c9N<a href=\"https:\/\/www.vaticannews.va\/es\/papa\/news\/2022-11\/solo-con-dios-superamos-los-abismos-del-dolor-y-de-la-muerte.html\"><\/a>06\/11\/2022<\/p>\n\n\n\n<h2 class=\"wp-block-heading\"><a href=\"https:\/\/www.vaticannews.va\/es\/papa\/news\/2022-11\/solo-con-dios-superamos-los-abismos-del-dolor-y-de-la-muerte.html\">S\u00f3lo con Dios superamos los abismos del dolor y de la muerte<\/a><\/h2>\n\n\n\n<h2 class=\"wp-block-heading\"><strong>Fraternidad y paz las palabras del viaje<\/strong><\/h2>\n\n\n\n<p>Fue un Boing 787 de Gulf Air el que trae a Francisco de vuelta a Roma, de donde hab\u00eda partido el pasado 3 de noviembre para llegar a Bar\u00e9in como \u00abhombre y peregrino de paz\u00bb, como \u00e9l mismo lo indic\u00f3 en su primer e intenso discurso el d\u00eda de su llegada. El di\u00e1logo, la fraternidad, el respeto y la paz fueron algunas de las palabras clave de este viaje apost\u00f3lico, como la petici\u00f3n de que se dejen de usar las armas en el mundo y que se detengan las guerras en Yemen y Ucrania. El Papa dej\u00f3 un pa\u00eds que lo acogi\u00f3 calurosamente y la Iglesia local fue confirmada en su fe. Est\u00e1 previsto que el Santo Padre llegue a Roma-Fiumicino tras un vuelo de 5 horas y 55 minutos.<\/p>\n\n\n\n<p>Fuente: https:\/\/www.vaticannews.va\/es\/papa\/news\/2022-11\/el-primer-papa-en-el-reino-de-los-dos-mares-se-despide-de-barein.html<\/p>\n","protected":false},"excerpt":{"rendered":"<p>El Boeing de Gulf Air con el Papa Francisco a bordo despeg\u00f3 de Bar\u00e9in a las 13:16 hora local con [&hellip;]<\/p>\n","protected":false},"author":1,"featured_media":40577,"comment_status":"open","ping_status":"open","sticky":false,"template":"","format":"standard","meta":{"site-sidebar-layout":"default","site-content-layout":"","ast-site-content-layout":"default","site-content-style":"default","site-sidebar-style":"default","ast-global-header-display":"","ast-banner-title-visibility":"","ast-main-header-display":"","ast-hfb-above-header-display":"","ast-hfb-below-header-display":"","ast-hfb-mobile-header-display":"","site-post-title":"","ast-breadcrumbs-content":"","ast-featured-img":"","footer-sml-layout":"","theme-transparent-header-meta":"","adv-header-id-meta":"","stick-header-meta":"","header-above-stick-meta":"","header-main-stick-meta":"","header-below-stick-meta":"","astra-migrate-meta-layouts":"default","ast-page-background-enabled":"default","ast-page-background-meta":{"desktop":{"background-color":"var(--ast-global-color-4)","background-image":"","background-repeat":"repeat","background-position":"center center","background-size":"auto","background-attachment":"scroll","background-type":"","background-media":"","overlay-type":"","overlay-color":"","overlay-opacity":"","overlay-gradient":""},"tablet":{"background-color":"","background-image":"","background-repeat":"repeat","background-position":"center center","background-size":"auto","background-attachment":"scroll","background-type":"","background-media":"","overlay-type":"","overlay-color":"","overlay-opacity":"","overlay-gradient":""},"mobile":{"background-color":"","background-image":"","background-repeat":"repeat","background-position":"center center","background-size":"auto","background-attachment":"scroll","background-type":"","background-media":"","overlay-type":"","overlay-color":"","overlay-opacity":"","overlay-gradient":""}},"ast-content-background-meta":{"desktop":{"background-color":"var(--ast-global-color-5)","background-image":"","background-repeat":"repeat","background-position":"center center","background-size":"auto","background-attachment":"scroll","background-type":"","background-media":"","overlay-type":"","overlay-color":"","overlay-opacity":"","overlay-gradient":""},"tablet":{"background-color":"var(--ast-global-color-5)","background-image":"","background-repeat":"repeat","background-position":"center center","background-size":"auto","background-attachment":"scroll","background-type":"","background-media":"","overlay-type":"","overlay-color":"","overlay-opacity":"","overlay-gradient":""},"mobile":{"background-color":"var(--ast-global-color-5)","background-image":"","background-repeat":"repeat","background-position":"center center","background-size":"auto","background-attachment":"scroll","background-type":"","background-media":"","overlay-type":"","overlay-color":"","overlay-opacity":"","overlay-gradient":""}},"footnotes":""},"categories":[8],"tags":[8586,196],"class_list":["post-40576","post","type-post","status-publish","format-standard","has-post-thumbnail","hentry","category-noticias","tag-barein","tag-papa-francisco"],"_links":{"self":[{"href":"https:\/\/losperiodistas.com.mx\/portal\/wp-json\/wp\/v2\/posts\/40576","targetHints":{"allow":["GET"]}}],"collection":[{"href":"https:\/\/losperiodistas.com.mx\/portal\/wp-json\/wp\/v2\/posts"}],"about":[{"href":"https:\/\/losperiodistas.com.mx\/portal\/wp-json\/wp\/v2\/types\/post"}],"author":[{"embeddable":true,"href":"https:\/\/losperiodistas.com.mx\/portal\/wp-json\/wp\/v2\/users\/1"}],"replies":[{"embeddable":true,"href":"https:\/\/losperiodistas.com.mx\/portal\/wp-json\/wp\/v2\/comments?post=40576"}],"version-history":[{"count":2,"href":"https:\/\/losperiodistas.com.mx\/portal\/wp-json\/wp\/v2\/posts\/40576\/revisions"}],"predecessor-version":[{"id":40579,"href":"https:\/\/losperiodistas.com.mx\/portal\/wp-json\/wp\/v2\/posts\/40576\/revisions\/40579"}],"wp:featuredmedia":[{"embeddable":true,"href":"https:\/\/losperiodistas.com.mx\/portal\/wp-json\/wp\/v2\/media\/40577"}],"wp:attachment":[{"href":"https:\/\/losperiodistas.com.mx\/portal\/wp-json\/wp\/v2\/media?parent=40576"}],"wp:term":[{"taxonomy":"category","embeddable":true,"href":"https:\/\/losperiodistas.com.mx\/portal\/wp-json\/wp\/v2\/categories?post=40576"},{"taxonomy":"post_tag","embeddable":true,"href":"https:\/\/losperiodistas.com.mx\/portal\/wp-json\/wp\/v2\/tags?post=40576"}],"curies":[{"name":"wp","href":"https:\/\/api.w.org\/{rel}","templated":true}]}}