{"id":40573,"date":"2022-11-06T06:27:08","date_gmt":"2022-11-06T12:27:08","guid":{"rendered":"http:\/\/losperiodistas.com.mx\/portal\/?p=40573"},"modified":"2022-11-06T06:38:29","modified_gmt":"2022-11-06T12:38:29","slug":"sheinbaum-con-el-apoyo-de-la-4t-nacional-o-ebrard-al-defender-a-mexico-fuera-del-pais-que-estrategia-ganara-en-2024-infobae","status":"publish","type":"post","link":"https:\/\/losperiodistas.com.mx\/portal\/sheinbaum-con-el-apoyo-de-la-4t-nacional-o-ebrard-al-defender-a-mexico-fuera-del-pais-que-estrategia-ganara-en-2024-infobae\/","title":{"rendered":"Sheinbaum con el apoyo de la 4t nacional o Ebrard al defender a M\u00e9xico fuera del pa\u00eds, \u00bfqu\u00e9 estrategia ganar\u00e1 en 2024? | Infobae"},"content":{"rendered":"\n<h2 class=\"has-pale-pink-background-color has-background has-medium-font-size wp-block-heading\">No s\u00f3lo la jefa de gobierno de la CDMX y el canciller han levantado la mano para ser presidenciable, adem\u00e1s Ricardo Monreal y Ad\u00e1n Augusto disputan suceder a AMLO en el Ejecutivo Federal, por lo que ya comenzaron a buscar posicionarse entre los militantes<\/h2>\n\n\n\n<figure class=\"wp-block-image size-large is-style-default\"><img fetchpriority=\"high\" decoding=\"async\" width=\"1024\" height=\"576\" src=\"https:\/\/losperiodistas.com.mx\/portal\/wp-content\/uploads\/2022\/11\/6PRMX67MFBHLRI5MZN4JZO6SDM-1024x576.jpg\" alt=\"\" class=\"wp-image-40574\" srcset=\"https:\/\/losperiodistas.com.mx\/portal\/wp-content\/uploads\/2022\/11\/6PRMX67MFBHLRI5MZN4JZO6SDM-1024x576.jpg 1024w, https:\/\/losperiodistas.com.mx\/portal\/wp-content\/uploads\/2022\/11\/6PRMX67MFBHLRI5MZN4JZO6SDM-300x169.jpg 300w, https:\/\/losperiodistas.com.mx\/portal\/wp-content\/uploads\/2022\/11\/6PRMX67MFBHLRI5MZN4JZO6SDM-768x432.jpg 768w, https:\/\/losperiodistas.com.mx\/portal\/wp-content\/uploads\/2022\/11\/6PRMX67MFBHLRI5MZN4JZO6SDM.jpg 1440w\" sizes=\"(max-width: 1024px) 100vw, 1024px\" \/><figcaption>Las corcholatas de AMLO buscan ganar ser los elegidos de Morena (Ilustraci\u00f3n: Infobae M\u00e9xico\/Jes\u00fas Abraham Avil\u00e9s Ortiz)<\/figcaption><\/figure>\n\n\n\n<p class=\"has-vivid-cyan-blue-color has-text-color has-medium-font-size\">XIMENA OCHOA \/ INFOBAE<\/p>\n\n\n\n<p>Aunque el Instituto Nacional Electoral (INE) a\u00fan no da a conocer cu\u00e1l ser\u00e1 el calendario para las\u00a0<strong>elecciones del 2024<\/strong>, incluso los partidos pol\u00edticos no han dado a conocer las reglas de c\u00f3mo se desarrollar\u00e1n sus procesos internos, los<a href=\"https:\/\/www.infobae.com\/america\/mexico\/2022\/11\/02\/entre-bardas-y-canciones-la-otra-guerra-por-la-presidencia-entre-las-corcholatas-de-amlo\/\" target=\"_blank\" rel=\"noreferrer noopener\">\u00a0aspirantes a la candidatura a la Presidencia<\/a>\u00a0de la Rep\u00fablica del Movimiento de Regeneraci\u00f3n Nacional (Morena) han comenzado a levantar la mano y han buscado posicionarse entre la ciudadan\u00eda.<\/p>\n\n\n\n<p>Fue el presidente Andr\u00e9s Manuel L\u00f3pez Obrador (AMLO) el que comenz\u00f3 a mencionar, entre 2021 y 2022, a algunos cuadros que \u00e9l observaba con potencial para aspirar a sucederlo al t\u00e9rmino de su sexenio; sin embargo, dicha acci\u00f3n gener\u00f3 el rumor de que el tabasque\u00f1o tambi\u00e9n\u00a0<strong>podr\u00eda implementar el\u00a0<\/strong><a href=\"https:\/\/www.infobae.com\/america\/mexico\/2022\/07\/25\/cual-fue-el-origen-del-dedazo-presidencial-la-vieja-practica-del-pri\/\" target=\"_blank\" rel=\"noreferrer noopener\"><strong>\u201cdedazo\u201d<\/strong><\/a><strong>\u00a0&#8211;<\/strong>movimiento que el Partido Revolucionario Institucional (PRI) populariz\u00f3, aunque nunca lo oficializ\u00f3, durante las siete d\u00e9cadas que gobern\u00f3 el pa\u00eds- pero que ha sido negado al interior de la Cuarta Transformaci\u00f3n.<\/p>\n\n\n\n<p>La jefa de Gobierno de la Ciudad de M\u00e9xico,&nbsp;<strong>Claudia Sheinbaum&nbsp;<\/strong>Pardo; el titular de la Secretar\u00eda de Relaciones Exteriores (SRE),&nbsp;<strong>Marcelo Ebrard<\/strong>&nbsp;Casaub\u00f3n; el secretario de Gobernaci\u00f3n (Segob),&nbsp;<strong>Ad\u00e1n Augusto L\u00f3pez&nbsp;<\/strong>Hern\u00e1ndez; son las tres personalidades que han sido mencionadas por el mandatario en la conferencia matutina. A ellos se suma el presidente de la Junta de Coordinaci\u00f3n Pol\u00edtica (Jucopo) del Senado de la Rep\u00fablica,&nbsp;<strong>Ricardo Monreal<\/strong>&nbsp;\u00c1vila, quien actualmente atraviesa una situaci\u00f3n complicada con algunos militantes del partido, pero que no ha frenado su intenci\u00f3n por ser tomado en cuenta.<\/p>\n\n\n\n<p>Como se mencion\u00f3, el proceso electoral no est\u00e1 ni cerca de iniciar, debido a que primero ser\u00e1n las elecciones locales en el Estado de M\u00e9xico y Coahuila en 2023; no obstante, las llamadas \u201ccorcholatas\u201d ya han comenzado a&nbsp;<strong>hacerse presentes mediante diversas \u201cestrategias\u201d<\/strong>&nbsp;para ganar adeptos a sus posibles proyectos de naci\u00f3n.<img decoding=\"async\" alt=\"Morena y AMLO tienen un dif\u00edcil camino rumbo a la elecci\u00f3n del 2024 (Ilustraci\u00f3n: Infobae M\u00e9xico\/Jes\u00fas Abraham Avil\u00e9s Ortiz)\" height=\"1080\" width=\"1920\" class=\"\" src=\"https:\/\/cloudfront-us-east-1.images.arcpublishing.com\/infobae\/VCF25TXTYZFDNGBV5BK7I2AMYM.jpg\" srcset=\"https:\/\/www.infobae.com\/new-resizer\/s2WvZ6c3WW0m7LUesm9wsfg541E=\/420x236\/filters:format(webp):quality(85)\/cloudfront-us-east-1.images.arcpublishing.com\/infobae\/VCF25TXTYZFDNGBV5BK7I2AMYM.jpg 420w,https:\/\/www.infobae.com\/new-resizer\/-vpZxXLQpUSTzj6-RTwDgQiYwN8=\/768x432\/filters:format(webp):quality(85)\/cloudfront-us-east-1.images.arcpublishing.com\/infobae\/VCF25TXTYZFDNGBV5BK7I2AMYM.jpg 768w,https:\/\/www.infobae.com\/new-resizer\/U68x_wuQ9gWcI0rLB8dBDRCDNnQ=\/992x558\/filters:format(webp):quality(85)\/cloudfront-us-east-1.images.arcpublishing.com\/infobae\/VCF25TXTYZFDNGBV5BK7I2AMYM.jpg 992w,https:\/\/www.infobae.com\/new-resizer\/hsJA1m0fc1aXEstzAQ9d0zgj_CI=\/1200x675\/filters:format(webp):quality(85)\/cloudfront-us-east-1.images.arcpublishing.com\/infobae\/VCF25TXTYZFDNGBV5BK7I2AMYM.jpg 1200w,https:\/\/www.infobae.com\/new-resizer\/BIDvFznrqjN2fDJWp6c1vzFsgks=\/1440x810\/filters:format(webp):quality(85)\/cloudfront-us-east-1.images.arcpublishing.com\/infobae\/VCF25TXTYZFDNGBV5BK7I2AMYM.jpg 1440w\">Morena y AMLO tienen un dif\u00edcil camino rumbo a la elecci\u00f3n del 2024 (Ilustraci\u00f3n: Infobae M\u00e9xico\/Jes\u00fas Abraham Avil\u00e9s Ortiz)<\/p>\n\n\n\n<h2 class=\"wp-block-heading\">Claudia Sheinbaum<\/h2>\n\n\n\n<p><img decoding=\"async\" alt=\"Claudia Sheinbaum, jefa de Gobierno de la CDMX (Foto: REUTERS\/Raquel Cunha\/File Photo\/File Photo)\" height=\"3667\" width=\"5500\" class=\"\" src=\"https:\/\/cloudfront-us-east-1.images.arcpublishing.com\/infobae\/CMA5MWVSPB7EIDZ7GAEYBQ2Z7Q.jpg\" srcset=\"https:\/\/www.infobae.com\/new-resizer\/mFuif8OiXmePQ1qmPqXGSSjjB8I=\/420x280\/filters:format(webp):quality(85)\/cloudfront-us-east-1.images.arcpublishing.com\/infobae\/CMA5MWVSPB7EIDZ7GAEYBQ2Z7Q.jpg 420w,https:\/\/www.infobae.com\/new-resizer\/gSkZffMR1zbg3c4fUcmry_Js-yU=\/768x512\/filters:format(webp):quality(85)\/cloudfront-us-east-1.images.arcpublishing.com\/infobae\/CMA5MWVSPB7EIDZ7GAEYBQ2Z7Q.jpg 768w,https:\/\/www.infobae.com\/new-resizer\/jCX6cIQQN9faops756WnhZQFS7w=\/992x661\/filters:format(webp):quality(85)\/cloudfront-us-east-1.images.arcpublishing.com\/infobae\/CMA5MWVSPB7EIDZ7GAEYBQ2Z7Q.jpg 992w,https:\/\/www.infobae.com\/new-resizer\/JDmy_OtrUz2N1gQ0haAoaE8oeSY=\/1200x800\/filters:format(webp):quality(85)\/cloudfront-us-east-1.images.arcpublishing.com\/infobae\/CMA5MWVSPB7EIDZ7GAEYBQ2Z7Q.jpg 1200w,https:\/\/www.infobae.com\/new-resizer\/RTQ_nsoj9oGzlOG1s6GAhAtFv1A=\/1440x960\/filters:format(webp):quality(85)\/cloudfront-us-east-1.images.arcpublishing.com\/infobae\/CMA5MWVSPB7EIDZ7GAEYBQ2Z7Q.jpg 1440w\">Claudia Sheinbaum, jefa de Gobierno de la CDMX (Foto: REUTERS\/Raquel Cunha\/File Photo\/File Photo)<\/p>\n\n\n\n<p>La&nbsp;<a href=\"https:\/\/www.infobae.com\/america\/mexico\/2022\/11\/04\/cuidado-shakira-sheinbaum-tiene-nueva-cancion-rumbo-al-2024\/\" target=\"_blank\" rel=\"noreferrer noopener\">jefa de Gobierno de la Ciudad de M\u00e9xico&nbsp;<\/a>ha generado<strong>&nbsp;diferentes \u201cestrategias\u201d para posicionarse<\/strong>, entre su partido y con la ciudadan\u00eda, una de ellas ha sido visitar o estar presente cada fin de semana en eventos en su mayor\u00eda organizados por funcionarios o militantes morenistas o en apoyo a otras figuras -especialmente durante \u00e9poca de comicios-.<\/p>\n\n\n\n<p>En dichos eventos, la mandataria local ha sido ovacionada por el p\u00fablico presente, tanto en persona como mediante cartulinas o lonas, quienes la han&nbsp;<strong>se\u00f1alado como la pr\u00f3xima presidenta<\/strong>; ante tales muestras de apoyo, sectores de la oposici\u00f3n han expresado que Sheinbaum Pardo se encuentra realizando actos anticipados de campa\u00f1a, pero hasta el momento las autoridades electorales no han emitido sentencias o llamas de atenci\u00f3n al respecto.<\/p>\n\n\n\n<p>Pese a no iniciar ni el proceso interno de Morena, la tambi\u00e9n exjefa delegacional de Tlalpan se vio envuelta en un esc\u00e1ndalo, debido a que se difundi\u00f3 que hab\u00eda contratado a un asesor pol\u00edtico de origen espa\u00f1ol con el fin de ayudarla en la consolidaci\u00f3n de su nombre e imagen rumbo al 2024.<\/p>\n\n\n\n<p>Tras los se\u00f1alamientos, nuevamente, de actos anticipados de campa\u00f1a, la morenista indic\u00f3 que Antoni Guti\u00e9rrez-Rub\u00ed s\u00ed forma parte de su equipo, pero no para el proceso electoral, sino como&nbsp;<strong>asesor del Gobierno de la Ciudad de M\u00e9xico<\/strong>, pues sentenci\u00f3 que la campa\u00f1a no ha iniciado.<\/p>\n\n\n\n<p>Aunque neg\u00f3 que la ayuda sea para posicionar su imagen, lo cierto es que desde el mes de mayo a la acad\u00e9mica se le ha visto ser m\u00e1s activa en redes sociales, crear canciones estilo propaganda, adem\u00e1s de la aparici\u00f3n de bardas alusivas a su persona y a la continuidad de la transformaci\u00f3n.<\/p>\n\n\n\n<h2 class=\"wp-block-heading\">Marcelo Ebrard<\/h2>\n\n\n\n<p><img loading=\"lazy\" decoding=\"async\" alt=\"Marcelo Ebrard busca llegar a la poblaci\u00f3n joven mediante redes sociales (Foto: Facebook\/Marcelo Ebrard)\" height=\"746\" width=\"1189\" class=\"\" src=\"https:\/\/cloudfront-us-east-1.images.arcpublishing.com\/infobae\/2FPGF3XWPRAPZBPLJGD3WDHW6A.jpg\" srcset=\"https:\/\/www.infobae.com\/new-resizer\/dY0O_qJuZK0aL8fl2zq9pwXWZH4=\/992x606\/filters:format(webp):quality(85)\/cloudfront-us-east-1.images.arcpublishing.com\/infobae\/2FPGF3XWPRAPZBPLJGD3WDHW6A.jpg 992w\">Marcelo Ebrard busca llegar a la poblaci\u00f3n joven mediante redes sociales (Foto: Facebook\/Marcelo Ebrard)<\/p>\n\n\n\n<p>Por su parte, el\u00a0<a href=\"https:\/\/www.infobae.com\/america\/mexico\/2022\/11\/02\/las-corcholatas-del-primor-se-reunieron-alejandro-murat-y-marcelo-ebrard-compartieron-foto-juntos\/\" target=\"_blank\" rel=\"noreferrer noopener\">titular de la Secretar\u00eda de Relaciones Exteriores<\/a>\u00a0ha iniciado una campa\u00f1a permanente en redes sociales, en la cual ha interactuado con j\u00f3venes, principalmente, para generar simpat\u00eda. Su principal estrategia ha sido en la plataforma de Tik Tok, mediante videos cortos\u00a0<strong>se ha ganado la aceptaci\u00f3n de la generaci\u00f3n Z,\u00a0<\/strong>pues mediante retos,\u00a0<em>trends<\/em>, canciones populares y ri\u00e9ndose de s\u00ed mismo ha provocado cr\u00edticas favorecedoras.<\/p>\n\n\n\n<p><strong>Aun con m\u00e1s de seis millones de \u201cme gusta\u201d&nbsp;<\/strong>en total de sus videos, tambi\u00e9n ha incursionado en otros m\u00e9todos para llegar a la poblaci\u00f3n, entre los que destacan la aparici\u00f3n de bardas a su favor en distintos puntos del pa\u00eds -especialmente en las CDMX, Guadalajara y Monterrey- con los colores y tipograf\u00eda del Movimiento de Regeneraci\u00f3n Nacional.<\/p>\n\n\n\n<p>Aunque no ha sido lo \u00fanico, pues a inicios del 2022 ofreci\u00f3 un n\u00famero de WhatsApp para que la ciudadan\u00eda le escribiera dudas, comentarios, preguntas y planteamientos, es decir, un canal de comunicaci\u00f3n directo; adem\u00e1s, ha iniciado conversaciones o charlas a trav\u00e9s de las herramientas de \u201cen vivo\u201d en redes sociales.<\/p>\n\n\n\n<p>Ebrard, aunque asiste a eventos partidistas, tiene canci\u00f3n oficial y bardas alusivas, en general -hasta el momento- le ha invertido m\u00e1s tiempo y esfuerzo a generar aceptaci\u00f3n en la poblaci\u00f3n que votar\u00e1 por primera vez o que vivir\u00e1 sus segundos comicios como adulto.<\/p>\n\n\n\n<h2 class=\"wp-block-heading\">Ad\u00e1n Augusto L\u00f3pez Hern\u00e1ndez<\/h2>\n\n\n\n<p><img loading=\"lazy\" decoding=\"async\" alt=\"Ad\u00e1n Augusto L\u00f3pez Hern\u00e1ndez en el Congreso de Aguascalientes (Foto: Segob)\" height=\"852\" width=\"1280\" class=\"\" src=\"https:\/\/cloudfront-us-east-1.images.arcpublishing.com\/infobae\/TACDCHQCEZCG3NQRT7HKQNWZ4I.jpg\" srcset=\"https:\/\/www.infobae.com\/new-resizer\/WUzPgC92yqlxoV2RRSE-xlKrqQw=\/420x280\/filters:format(webp):quality(85)\/cloudfront-us-east-1.images.arcpublishing.com\/infobae\/TACDCHQCEZCG3NQRT7HKQNWZ4I.jpg 420w,https:\/\/www.infobae.com\/new-resizer\/DnLP9xeRJXG0xIFl5lN2IyY15Y8=\/768x512\/filters:format(webp):quality(85)\/cloudfront-us-east-1.images.arcpublishing.com\/infobae\/TACDCHQCEZCG3NQRT7HKQNWZ4I.jpg 768w,https:\/\/www.infobae.com\/new-resizer\/c0CKaSNapMbJYl_kTK0PanlbVyk=\/992x661\/filters:format(webp):quality(85)\/cloudfront-us-east-1.images.arcpublishing.com\/infobae\/TACDCHQCEZCG3NQRT7HKQNWZ4I.jpg 992w,https:\/\/www.infobae.com\/new-resizer\/NyAtILWI_IZvPG0bbqGpwMyxbQ4=\/1200x800\/filters:format(webp):quality(85)\/cloudfront-us-east-1.images.arcpublishing.com\/infobae\/TACDCHQCEZCG3NQRT7HKQNWZ4I.jpg 1200w,https:\/\/www.infobae.com\/new-resizer\/h000AR-UQQ7xiT66BgCx4Ojjqf4=\/1440x960\/filters:format(webp):quality(85)\/cloudfront-us-east-1.images.arcpublishing.com\/infobae\/TACDCHQCEZCG3NQRT7HKQNWZ4I.jpg 1440w\">Ad\u00e1n Augusto L\u00f3pez Hern\u00e1ndez en el Congreso de Aguascalientes (Foto: Segob)<\/p>\n\n\n\n<p>De las \u201ccorcholatas\u201d de AMLO, L\u00f3pez Hern\u00e1ndez es el que m\u00e1s ha seguido una l\u00ednea tradicional, pues<strong>&nbsp;fue desde agosto-septiembre que comenz\u00f3 a ser m\u00e1s constante<\/strong>&nbsp;con su comunicaci\u00f3n en redes como Facebook y Twitter; a diferencia de sus otros compa\u00f1eros, \u00e9l se ha mantenido alejado de TikTok o Instagram para generar videos cortos.<\/p>\n\n\n\n<p>No obstante, dicho formato s\u00ed ha sido utilizado, pero para las dos redes mencionadas, en las cuales resume su labor como secretario de Estado, principalmente en las&nbsp;<strong>giras por los congresos de los estados<\/strong>&nbsp;que encabez\u00f3 con el fin de que se aprobaran las reformas constitucionales a las Fuerzas Armadas.<\/p>\n\n\n\n<p>Al basarse en herramientas m\u00e1s tradicionales, los militantes a favor del exgobernador de Tabasco han apostado por colocar bardas a su favor en varios estados de la Rep\u00fablica Mexicana; adem\u00e1s de<strong>&nbsp;invitarlo a m\u00faltiples eventos partidistas<\/strong>&nbsp;donde han externado su deseo porque sea el elegido para suceder a AMLO, por lo cual tambi\u00e9n se cre\u00f3 una canci\u00f3n a su favor.<\/p>\n\n\n\n<p>La principal arma con la que se ha ido ganando adeptos L\u00f3pez Hern\u00e1ndez ha sido<strong>&nbsp;la visita a diferentes estados de la rep\u00fablica<\/strong>, as\u00ed como algunas discusiones con personajes de la pol\u00edtica nacional como fue el caso del gobernador de Nuevo Le\u00f3n,<a href=\"https:\/\/www.infobae.com\/america\/mexico\/2022\/11\/02\/y-se-hizo-la-paz-samuel-garcia-y-adan-augusto-lopez-se-abrazaron-despues-del-pleito\/\" target=\"_blank\" rel=\"noreferrer noopener\">&nbsp;Samuel Garc\u00eda.<\/a><\/p>\n\n\n\n<h2 class=\"wp-block-heading\">Ricardo Monreal<\/h2>\n\n\n\n<p><img loading=\"lazy\" decoding=\"async\" alt=\"El senador present\u00f3 un video de sus recorridos por el pa\u00eds (Foto: Twitter\/@RicardoMonrealA)\" height=\"719\" width=\"1280\" class=\"\" src=\"https:\/\/cloudfront-us-east-1.images.arcpublishing.com\/infobae\/SR5UB73OJBCB3BFNRZ7ILKLCNM.jpeg\" srcset=\"https:\/\/www.infobae.com\/new-resizer\/Rv6fuQHvooE9vaQ9wCA_VkZbRXM=\/420x236\/filters:format(webp):quality(85)\/cloudfront-us-east-1.images.arcpublishing.com\/infobae\/SR5UB73OJBCB3BFNRZ7ILKLCNM.jpeg 420w,https:\/\/www.infobae.com\/new-resizer\/3dETi8h60CpQNSlNHVayO7DCnKg=\/768x432\/filters:format(webp):quality(85)\/cloudfront-us-east-1.images.arcpublishing.com\/infobae\/SR5UB73OJBCB3BFNRZ7ILKLCNM.jpeg 768w,https:\/\/www.infobae.com\/new-resizer\/Gd6V1p1Qex8YYhpijzCTvJjQR9A=\/992x558\/filters:format(webp):quality(85)\/cloudfront-us-east-1.images.arcpublishing.com\/infobae\/SR5UB73OJBCB3BFNRZ7ILKLCNM.jpeg 992w,https:\/\/www.infobae.com\/new-resizer\/PjfK02uUEDj56PIY86v0OOcnrD8=\/1200x675\/filters:format(webp):quality(85)\/cloudfront-us-east-1.images.arcpublishing.com\/infobae\/SR5UB73OJBCB3BFNRZ7ILKLCNM.jpeg 1200w,https:\/\/www.infobae.com\/new-resizer\/Ub94KGuZPrXpiG53RbgYCUalfqY=\/1440x810\/filters:format(webp):quality(85)\/cloudfront-us-east-1.images.arcpublishing.com\/infobae\/SR5UB73OJBCB3BFNRZ7ILKLCNM.jpeg 1440w\">El senador present\u00f3 un video de sus recorridos por el pa\u00eds (Foto: Twitter\/@RicardoMonrealA)<\/p>\n\n\n\n<p>Finalmente, el presidente de la Junta de Coordinaci\u00f3n Pol\u00edtica tambi\u00e9n ha iniciado un camino para ser el seleccionado al interior de la 4T; sin embargo, a diferencia de sus contrincantes,&nbsp;<strong>\u00e9ste cuenta con apoyo fuera de Morena,<\/strong>&nbsp;no tanto al interior, situaci\u00f3n que lo ha llevado a modificar su estrategia e incluso \u201cno descartar\u201d ser parte de la oposici\u00f3n.<\/p>\n\n\n\n<p>Pese que ha estado presente en los medios de comunicaci\u00f3n, especialmente en esta legislatura al ser uno de los senadores con mayor presencia medi\u00e1tica, su mayor cambio de direcci\u00f3n fue al<strong>&nbsp;integrarse a las redes sociales y generar contenido<\/strong>&nbsp;espec\u00edfico ah\u00ed.<\/p>\n\n\n\n<p>Aunque actualmente tiene TikTok y comparte su quehacer diario empezando a generar vistas, as\u00ed como reproducciones, en realidad sus&nbsp;<strong>videos para Facebook y Twitter&nbsp;<\/strong>son los que m\u00e1s le han funcionado, puesto que en ellos se puede ver su posicionamiento y \u201ccarisma\u201d ante los problemas o sucesos que ata\u00f1en al pa\u00eds.<\/p>\n\n\n\n<p>A\u00fan as\u00ed, se ha unido a la creaci\u00f3n de temas musicales donde se refiere a su carrera como pol\u00edtico, incluso con participaci\u00f3n de j\u00f3venes en la producci\u00f3n de dichos temas. Finalmente, su m\u00e1s reciente campa\u00f1a\u00a0<a href=\"https:\/\/www.infobae.com\/america\/mexico\/2022\/11\/01\/mexico-con-m-de-monreal-la-apuesta-del-senador-para-ser-la-corcholata-elegida-rumbo-al-2024\/\" target=\"_blank\" rel=\"noreferrer noopener\"><em>M\u00e9xico con M de Monreal<\/em><\/a>\u00a0pretende\u00a0<strong>mostrar su recorrido por todo M\u00e9xico<\/strong>.<\/p>\n\n\n\n<p>Fuente: https:\/\/www.infobae.com\/america\/mexico\/2022\/11\/06\/sheinbaum-con-el-apoyo-de-la-4t-nacional-o-ebrard-al-defender-a-mexico-fuera-del-pais-que-estrategia-ganara-en-2024\/<\/p>\n","protected":false},"excerpt":{"rendered":"<p>No s\u00f3lo la jefa de gobierno de la CDMX y el canciller han levantado la mano para ser presidenciable, adem\u00e1s [&hellip;]<\/p>\n","protected":false},"author":1,"featured_media":40574,"comment_status":"open","ping_status":"open","sticky":false,"template":"","format":"standard","meta":{"site-sidebar-layout":"default","site-content-layout":"","ast-site-content-layout":"default","site-content-style":"default","site-sidebar-style":"default","ast-global-header-display":"","ast-banner-title-visibility":"","ast-main-header-display":"","ast-hfb-above-header-display":"","ast-hfb-below-header-display":"","ast-hfb-mobile-header-display":"","site-post-title":"","ast-breadcrumbs-content":"","ast-featured-img":"","footer-sml-layout":"","theme-transparent-header-meta":"","adv-header-id-meta":"","stick-header-meta":"","header-above-stick-meta":"","header-main-stick-meta":"","header-below-stick-meta":"","astra-migrate-meta-layouts":"default","ast-page-background-enabled":"default","ast-page-background-meta":{"desktop":{"background-color":"var(--ast-global-color-4)","background-image":"","background-repeat":"repeat","background-position":"center center","background-size":"auto","background-attachment":"scroll","background-type":"","background-media":"","overlay-type":"","overlay-color":"","overlay-opacity":"","overlay-gradient":""},"tablet":{"background-color":"","background-image":"","background-repeat":"repeat","background-position":"center center","background-size":"auto","background-attachment":"scroll","background-type":"","background-media":"","overlay-type":"","overlay-color":"","overlay-opacity":"","overlay-gradient":""},"mobile":{"background-color":"","background-image":"","background-repeat":"repeat","background-position":"center center","background-size":"auto","background-attachment":"scroll","background-type":"","background-media":"","overlay-type":"","overlay-color":"","overlay-opacity":"","overlay-gradient":""}},"ast-content-background-meta":{"desktop":{"background-color":"var(--ast-global-color-5)","background-image":"","background-repeat":"repeat","background-position":"center center","background-size":"auto","background-attachment":"scroll","background-type":"","background-media":"","overlay-type":"","overlay-color":"","overlay-opacity":"","overlay-gradient":""},"tablet":{"background-color":"var(--ast-global-color-5)","background-image":"","background-repeat":"repeat","background-position":"center center","background-size":"auto","background-attachment":"scroll","background-type":"","background-media":"","overlay-type":"","overlay-color":"","overlay-opacity":"","overlay-gradient":""},"mobile":{"background-color":"var(--ast-global-color-5)","background-image":"","background-repeat":"repeat","background-position":"center center","background-size":"auto","background-attachment":"scroll","background-type":"","background-media":"","overlay-type":"","overlay-color":"","overlay-opacity":"","overlay-gradient":""}},"footnotes":""},"categories":[8],"tags":[3798,1505,645,10764,2098],"class_list":["post-40573","post","type-post","status-publish","format-standard","has-post-thumbnail","hentry","category-noticias","tag-adan-augusto-lopez","tag-claudia-sheinbaum","tag-marcelo-ebrard","tag-morena-2024","tag-ricardo-monreal"],"_links":{"self":[{"href":"https:\/\/losperiodistas.com.mx\/portal\/wp-json\/wp\/v2\/posts\/40573","targetHints":{"allow":["GET"]}}],"collection":[{"href":"https:\/\/losperiodistas.com.mx\/portal\/wp-json\/wp\/v2\/posts"}],"about":[{"href":"https:\/\/losperiodistas.com.mx\/portal\/wp-json\/wp\/v2\/types\/post"}],"author":[{"embeddable":true,"href":"https:\/\/losperiodistas.com.mx\/portal\/wp-json\/wp\/v2\/users\/1"}],"replies":[{"embeddable":true,"href":"https:\/\/losperiodistas.com.mx\/portal\/wp-json\/wp\/v2\/comments?post=40573"}],"version-history":[{"count":1,"href":"https:\/\/losperiodistas.com.mx\/portal\/wp-json\/wp\/v2\/posts\/40573\/revisions"}],"predecessor-version":[{"id":40575,"href":"https:\/\/losperiodistas.com.mx\/portal\/wp-json\/wp\/v2\/posts\/40573\/revisions\/40575"}],"wp:featuredmedia":[{"embeddable":true,"href":"https:\/\/losperiodistas.com.mx\/portal\/wp-json\/wp\/v2\/media\/40574"}],"wp:attachment":[{"href":"https:\/\/losperiodistas.com.mx\/portal\/wp-json\/wp\/v2\/media?parent=40573"}],"wp:term":[{"taxonomy":"category","embeddable":true,"href":"https:\/\/losperiodistas.com.mx\/portal\/wp-json\/wp\/v2\/categories?post=40573"},{"taxonomy":"post_tag","embeddable":true,"href":"https:\/\/losperiodistas.com.mx\/portal\/wp-json\/wp\/v2\/tags?post=40573"}],"curies":[{"name":"wp","href":"https:\/\/api.w.org\/{rel}","templated":true}]}}