{"id":4057,"date":"2021-02-01T03:31:19","date_gmt":"2021-02-01T09:31:19","guid":{"rendered":"http:\/\/losperiodistas.com.mx\/portal\/?p=4057"},"modified":"2021-02-01T03:31:19","modified_gmt":"2021-02-01T09:31:19","slug":"mexico-mueren-siete-personas-en-ataque-a-una-fiesta-dw","status":"publish","type":"post","link":"https:\/\/losperiodistas.com.mx\/portal\/mexico-mueren-siete-personas-en-ataque-a-una-fiesta-dw\/","title":{"rendered":"M\u00e9xico: mueren siete personas en ataque a una fiesta | DW"},"content":{"rendered":"\n<p style=\"font-size:18px\"><em>Desde diciembre de 2006, se han registrado m\u00e1s de 300.000 muertes violentas en M\u00e9xico la mayor\u00eda en hechos criminales, seg\u00fan recuentos oficiales.<\/em><\/p>\n\n\n\n<p class=\"has-vivid-cyan-blue-color has-text-color has-medium-font-size\">DW<\/p>\n\n\n\n<p>Al menos siete personas que se encontraban en una fiesta en el estado mexicano de Jalisco (oeste) fueron asesinadas por un grupo armado, informaron este domingo (31.01.2021) autoridades estatales.<\/p>\n\n\n\n<p>Hombres armados ingresaron a un domicilio en el municipio de Ojuelos, zona lim\u00edtrofe con el estado de Zacatecas, donde se realizaba el convivio, despojaron a las v\u00edctimas de sus pertenencias y luego huyeron. \u00abSin embargo, a pocos minutos los individuos\u00a0 regresaron y detonaron sus armas de fuego contra las personas ah\u00ed presentes\u00bb, precis\u00f3 la Fiscal\u00eda de Jalisco en un comunicado y agreg\u00f3 que ya abri\u00f3 una investigaci\u00f3n por el crimen, por el cual todav\u00eda no hay personas detenidas. Las autoridades informaron que de las siete v\u00edctimas del crimen, seis son hombres y una mujer. <\/p>\n\n\n\n<figure class=\"wp-block-embed-twitter wp-block-embed is-type-rich is-provider-twitter\"><div class=\"wp-block-embed__wrapper\">\nhttps:\/\/twitter.com\/FiscaliaJal\/status\/1355922121155817478?s=20\n<\/div><\/figure>\n\n\n\n<p>El estado de Jalisco, en la costa del Pac\u00edfico y ruta para el trasiego de droga, es considerado entre los m\u00e1s violentos de M\u00e9xico y es basti\u00f3n del&nbsp;<em>C\u00e1rtel Nueva Generaci\u00f3n<\/em>, uno de los m\u00e1s fuertes y que ha lanzado ataques contra objetivos gubernamentales.<\/p>\n\n\n\n<p>En diciembre 2020, el exgobernador de Jalisco, Arist\u00f3teles Sandoval, fue asesinado a balazos en un restaurante del tur\u00edstico Puerto Vallarta. Desde diciembre de 2006, cuando el gobierno federal lanz\u00f3 un pol\u00e9mico operativo antidrogas, se han registrado m\u00e1s de 300.000 muertes violentas, la mayor\u00eda en hechos criminales, seg\u00fan recuentos oficiales.<\/p>\n\n\n\n<p>ama (afp, univisi\u00f3n, sin embargo)<\/p>\n\n\n\n<p>Fuente: https:\/\/www.dw.com\/es\/m\u00e9xico-mueren-siete-personas-en-ataque-a-una-fiesta\/a-56401357<\/p>\n","protected":false},"excerpt":{"rendered":"<p>Desde diciembre de 2006, se han registrado m\u00e1s de 300.000 muertes violentas en M\u00e9xico la mayor\u00eda en hechos criminales, seg\u00fan [&hellip;]<\/p>\n","protected":false},"author":1,"featured_media":4058,"comment_status":"open","ping_status":"open","sticky":false,"template":"","format":"standard","meta":{"site-sidebar-layout":"default","site-content-layout":"","ast-site-content-layout":"default","site-content-style":"default","site-sidebar-style":"default","ast-global-header-display":"","ast-banner-title-visibility":"","ast-main-header-display":"","ast-hfb-above-header-display":"","ast-hfb-below-header-display":"","ast-hfb-mobile-header-display":"","site-post-title":"","ast-breadcrumbs-content":"","ast-featured-img":"","footer-sml-layout":"","theme-transparent-header-meta":"","adv-header-id-meta":"","stick-header-meta":"","header-above-stick-meta":"","header-main-stick-meta":"","header-below-stick-meta":"","astra-migrate-meta-layouts":"default","ast-page-background-enabled":"default","ast-page-background-meta":{"desktop":{"background-color":"var(--ast-global-color-4)","background-image":"","background-repeat":"repeat","background-position":"center center","background-size":"auto","background-attachment":"scroll","background-type":"","background-media":"","overlay-type":"","overlay-color":"","overlay-opacity":"","overlay-gradient":""},"tablet":{"background-color":"","background-image":"","background-repeat":"repeat","background-position":"center center","background-size":"auto","background-attachment":"scroll","background-type":"","background-media":"","overlay-type":"","overlay-color":"","overlay-opacity":"","overlay-gradient":""},"mobile":{"background-color":"","background-image":"","background-repeat":"repeat","background-position":"center center","background-size":"auto","background-attachment":"scroll","background-type":"","background-media":"","overlay-type":"","overlay-color":"","overlay-opacity":"","overlay-gradient":""}},"ast-content-background-meta":{"desktop":{"background-color":"var(--ast-global-color-5)","background-image":"","background-repeat":"repeat","background-position":"center center","background-size":"auto","background-attachment":"scroll","background-type":"","background-media":"","overlay-type":"","overlay-color":"","overlay-opacity":"","overlay-gradient":""},"tablet":{"background-color":"var(--ast-global-color-5)","background-image":"","background-repeat":"repeat","background-position":"center center","background-size":"auto","background-attachment":"scroll","background-type":"","background-media":"","overlay-type":"","overlay-color":"","overlay-opacity":"","overlay-gradient":""},"mobile":{"background-color":"var(--ast-global-color-5)","background-image":"","background-repeat":"repeat","background-position":"center center","background-size":"auto","background-attachment":"scroll","background-type":"","background-media":"","overlay-type":"","overlay-color":"","overlay-opacity":"","overlay-gradient":""}},"footnotes":""},"categories":[8],"tags":[],"class_list":["post-4057","post","type-post","status-publish","format-standard","has-post-thumbnail","hentry","category-noticias"],"_links":{"self":[{"href":"https:\/\/losperiodistas.com.mx\/portal\/wp-json\/wp\/v2\/posts\/4057","targetHints":{"allow":["GET"]}}],"collection":[{"href":"https:\/\/losperiodistas.com.mx\/portal\/wp-json\/wp\/v2\/posts"}],"about":[{"href":"https:\/\/losperiodistas.com.mx\/portal\/wp-json\/wp\/v2\/types\/post"}],"author":[{"embeddable":true,"href":"https:\/\/losperiodistas.com.mx\/portal\/wp-json\/wp\/v2\/users\/1"}],"replies":[{"embeddable":true,"href":"https:\/\/losperiodistas.com.mx\/portal\/wp-json\/wp\/v2\/comments?post=4057"}],"version-history":[{"count":1,"href":"https:\/\/losperiodistas.com.mx\/portal\/wp-json\/wp\/v2\/posts\/4057\/revisions"}],"predecessor-version":[{"id":4059,"href":"https:\/\/losperiodistas.com.mx\/portal\/wp-json\/wp\/v2\/posts\/4057\/revisions\/4059"}],"wp:featuredmedia":[{"embeddable":true,"href":"https:\/\/losperiodistas.com.mx\/portal\/wp-json\/wp\/v2\/media\/4058"}],"wp:attachment":[{"href":"https:\/\/losperiodistas.com.mx\/portal\/wp-json\/wp\/v2\/media?parent=4057"}],"wp:term":[{"taxonomy":"category","embeddable":true,"href":"https:\/\/losperiodistas.com.mx\/portal\/wp-json\/wp\/v2\/categories?post=4057"},{"taxonomy":"post_tag","embeddable":true,"href":"https:\/\/losperiodistas.com.mx\/portal\/wp-json\/wp\/v2\/tags?post=4057"}],"curies":[{"name":"wp","href":"https:\/\/api.w.org\/{rel}","templated":true}]}}