{"id":40569,"date":"2022-11-06T06:52:56","date_gmt":"2022-11-06T12:52:56","guid":{"rendered":"http:\/\/losperiodistas.com.mx\/portal\/?p=40569"},"modified":"2022-11-06T06:48:05","modified_gmt":"2022-11-06T12:48:05","slug":"claudia-sheinbaum-si-fuera-hombre-no-dirian-eso-de-es-la-favorita-del-presidente-el-pais","status":"publish","type":"post","link":"https:\/\/losperiodistas.com.mx\/portal\/claudia-sheinbaum-si-fuera-hombre-no-dirian-eso-de-es-la-favorita-del-presidente-el-pais\/","title":{"rendered":"Claudia Sheinbaum: \u201cSi fuera hombre, no dir\u00edan eso de \u2018es la favorita del presidente\u201d | El Pa\u00eds"},"content":{"rendered":"\n<h2 class=\"has-luminous-vivid-amber-background-color has-background has-medium-font-size wp-block-heading\">La jefa de Gobierno de Ciudad de M\u00e9xico defiende en entrevista con EL PA\u00cdS los pilares de su proyecto pol\u00edtico, llama a la unidad interna y apuesta por la continuidad de la transformaci\u00f3n iniciada por L\u00f3pez Obrador<\/h2>\n\n\n\n<figure class=\"wp-block-image size-large is-style-default\"><img fetchpriority=\"high\" decoding=\"async\" width=\"1024\" height=\"683\" src=\"https:\/\/losperiodistas.com.mx\/portal\/wp-content\/uploads\/2022\/11\/U2X5UQS5HVGEPLVAHCZPF5IE74-1024x683.jpeg\" alt=\"\" class=\"wp-image-40570\" srcset=\"https:\/\/losperiodistas.com.mx\/portal\/wp-content\/uploads\/2022\/11\/U2X5UQS5HVGEPLVAHCZPF5IE74-1024x683.jpeg 1024w, https:\/\/losperiodistas.com.mx\/portal\/wp-content\/uploads\/2022\/11\/U2X5UQS5HVGEPLVAHCZPF5IE74-300x200.jpeg 300w, https:\/\/losperiodistas.com.mx\/portal\/wp-content\/uploads\/2022\/11\/U2X5UQS5HVGEPLVAHCZPF5IE74-768x512.jpeg 768w, https:\/\/losperiodistas.com.mx\/portal\/wp-content\/uploads\/2022\/11\/U2X5UQS5HVGEPLVAHCZPF5IE74-1536x1024.jpeg 1536w, https:\/\/losperiodistas.com.mx\/portal\/wp-content\/uploads\/2022\/11\/U2X5UQS5HVGEPLVAHCZPF5IE74.jpeg 1960w\" sizes=\"(max-width: 1024px) 100vw, 1024px\" \/><figcaption>Claudia Sheinbaum en las oficinas de Jefatura de Gobierno en el Centro Hist\u00f3rico la Ciudad de M\u00e9xico. HECTOR GUERRERO<\/figcaption><\/figure>\n\n\n\n<p class=\"has-vivid-cyan-blue-color has-text-color has-medium-font-size\">JAN MART\u00cdNEZ AHRENS \/ JAVIER LAFUENTE \/ EL PA\u00cdS<\/p>\n\n\n\n<p>A Claudia Sheinbaum, de 60 a\u00f1os, no le gusta la indefinici\u00f3n pol\u00edtica. Al hablar de s\u00ed misma, la&nbsp;<a href=\"https:\/\/elpais.com\/podcasts\/la-vespertina\/2022-08-31\/2024-presidenta.html\" target=\"_blank\" rel=\"noreferrer noopener\">jefa de Gobierno&nbsp;<\/a>de la Ciudad de M\u00e9xico y clara&nbsp;<a href=\"https:\/\/elpais.com\/mexico\/2022-08-29\/morena-arrasa-con-sheinbaum-como-candidata-favorita-y-afianza-su-ventaja-sobre-toda-la-oposicion.html\" target=\"_blank\" rel=\"noreferrer noopener\">favorita en la sucesi\u00f3n presidencial<\/a>&nbsp;de 2024 mira a los ojos y, en un tono calmado, se define como mujer de izquierdas, contraria al neoliberalismo y firme defensora del proyecto de su mentor, el actual presidente de M\u00e9xico,&nbsp;<a href=\"https:\/\/elpais.com\/mexico\/2022-10-04\/lopez-obrador-no-es-cierto-que-se-espie-a-periodistas-u-opositores-son-labores-de-inteligencia-no-de-espionaje.html\" target=\"_blank\" rel=\"noreferrer noopener\">Andr\u00e9s Manuel L\u00f3pez Obrador<\/a>. Un l\u00edder al que ella admira indisimuladamente y junto a quien ha desarrollado la mayor parte de su carrera p\u00fablica. Esta proximidad, que para muchos observadores es una de las claves de su fortaleza, no impide que Sheinbaum lleve meses en la compleja tarea de tallar su propio&nbsp;<a href=\"https:\/\/elpais.com\/mexico\/2022-04-08\/sheinbaum-da-un-impulso-a-su-imagen-nacional-tras-la-estela-de-la-revocacion-de-mandato.html\" target=\"_blank\" rel=\"noreferrer noopener\">perfil pol\u00edtico<\/a>&nbsp;sin apartarse de la ortodoxia gubernamental.<\/p>\n\n\n\n<p><strong>&#8211;<\/strong>\u00bfEn qu\u00e9 se diferencia usted de L\u00f3pez Obrador?<\/p>\n\n\n\n<p>-Nac\u00ed en la Ciudad de M\u00e9xico, soy cient\u00edfica, la mitad de mi vida trabaj\u00e9 como profesora universitaria y me centr\u00e9 en energ\u00edas renovables y cambio clim\u00e1tico, obviamente le doy un peso espec\u00edfico a eso distinto al que le da el presidente&#8230; No puedes pensar al 100% igual; eso es imposible, pero coincidimos en un proyecto de transformaci\u00f3n, en&nbsp;<a href=\"https:\/\/elpais.com\/mexico\/2021-11-10\/tolerancia-cero-contra-la-ostentacion-el-mensaje-de-lopez-obrador-para-la-4t.html\" target=\"_blank\" rel=\"noreferrer noopener\">rechazar la corrupci\u00f3n<\/a>&nbsp;y el modelo neoliberal.<\/p>\n\n\n\n<p>La entrevista con EL PA\u00cdS se celebra en la enorme y umbrosa biblioteca de la Jefatura de Gobierno de la Ciudad de M\u00e9xico. La conversaci\u00f3n, que durar\u00e1 algo m\u00e1s de una hora, transita tranquilamente de un tema a otro mientras sirven (sin ning\u00fan tipo de alcohol) una comida t\u00edpicamente mexicana, preparada por la cocinera Gabriela C\u00e1mara. Sheinbaum, enfrascada en las respuestas, come poco.<\/p>\n\n\n\n<p><strong>Pregunta.<\/strong>&nbsp;Su presencia p\u00fablica se ha multiplicado en los \u00faltimos meses, \u00bfqu\u00e9 imagen quiere que tengan de usted?<\/p>\n\n\n\n<p><strong>Respuesta.<\/strong>&nbsp;Pues, como soy. \u00bfQu\u00e9 les voy a decir? Honesta, trabajadora,&nbsp;<a href=\"https:\/\/elpais.com\/noticias\/cuarta-transformacion-mexico\/\" target=\"_blank\" rel=\"noreferrer noopener\">militante de un proyecto,<\/a>&nbsp;y al mismo tiempo convencida de causas ambientales, sociales, democr\u00e1ticas, de disminuci\u00f3n de desigualdades&#8230;<\/p>\n\n\n\n<p><strong>P.<\/strong>&nbsp;Y el hecho de ser mujer en un pa\u00eds como M\u00e9xico, \u00bfjuega en contra o a favor de esa percepci\u00f3n?<\/p>\n\n\n\n<p><strong>R.<\/strong>&nbsp;En la condici\u00f3n actual del pa\u00eds juega a favor.<\/p>\n\n\n\n<p><strong>P.<\/strong>&nbsp;\u00bfS\u00ed?<\/p>\n\n\n\n<p><strong>R.<\/strong>&nbsp;En muy poco tiempo, hemos pasado a tener muchas gobernadoras, presidentas municipales, diputadas&#8230;<a href=\"https:\/\/elpais.com\/noticias\/mujeres\/\" target=\"_blank\" rel=\"noreferrer noopener\">&nbsp;La participaci\u00f3n de la mujer<\/a>&nbsp;se ha vuelto parte de la vida p\u00fablica, y a la gente le gusta porque se ha hecho buen papel. Habr\u00e1 excepciones, como en todo, pero en general hay una imagen de que las mujeres somos m\u00e1s honestas, m\u00e1s trabajadoras&#8230; Hay una idea tambi\u00e9n en M\u00e9xico, como en todo el mundo, de visualizar a una mujer gobernante como protectora.<\/p>\n\n\n\n<p><strong>P.<\/strong>&nbsp;Pero a\u00fan&nbsp;<a href=\"https:\/\/elpais.com\/mexico\/2022-09-24\/claudia-sheinbaum-el-machismo-ha-caracterizado-mexico.html\" target=\"_blank\" rel=\"noreferrer noopener\">hay mucho machismo,&nbsp;<\/a>\u00bfno?<\/p>\n\n\n\n<p><strong>R.<\/strong>&nbsp;Digamos que hay misoginia en las cr\u00edticas. Pero, ante la gente, no me he enfrentado en ning\u00fan lugar del pa\u00eds a alguien que me critique por ser mujer.<\/p>\n\n\n\n<p><strong>P.<\/strong>&nbsp;\u00bfTampoco dentro de su partido?<\/p>\n\n\n\n<p><strong>R.<\/strong>&nbsp;No me quiero pelear hacia adentro. Cerramos un acuerdo entre todos para&nbsp;<a href=\"https:\/\/elpais.com\/mexico\/2022-05-23\/los-aspirantes-presidenciales-de-morena-miden-apoyos-y-se-vuelcan-en-la-campana-estatal-del-5-de-junio.html\" target=\"_blank\" rel=\"noreferrer noopener\">no hablar mal de nuestros compa\u00f1eros.<\/a>&nbsp;Porque si t\u00fa comienzas a hacer eso, se genera desuni\u00f3n abajo.<\/p>\n\n\n\n<p><strong>P.<\/strong>&nbsp;\u00bfY los comentarios de otros rivales de fuera del partido?<\/p>\n\n\n\n<p><strong>R.<\/strong>&nbsp;S\u00ed, hay. Si fuera hombre, no dir\u00edan eso de&nbsp;<a href=\"https:\/\/elpais.com\/mexico\/elecciones-mexicanas\/2021-05-18\/la-carrera-hacia-las-presidenciales-de-2024-sheinbaum-se-situa-como-favorita-y-gana-por-la-minima-a-ebrard.html\" target=\"_blank\" rel=\"noreferrer noopener\">\u201ces la favorita del presidente\u201d.<\/a><\/p>\n\n\n\n<p><strong>P.<\/strong>&nbsp;\u00bfVe factible una elecci\u00f3n donde todas sean candidatas?<\/p>\n\n\n\n<p><strong>R.<\/strong>&nbsp;Puede ser una estrategia de los otros, si yo salgo triunfadora en la encuesta [de Morena].<\/p>\n\n\n\n<p><strong>P.<\/strong>&nbsp;Hablando de la oposici\u00f3n, esta parece extremadamente d\u00e9bil en M\u00e9xico; \u00bfno teme que eso pueda fomentar la aparici\u00f3n de un l\u00edder de ultraderecha como Trump o Bolsonaro?<\/p>\n\n\n\n<p><strong>R.<\/strong>&nbsp;Puede ocurrir y hay que tener las antenas puestas, pero la historia de M\u00e9xico es distinta a la de otros pa\u00edses de Am\u00e9rica Latina: aqu\u00ed hubo una Guerra de Reforma, una Revoluci\u00f3n con reparto agrario, un&nbsp;<a href=\"https:\/\/elpais.com\/noticias\/lazaro-cardenas-del-rio\/\" target=\"_blank\" rel=\"noreferrer noopener\">L\u00e1zaro C\u00e1rdenas..<\/a>. Y ahora, incluso si miras al PAN o a Claudio X. Gonz\u00e1lez, que es el empresario que coordina la oposici\u00f3n, exhiben un discurso de centroizquierda.<\/p>\n\n\n\n<p><strong>P.<\/strong>&nbsp;Figura como favorita en todas las encuestas y adem\u00e1s parece contar con el benepl\u00e1cito del presidente. \u00bfSiente que tiene la elecci\u00f3n ganada?<\/p>\n\n\n\n<p><strong>R.<\/strong>&nbsp;No hay que confiarse. Ah\u00ed est\u00e1n las encuestas, pero eso no quiere decir que te cruces de brazos. Adem\u00e1s,&nbsp;<a href=\"https:\/\/elpais.com\/mexico\/2022-06-26\/mario-delgado-no-se-va-a-favorecer-a-nadie-y-la-decision-sobre-el-candidato-se-va-a-respetar.html\" target=\"_blank\" rel=\"noreferrer noopener\">no se trata solo de ganar una elecci\u00f3n,<\/a>&nbsp;sino de construir una mayor\u00eda en t\u00e9rminos de consciencia y transformaci\u00f3n.<\/p>\n\n\n\n<p><strong>P.<\/strong>&nbsp;Si fuera presidente, \u00bfcu\u00e1l ser\u00eda su primera medida?<\/p>\n\n\n\n<p><strong>R.<\/strong>&nbsp;Es dif\u00edcil contestarlo ahora. No porque no sepa la respuesta, sino porque ahora son los tiempos del presidente L\u00f3pez Obrador y supondr\u00eda adelantarse mucho. Pero digamos que ser\u00eda un paso m\u00e1s en la transformaci\u00f3n.<\/p>\n\n\n\n<p><strong>R.<\/strong>&nbsp;Siempre ha sido muy cercana a L\u00f3pez Obrador y ha trabajado con \u00e9l. \u00bfC\u00f3mo es?<\/p>\n\n\n\n<p><strong>P.<\/strong>&nbsp;Pues como lo vemos en la ma\u00f1anera. Es transparente&#8230; Muy trabajador y exigente y, al mismo tiempo, muy sencillo, de una enorme modestia, y muy obcecado en su visi\u00f3n, en el buen sentido. Ha vivido momentos muy dif\u00edciles, como el fraude en las elecciones del 2006 o la compra de votos en el 2012. Y aun as\u00ed sigui\u00f3 adelante y construy\u00f3 un partido en 2015 con el que&nbsp;<a href=\"https:\/\/elpais.com\/internacional\/2018\/07\/02\/mexico\/1530496335_470433.html\" target=\"_blank\" rel=\"noreferrer noopener\">gan\u00f3 la presidencia en 2018.&nbsp;<\/a>Eso es realmente una haza\u00f1a. Es un hombre de una voluntad enorme.<\/p>\n\n\n\n<p><strong>P.<\/strong>&nbsp;Pero hay cosas de \u00e9l que le deben chocar, \u00bfno? Por ejemplo, sus cr\u00edticas al movimiento feminista, diciendo que es \u201cconservador\u201d y contrario a su administraci\u00f3n.<\/p>\n\n\n\n<p><strong>R.<\/strong>&nbsp;Hay cosas en las que est\u00e1s totalmente de acuerdo, y otras en las que no. Aunque una parte de raz\u00f3n tiene. Cuando alguien dice: \u201cEs que tiene que haber una mujer presidenta, porque eso significar\u00eda el triunfo del movimiento de las mujeres\u201d. Ante eso, yo digo que depender\u00e1 de qu\u00e9 mujer. Porque una mujer de derecha corrupta, pues no, no la queremos. Al mismo tiempo, no puedes defender un movimiento de transformaci\u00f3n si no est\u00e1n las mujeres. En la visi\u00f3n de L\u00f3pez Obrador, lo importante es la transformaci\u00f3n de la sociedad, y ah\u00ed va incluida la de las mujeres. El problema es cuando est\u00e1s ante una demanda aislada que no tiene que ver con esa transformaci\u00f3n de la sociedad. En ese sentido, \u00e9l plantea que se trata de un movimiento que no est\u00e1 reconociendo la transformaci\u00f3n de todo. Y en eso coincido. Por ejemplo, hay que aceptar que&nbsp;<a href=\"https:\/\/elpais.com\/noticias\/feminicidios-mexico\/\" target=\"_blank\" rel=\"noreferrer noopener\">hay violencia contra las mujeres,<\/a>&nbsp;pero tambi\u00e9n que hay una discriminaci\u00f3n mayor hacia las mujeres ind\u00edgenas, de lo contrario, todo queda en el mismo plano.<\/p>\n\n\n\n<figure class=\"wp-block-image size-large is-style-default\"><img decoding=\"async\" width=\"1024\" height=\"683\" src=\"https:\/\/losperiodistas.com.mx\/portal\/wp-content\/uploads\/2022\/11\/AGUO3SC43NCKTNPOC2BWFZ5RSU-1024x683.jpeg\" alt=\"\" class=\"wp-image-40571\" srcset=\"https:\/\/losperiodistas.com.mx\/portal\/wp-content\/uploads\/2022\/11\/AGUO3SC43NCKTNPOC2BWFZ5RSU-1024x683.jpeg 1024w, https:\/\/losperiodistas.com.mx\/portal\/wp-content\/uploads\/2022\/11\/AGUO3SC43NCKTNPOC2BWFZ5RSU-300x200.jpeg 300w, https:\/\/losperiodistas.com.mx\/portal\/wp-content\/uploads\/2022\/11\/AGUO3SC43NCKTNPOC2BWFZ5RSU-768x512.jpeg 768w, https:\/\/losperiodistas.com.mx\/portal\/wp-content\/uploads\/2022\/11\/AGUO3SC43NCKTNPOC2BWFZ5RSU-1536x1024.jpeg 1536w, https:\/\/losperiodistas.com.mx\/portal\/wp-content\/uploads\/2022\/11\/AGUO3SC43NCKTNPOC2BWFZ5RSU.jpeg 1960w\" sizes=\"(max-width: 1024px) 100vw, 1024px\" \/><figcaption>Claudia Sheinbaum en sus oficina de Ciudad de M\u00e9xico.HECTOR GUERRERO<\/figcaption><\/figure>\n\n\n\n<p><strong>P.<\/strong>&nbsp;\u00bfY cree que va a contar con el apoyo del&nbsp;<a href=\"https:\/\/elpais.com\/mexico\/2022-03-09\/las-mexicanas-gritan-un-masivo-basta-ya.html\" target=\"_blank\" rel=\"noreferrer noopener\">movimiento feminista<\/a>&nbsp;en las elecciones?<\/p>\n\n\n\n<p><strong>R.<\/strong>&nbsp;Hay muchos movimientos feministas. Yo no estoy de acuerdo con el que se viste de negro y rompe todo. No. Siempre he luchado pac\u00edficamente. Y ellas no estar\u00e1n de acuerdo conmigo. Pues no estamos de acuerdo, punto; no pasa nada, pero hay muchas otras mujeres feministas con las que nos identificamos plenamente.<\/p>\n\n\n\n<p><strong>P.<\/strong>&nbsp;\u00bfIdeol\u00f3gicamente, c\u00f3mo se define?<\/p>\n\n\n\n<p><strong>R.<\/strong>&nbsp;Soy una mujer de izquierda, que cree en la honestidad y en la redistribuci\u00f3n de la riqueza para erradicar la pobreza. Pienso que la salud y la educaci\u00f3n son derechos, no mercanc\u00edas, y que el Estado debe hacerse cargo de ellos. Un Estado que solo debe hacerse chiquito en t\u00e9rminos de austeridad republicana, para no representar un costo al pueblo. Debe haber tambi\u00e9n una disciplina fiscal que proporcione estabilidad financiera para hacer muchas otras cosas.<\/p>\n\n\n\n<p><strong>P.<\/strong>&nbsp;\u00bfC\u00f3mo ve al&nbsp;<a href=\"https:\/\/elpais.com\/mexico\/2022-10-22\/el-pri-como-rival-del-pri.html\" target=\"_blank\" rel=\"noreferrer noopener\">PRI<\/a>&nbsp;ahora mismo?<\/p>\n\n\n\n<p><strong>R.<\/strong>&nbsp;Va rumbo a la desaparici\u00f3n.<\/p>\n\n\n\n<p><strong>P.<\/strong>&nbsp;\u00bfPuede quedar absorbido por Morena?<\/p>\n\n\n\n<p><strong>R.<\/strong>&nbsp;El problema que tuvo es que se volvi\u00f3 un partido neoliberal y negoci\u00f3 con el PAN para quedarse en el poder. Por eso ahora hay muchos priistas que dicen sentirse m\u00e1s identificados con Morena que con el PRI.<\/p>\n\n\n\n<p><strong>P.<\/strong>&nbsp;Y respecto a su principal rival en la carrera electoral,&nbsp;<a href=\"https:\/\/elpais.com\/noticias\/marcelo-ebrard\/\" target=\"_blank\" rel=\"noreferrer noopener\">el canciller Marcelo Ebrard,&nbsp;<\/a>\u00bfqu\u00e9 les dir\u00eda a los electores para que le votasen a usted y no a \u00e9l?<\/p>\n\n\n\n<p><strong>R.<\/strong>&nbsp;Tenemos una historia distinta. Yo nunca he sido parte del poder hasta ahora. \u00c9l s\u00ed, \u00e9l estuvo con [Manuel] Camacho, con el presidente Carlos Salinas de Gortari&#8230; Tiene otra historia. \u00c9l hizo su Gobierno en la Ciudad de M\u00e9xico de una manera; yo, de una forma muy distinta.<\/p>\n\n\n\n<p><strong>P.<\/strong>&nbsp;\u00bfSi usted gana, como indican las encuestas, lo incorporar\u00eda a su gabinete?<\/p>\n\n\n\n<p><strong>R.<\/strong>&nbsp;Tiene que haber unidad. Ninguno de los que estamos en el proceso podemos permitirnos la divisi\u00f3n interna. Por eso no me gusta hablar mal o compararme con mis compa\u00f1eros. La gente tomar\u00e1 una decisi\u00f3n de acuerdo con lo que hayamos hecho. Andr\u00e9s Manuel L\u00f3pez Obrador, despu\u00e9s del 2024, se va a retirar y quienes vamos a quedar tenemos la responsabilidad fortalecer el movimiento, no de dividirlo.<\/p>\n\n\n\n<p><strong>P.<\/strong>&nbsp;\u00bfRealmente cree que el presidente se va a retirar?<\/p>\n\n\n\n<p><strong>R.<\/strong>&nbsp;S\u00ed, s\u00ed lo creo.&nbsp;<a href=\"https:\/\/elpais.com\/mexico\/elecciones-mexicanas\/2021-06-12\/lopez-obrador-y-el-coste-del-poder.html\" target=\"_blank\" rel=\"noreferrer noopener\">\u00c9l ha tomado una decisi\u00f3n y va a estar en eso.&nbsp;<\/a>Uno quisiera que en muchas cosas siguiera ah\u00ed, pero \u00e9l ha tomado esa decisi\u00f3n.<\/p>\n\n\n\n<p><strong>P.<\/strong>&nbsp;\u00bfY qu\u00e9 piensa de&nbsp;<a href=\"https:\/\/elpais.com\/mexico\/2022-11-04\/que-quiere-ricardo-monreal.html\" target=\"_blank\" rel=\"noreferrer noopener\">Ricardo Monreal,&nbsp;<\/a>uno de sus rivales en la carrera a la presidencia? Sus diferencias son bien conocidas.<\/p>\n\n\n\n<p><strong>R.<\/strong>&nbsp;No voy a hablar mal de nadie. El verdadero adversario es el conservadurismo.<\/p>\n\n\n\n<p><strong>P.<\/strong>&nbsp;Una de las transformaciones que se est\u00e1n dando este sexenio es el poder creciente de&nbsp;<a href=\"https:\/\/elpais.com\/mexico\/2022-10-05\/la-militarizacion-mas-alla-de-la-grilla.html\" target=\"_blank\" rel=\"noreferrer noopener\">los militares.<\/a>&nbsp;\u00bfEst\u00e1 de acuerdo con esa presencia cada vez mayor de los uniformados en la vida p\u00fablica y civil del pa\u00eds? Si fuera presidenta, \u00bfmantendr\u00eda ese apoyo?<\/p>\n\n\n\n<p><strong>R.<\/strong>&nbsp;La historia del Ej\u00e9rcito mexicano es distinta a la de otros pa\u00edses de Am\u00e9rica Latina. Surgi\u00f3 de una revoluci\u00f3n popular, jam\u00e1s hubo un golpe de Estado y cuando los militares participaron en la represi\u00f3n, la orden la dio un civil: el presidente de la Rep\u00fablica. Hoy en d\u00eda, el ej\u00e9rcito es una instituci\u00f3n muy reconocida, por eso fue correcta la decisi\u00f3n de formar una Guardia Nacional [bajo control militar] distinta a la Polic\u00eda Federal, que presentaba much\u00edsimos problemas de corrupci\u00f3n. Y lo segundo, haber retirado al Ej\u00e9rcito de las calles de la noche a la ma\u00f1ana, habr\u00eda dejado en la indefensi\u00f3n a much\u00edsima, much\u00edsima gente.<\/p>\n\n\n\n<p><strong>P.<\/strong>&nbsp;Hablemos un poco de pol\u00edtica internacional. Respecto al&nbsp;<a href=\"https:\/\/elpais.com\/internacional\/2022-11-05\/ultima-hora-de-la-guerra-en-ucrania-hoy-en-directo.html\" target=\"_blank\" rel=\"noreferrer noopener\">conflicto de Ucrania<\/a>, se ha criticado al Gobierno de L\u00f3pez Obrador por su supuesta equidistancia y por no condenar claramente a Putin.<\/p>\n\n\n\n<p><strong>R.<\/strong>&nbsp;A ver, se reconoci\u00f3 que hay una invasi\u00f3n en Ucrania. El asunto aqu\u00ed es si hay que tomar medidas que al final afectan a la poblaci\u00f3n. Yo, por ejemplo, no estoy de acuerdo con el bloqueo a Cuba, porque, independientemente de lo que se piense del Gobierno cubano, quien lo sufre es el pueblo. En el caso de Ucrania, hubo una invasi\u00f3n y la condenamos.<\/p>\n\n\n\n<p><strong>P.<\/strong>&nbsp;\u00bfPero no le parece que a L\u00f3pez Obrador le falta criticar m\u00e1s a Putin?<\/p>\n\n\n\n<p><strong>R.<\/strong>&nbsp;Tampoco ha criticado a Ucrania. O sea, ni a uno ni a otro. Hemos condenado la invasi\u00f3n y estamos en contra de la guerra. Es m\u00e1s, L\u00f3pez Obrador&nbsp;<a href=\"https:\/\/elpais.com\/mexico\/2022-09-18\/el-proyecto-de-lopez-obrador-para-la-paz-recibe-en-ucrania-acusaciones-de-oportunismo-politico.html\" target=\"_blank\" rel=\"noreferrer noopener\">hizo una propuesta de paz,<\/a>&nbsp;con la que se puede estar de acuerdo o no, pero que busca frenar un conflicto b\u00e9lico de consecuencias mundiales.<\/p>\n\n\n\n<p><strong>P.<\/strong>&nbsp;Otra figura pol\u00e9mica es&nbsp;<a href=\"https:\/\/elpais.com\/mexico\/2022-04-25\/lopez-obrador-responde-a-los-ataques-de-trump-no-permitire-que-traten-a-mexico-como-pinata.html\" target=\"_blank\" rel=\"noreferrer noopener\">Donald Trump,&nbsp;<\/a>un ultraderechista que ha insultado a M\u00e9xico y los mexicanos. \u00bfQu\u00e9 piensa de \u00e9l?<\/p>\n\n\n\n<p><strong>R.<\/strong>&nbsp;No es tanto qu\u00e9 piensas de uno o de otro, sino cu\u00e1l es la relaci\u00f3n de M\u00e9xico con Estados Unidos. M\u00e1s all\u00e1 de la opini\u00f3n sobre un personaje u otro, la responsabilidad de cualquier presidente de M\u00e9xico, es defender a su pueblo y defender la econom\u00eda de su pa\u00eds.<\/p>\n\n\n\n<p><strong>P.<\/strong>&nbsp;\u00bfY ahora mismo prefiere a Biden o a Trump?<\/p>\n\n\n\n<p><strong>R<\/strong>. No me voy a entrometer en la pol\u00edtica de Estados Unidos. Pretendo ser presidenta de M\u00e9xico, y ah\u00ed hay que ser muy responsable. All\u00e1 viven 50 millones de mexicanos. No es un asunto trivial.<\/p>\n\n\n\n<p><strong>P.<\/strong>&nbsp;El presidente chileno,&nbsp;<a href=\"https:\/\/elpais.com\/noticias\/gabriel-boric-font\/\" target=\"_blank\" rel=\"noreferrer noopener\">Gabriel Boric,<\/a>&nbsp;asegur\u00f3 recientemente que se enoja ante la gente de izquierda que no censura las violaciones de derechos humanos en Venezuela o en Nicaragua. \u00bfEst\u00e1 de acuerdo? \u00bfQu\u00e9 piensa de la deriva de Venezuela o de Nicaragua?<\/p>\n\n\n\n<p><strong>R.<\/strong>&nbsp;Las violaciones a los derechos humanos hay que condenarlas en cualquier lugar. Pero el destino de Cuba y Venezuela corresponde a los cubanos y venezolanos. A m\u00ed lo que no me gustan son las indefiniciones. Correrte al centro para criticar de este lado y del otro lado, lo \u00fanico que hace es confundir. Hay que tener una definici\u00f3n muy clara de d\u00f3nde est\u00e1s, qu\u00e9 es lo que representas, hacia d\u00f3nde vas.<\/p>\n\n\n\n<p><strong>P.<\/strong>&nbsp;\u00bfCu\u00e1l ha sido el momento m\u00e1s complicado de su mandato en la capital?<\/p>\n\n\n\n<p><strong>R.<\/strong>&nbsp;<a href=\"https:\/\/elpais.com\/sociedad\/2020-05-08\/la-magnitud-de-la-epidemia-en-mexico.html\" target=\"_blank\" rel=\"noreferrer noopener\">El inicio de la pandemia<\/a>&nbsp;fue muy complejo. Tomar la decisi\u00f3n de cu\u00e1ndo, c\u00f3mo y qu\u00e9 cierras result\u00f3 muy dif\u00edcil. Y la segunda ola de la pandemia result\u00f3 a\u00fan m\u00e1s dif\u00edcil, porque fue muy dura en t\u00e9rminos de la cantidad de personas hospitalizadas y los efectos para la econom\u00eda&#8230;<\/p>\n\n\n\n<p><strong>P.<\/strong>&nbsp;\u00bfQu\u00e9 cambiar\u00eda ahora de lo que hizo en ese momento?<\/p>\n\n\n\n<p><strong>R.<\/strong>&nbsp;Hicimos lo humanamente posible. Incluso hicimos hasta lo imposible.<\/p>\n\n\n\n<p><strong>P.<\/strong>&nbsp;<a href=\"https:\/\/elpais.com\/mexico\/2022-05-11\/el-explosivo-informe-de-dnv-sobre-la-linea-12.html\" target=\"_blank\" rel=\"noreferrer noopener\">El accidente de la L\u00ednea 12&nbsp;<\/a>de metro, con 26 muertos, supuso otro momento tr\u00e1gico, \u00bfc\u00f3mo lo vivi\u00f3?<\/p>\n\n\n\n<p><strong>R.<\/strong>&nbsp;Fue muy dif\u00edcil, muy doloroso. En momentos as\u00ed nunca te vas a equivocar si est\u00e1s del lado de las v\u00edctimas y de la justicia. Despu\u00e9s, est\u00e1 el dictamen de la Fiscal\u00eda que establece que se debi\u00f3 a una falla de origen.<\/p>\n\n\n\n<p><strong>P.<\/strong>&nbsp;Ah\u00ed hay una pol\u00e9mica.&nbsp;<a href=\"https:\/\/elpais.com\/mexico\/2022-05-10\/el-informe-final-sobre-la-linea-12-los-cuatro-detonantes-del-colapso-segun-dnv.html\" target=\"_blank\" rel=\"noreferrer noopener\">El informe final<\/a>&nbsp;de la consultora noruega que ustedes encargaron sostiene que aparte de los problemas de dise\u00f1o y de construcci\u00f3n, hubo problemas de mantenimiento.<\/p>\n\n\n\n<p><strong>R.<\/strong>&nbsp;La consultora se\u00f1ala en sus dos primeros dict\u00e1menes que hubo fallas de origen, en la construcci\u00f3n; un problema de pernos y otros asuntos t\u00e9cnicos que provocaron el desplome.<\/p>\n\n\n\n<p><strong>P.<\/strong>&nbsp;Pero hay un tercer informe&#8230;<\/p>\n\n\n\n<p><strong>R.<\/strong>&nbsp;Hubo un acuerdo con la empresa para que el tercer informe no se entregara y ni siquiera se pag\u00f3.<\/p>\n\n\n\n<p><strong>P.<\/strong>&nbsp;Usted defendi\u00f3 a esa consultora noruega y luego, ante el tercer informe que no le favorece, lo rechaza. \u00bfC\u00f3mo explica eso?<\/p>\n\n\n\n<p><strong>R.<\/strong>&nbsp;A ver, si alguien en un reporte dice una cosa y en el otro dice otra, y establece conclusiones que no tienen sustento t\u00e9cnico, por m\u00e1s que hayas defendido a la empresa no vas a decir: \u201cPues aunque est\u00e9 mal hecho, lo acepto\u201d.<\/p>\n\n\n\n<p><strong>P.<\/strong>&nbsp;\u00bfUsted pone la mano al fuego de que no hubo fallos atribuibles a su periodo de mandato?<\/p>\n\n\n\n<p><strong>R.<\/strong>&nbsp;Es lo que sostienen el primer y segundo reporte, y eso es lo que dice el dictamen de la Fiscal\u00eda. Una trabe no se cae por falta de mantenimiento. No quiero entrar en esa pol\u00e9mica, entre otras cosas, porque lo que me corresponde es terminar la L\u00ednea 12. Adem\u00e1s, la fiscal\u00eda ha llegado a acuerdos reparatorios con las v\u00edctimas, Y es al Ministerio P\u00fablico a quien le corresponde el dictamen t\u00e9cnico.<\/p>\n\n\n\n<p><strong>P.<\/strong>&nbsp;\u00bfCree que el caso de la L\u00ednea 12 se pueda utilizar contra usted en la campa\u00f1a presidencial?<\/p>\n\n\n\n<p><strong>R.<\/strong>&nbsp;De que la van a querer utilizar los adversarios, la van a querer utilizar. El asunto es c\u00f3mo se siente uno consigo mismo, y yo me siento muy tranquila.<\/p>\n\n\n\n<p><strong>P.<\/strong>&nbsp;Tambi\u00e9n ha sido cuestionado el papel del secretario de Seguridad, Omar Garc\u00eda Harfuch, en&nbsp;<a href=\"https:\/\/elpais.com\/mexico\/2022-11-05\/la-teoria-de-la-fiscalia-del-caso-ayotzinapa-al-descubierto.html\" target=\"_blank\" rel=\"noreferrer noopener\">el&nbsp;<em>caso Ayotzinapa.<\/em><\/a>&nbsp;\u00bfPondr\u00eda la mano en el fuego por \u00e9l?<\/p>\n\n\n\n<p><strong>R.<\/strong>&nbsp;El informe de la comisi\u00f3n no le responsabiliza en nada, y claramente \u00e9l ha dicho que estuvo en Guerrero, y despu\u00e9s cuando ocurri\u00f3 lo de Ayotzinapa, ya no estaba all\u00ed y yo le creo.<\/p>\n\n\n\n<p><strong>P.<\/strong>&nbsp;En una entrevista con EL PA\u00cdS, Garc\u00eda Harfuch dijo que le gustar\u00eda ser el encargado de la seguridad si usted llegara a la presidencia.<\/p>\n\n\n\n<p><strong>R.<\/strong>&nbsp;<a href=\"https:\/\/elpais.com\/noticias\/omar-garcia\/\" target=\"_blank\" rel=\"noreferrer noopener\">Quiero que Omar se venga conmigo<\/a>, claro que s\u00ed. Hemos hecho muy buen equipo en el Gobierno de la ciudad, y no solo en seguridad. Es hombre muy profesional, de mucha lealtad, honesto y que sabe hacer su trabajo.<\/p>\n\n\n\n<p><strong>P.<\/strong>&nbsp;\u00bfY qui\u00e9n le gustase que le sucediera a usted?<\/p>\n\n\n\n<p><strong>R.<\/strong>&nbsp;No, ah\u00ed yo no tengo una preferencia. Mal har\u00eda yo en estar promoviendo a alguna u otra persona.<\/p>\n\n\n\n<p><a href=\"https:\/\/plus.elpais.com\/newsletters\/lnp\/1\/348\"><strong>Suscr\u00edbase aqu\u00ed<\/strong><\/a>a la\u00a0<em>newsletter<\/em>\u00a0de EL PA\u00cdS M\u00e9xico y reciba todas las claves informativas de la actualidad de este pa\u00eds<\/p>\n\n\n\n<p>Fuente: https:\/\/elpais.com\/mexico\/2022-11-06\/claudia-sheinbaum-si-fuera-hombre-no-dirian-eso-de-es-la-favorita-del-presidente.html<\/p>\n","protected":false},"excerpt":{"rendered":"<p>La jefa de Gobierno de Ciudad de M\u00e9xico defiende en entrevista con EL PA\u00cdS los pilares de su proyecto pol\u00edtico, [&hellip;]<\/p>\n","protected":false},"author":1,"featured_media":40570,"comment_status":"open","ping_status":"open","sticky":false,"template":"","format":"standard","meta":{"site-sidebar-layout":"default","site-content-layout":"","ast-site-content-layout":"default","site-content-style":"default","site-sidebar-style":"default","ast-global-header-display":"","ast-banner-title-visibility":"","ast-main-header-display":"","ast-hfb-above-header-display":"","ast-hfb-below-header-display":"","ast-hfb-mobile-header-display":"","site-post-title":"","ast-breadcrumbs-content":"","ast-featured-img":"","footer-sml-layout":"","theme-transparent-header-meta":"","adv-header-id-meta":"","stick-header-meta":"","header-above-stick-meta":"","header-main-stick-meta":"","header-below-stick-meta":"","astra-migrate-meta-layouts":"default","ast-page-background-enabled":"default","ast-page-background-meta":{"desktop":{"background-color":"var(--ast-global-color-4)","background-image":"","background-repeat":"repeat","background-position":"center center","background-size":"auto","background-attachment":"scroll","background-type":"","background-media":"","overlay-type":"","overlay-color":"","overlay-opacity":"","overlay-gradient":""},"tablet":{"background-color":"","background-image":"","background-repeat":"repeat","background-position":"center center","background-size":"auto","background-attachment":"scroll","background-type":"","background-media":"","overlay-type":"","overlay-color":"","overlay-opacity":"","overlay-gradient":""},"mobile":{"background-color":"","background-image":"","background-repeat":"repeat","background-position":"center center","background-size":"auto","background-attachment":"scroll","background-type":"","background-media":"","overlay-type":"","overlay-color":"","overlay-opacity":"","overlay-gradient":""}},"ast-content-background-meta":{"desktop":{"background-color":"var(--ast-global-color-5)","background-image":"","background-repeat":"repeat","background-position":"center center","background-size":"auto","background-attachment":"scroll","background-type":"","background-media":"","overlay-type":"","overlay-color":"","overlay-opacity":"","overlay-gradient":""},"tablet":{"background-color":"var(--ast-global-color-5)","background-image":"","background-repeat":"repeat","background-position":"center center","background-size":"auto","background-attachment":"scroll","background-type":"","background-media":"","overlay-type":"","overlay-color":"","overlay-opacity":"","overlay-gradient":""},"mobile":{"background-color":"var(--ast-global-color-5)","background-image":"","background-repeat":"repeat","background-position":"center center","background-size":"auto","background-attachment":"scroll","background-type":"","background-media":"","overlay-type":"","overlay-color":"","overlay-opacity":"","overlay-gradient":""}},"footnotes":""},"categories":[8],"tags":[199,1505,5486],"class_list":["post-40569","post","type-post","status-publish","format-standard","has-post-thumbnail","hentry","category-noticias","tag-amlo","tag-claudia-sheinbaum","tag-elecciones-2024"],"_links":{"self":[{"href":"https:\/\/losperiodistas.com.mx\/portal\/wp-json\/wp\/v2\/posts\/40569","targetHints":{"allow":["GET"]}}],"collection":[{"href":"https:\/\/losperiodistas.com.mx\/portal\/wp-json\/wp\/v2\/posts"}],"about":[{"href":"https:\/\/losperiodistas.com.mx\/portal\/wp-json\/wp\/v2\/types\/post"}],"author":[{"embeddable":true,"href":"https:\/\/losperiodistas.com.mx\/portal\/wp-json\/wp\/v2\/users\/1"}],"replies":[{"embeddable":true,"href":"https:\/\/losperiodistas.com.mx\/portal\/wp-json\/wp\/v2\/comments?post=40569"}],"version-history":[{"count":1,"href":"https:\/\/losperiodistas.com.mx\/portal\/wp-json\/wp\/v2\/posts\/40569\/revisions"}],"predecessor-version":[{"id":40572,"href":"https:\/\/losperiodistas.com.mx\/portal\/wp-json\/wp\/v2\/posts\/40569\/revisions\/40572"}],"wp:featuredmedia":[{"embeddable":true,"href":"https:\/\/losperiodistas.com.mx\/portal\/wp-json\/wp\/v2\/media\/40570"}],"wp:attachment":[{"href":"https:\/\/losperiodistas.com.mx\/portal\/wp-json\/wp\/v2\/media?parent=40569"}],"wp:term":[{"taxonomy":"category","embeddable":true,"href":"https:\/\/losperiodistas.com.mx\/portal\/wp-json\/wp\/v2\/categories?post=40569"},{"taxonomy":"post_tag","embeddable":true,"href":"https:\/\/losperiodistas.com.mx\/portal\/wp-json\/wp\/v2\/tags?post=40569"}],"curies":[{"name":"wp","href":"https:\/\/api.w.org\/{rel}","templated":true}]}}