{"id":40566,"date":"2022-11-06T06:25:03","date_gmt":"2022-11-06T12:25:03","guid":{"rendered":"http:\/\/losperiodistas.com.mx\/portal\/?p=40566"},"modified":"2022-11-06T06:25:05","modified_gmt":"2022-11-06T12:25:05","slug":"pena-nieto-renueva-su-visado-oro-me-va-gustando-vivir-en-espana-y-estoy-dispuesto-a-responder-sobre-mi-patrimonio-el-pais","status":"publish","type":"post","link":"https:\/\/losperiodistas.com.mx\/portal\/pena-nieto-renueva-su-visado-oro-me-va-gustando-vivir-en-espana-y-estoy-dispuesto-a-responder-sobre-mi-patrimonio-el-pais\/","title":{"rendered":"Pe\u00f1a Nieto renueva su \u2018visado oro\u2019: \u201cMe va gustando vivir en Espa\u00f1a y estoy dispuesto a responder sobre mi patrimonio\u201d | El Pa\u00eds"},"content":{"rendered":"\n<h2 class=\"has-light-green-cyan-background-color has-background has-medium-font-size wp-block-heading\">El expresidente mexicano, investigado por la Fiscal\u00eda de su pa\u00eds, cuenta a EL PA\u00cdS que compra otra casa y piensa en radicarse permanentemente en Madrid<\/h2>\n\n\n\n<figure class=\"wp-block-image size-large is-style-default\"><img fetchpriority=\"high\" decoding=\"async\" width=\"1024\" height=\"674\" src=\"https:\/\/losperiodistas.com.mx\/portal\/wp-content\/uploads\/2022\/11\/ZJGGIGUJS5PPXA74XTX6NRILKU-1024x674.jpg\" alt=\"\" class=\"wp-image-40567\" srcset=\"https:\/\/losperiodistas.com.mx\/portal\/wp-content\/uploads\/2022\/11\/ZJGGIGUJS5PPXA74XTX6NRILKU-1024x674.jpg 1024w, https:\/\/losperiodistas.com.mx\/portal\/wp-content\/uploads\/2022\/11\/ZJGGIGUJS5PPXA74XTX6NRILKU-300x197.jpg 300w, https:\/\/losperiodistas.com.mx\/portal\/wp-content\/uploads\/2022\/11\/ZJGGIGUJS5PPXA74XTX6NRILKU-768x505.jpg 768w, https:\/\/losperiodistas.com.mx\/portal\/wp-content\/uploads\/2022\/11\/ZJGGIGUJS5PPXA74XTX6NRILKU-1536x1011.jpg 1536w, https:\/\/losperiodistas.com.mx\/portal\/wp-content\/uploads\/2022\/11\/ZJGGIGUJS5PPXA74XTX6NRILKU.jpg 1960w\" sizes=\"(max-width: 1024px) 100vw, 1024px\" \/><figcaption>Enrique Pe\u00f1a Nieto, tras asumir la presidencia de M\u00e9xico, en 2012. YURI CORTEZ (AFP)<\/figcaption><\/figure>\n\n\n\n<p class=\"has-vivid-cyan-blue-color has-text-color has-medium-font-size\">MAR\u00cdA MART\u00cdN \/ EL PA\u00cdS<\/p>\n\n\n\n<p>El expresidente mexicano Enrique Pe\u00f1a Nieto seguir\u00e1 siendo residente legal en Espa\u00f1a, al menos cinco a\u00f1os m\u00e1s. El exmandatario,&nbsp;<a href=\"https:\/\/elpais.com\/mexico\/2022-05-29\/el-expresidente-mexicano-enrique-pena-nieto-se-instala-en-espana-con-un-visado-dorado.html\">que obtuvo en octubre de 2020 la llamada visa dorada<\/a>, un permiso muy exclusivo reservado a grandes inversores, renov\u00f3 sus papeles el pasado 5 de octubre, seg\u00fan han confirmado a este peri\u00f3dico fuentes conocedoras de su caso. La autorizaci\u00f3n expira en 2027. El mexicano no descarta instalarse definitivamente en Espa\u00f1a y se ha comprado la casa en la que vive en una urbanizaci\u00f3n a las afueras de Madrid. \u201cEstoy muy agradecido a este pa\u00eds por el trato que me ha dispensado, me va gustando mi vida aqu\u00ed. Me planteo residir en Espa\u00f1a de forma permanente y visitar ocasionalmente M\u00e9xico, que es mi patria y amo entra\u00f1ablemente\u201d, ha afirmado el expresidente a EL PA\u00cdS.<\/p>\n\n\n\n<p>Pe\u00f1a Nieto, que gobern\u00f3 M\u00e9xico de 2012 a 2018, lleva ya tres a\u00f1os sin pisar su pa\u00eds y, de momento, no tiene pensado volver. Disfruta de una vida c\u00f3moda en Madrid, y dedica buena parte de sus ma\u00f1anas a jugar al golf. No era el plan que esperaba cuando abandon\u00f3 la presidencia mexicana, pero, tras su decisi\u00f3n de marcharse de su pa\u00eds, parece haberse acostumbrado a \u00e9l.<\/p>\n\n\n\n<p>El Gobierno de Espa\u00f1a sabe que el expresidente mexicano vive en Madrid desde al menos octubre de 2021. Se lo comunic\u00f3 el propio Pe\u00f1a Nieto en una carta que envi\u00f3 a Pedro S\u00e1nchez. En esa misiva, el mexicano le informaba de que se hab\u00eda mudado por \u201cmotivos personales\u201d y mostraba su disposici\u00f3n a encontrarse con el presidente espa\u00f1ol. Su carta, como ha podido comprobar EL PA\u00cdS, fue respondida m\u00e1s de dos meses despu\u00e9s. En la contestaci\u00f3n se acusaba recibo y se le comunicaba que su petici\u00f3n de audiencia ser\u00eda transmitida al Ministerio de Exteriores. Desde entonces, silencio. Fuentes gubernamentales mantienen que S\u00e1nchez no suele recibir expresidentes.<\/p>\n\n\n\n<p class=\"has-cyan-bluish-gray-background-color has-background\">M\u00c1S INFORMACI\u00d3N<\/p>\n\n\n\n<figure class=\"wp-block-image is-style-default\"><a href=\"https:\/\/elpais.com\/mexico\/2022-05-29\/el-expresidente-mexicano-enrique-pena-nieto-se-instala-en-espana-con-un-visado-dorado.html\"><img decoding=\"async\" src=\"https:\/\/imagenes.elpais.com\/resizer\/r0Xh3Uw5K6449ZWw2y9ZhbO2bpg=\/414x311\/cloudfront-eu-central-1.images.arcpublishing.com\/prisa\/SFCS7H52JNIXNPPGP5WTYDJYAU.jpg\" alt=\"Discurso del presidente de M\u00e9xico, Enrique Pe\u00f1a Nieto, durante la cena de gala ofrecida por los reyes de Espa\u00f1a al mandatario mexicano en el Palacio Real, en Madrid. \"\/><\/a><\/figure>\n\n\n\n<p class=\"has-cyan-bluish-gray-background-color has-background\"><a href=\"https:\/\/elpais.com\/mexico\/2022-05-29\/el-expresidente-mexicano-enrique-pena-nieto-se-instala-en-espana-con-un-visado-dorado.html#?rel=mas_sumario\">El expresidente mexicano Enrique Pe\u00f1a Nieto se instala en Espa\u00f1a con un visado dorado<\/a><\/p>\n\n\n\n<p>El expresidente se cita con EL PA\u00cdS en una cafeter\u00eda de La Moraleja (Alcobendas), una de las zonas m\u00e1s exclusivas de Madrid. Mantiene que decidi\u00f3 instalarse en la capital para \u201cdesvincularse de la vida pol\u00edtica mexicana\u201d y para ser \u201crespetuoso con el tiempo\u201d del actual presidente de M\u00e9xico, Andr\u00e9s Manuel L\u00f3pez Obrador, y de su Gobierno.<\/p>\n\n\n\n<p>Su mudanza a Espa\u00f1a le manten\u00eda fuera del foco medi\u00e1tico, aunque no necesariamente del judicial. En agosto, dos meses despu\u00e9s de que EL PA\u00cdS revelase que Pe\u00f1a Nieto se hab\u00eda instalado en Madrid gracias a la compra de un inmueble de m\u00e1s de 500.000 euros, la Fiscal\u00eda General de la Rep\u00fablica (FGR)&nbsp;<a href=\"https:\/\/elpais.com\/mexico\/2022-08-03\/la-fiscalia-anuncia-tres-investigaciones-contra-enrique-pena-nieto-por-lavado-de-dinero-y-enriquecimiento-ilicito.html\">anunci\u00f3 que manten\u00eda abiertas tres investigaciones contra \u00e9l.&nbsp;<\/a>Le investigan por lavado de dinero y enriquecimiento il\u00edcito, acusaciones que el expresidente niega. \u201cEs un absurdo. No he querido dar una respuesta medi\u00e1tica, pero estoy invariablemente atento a responder sobre el origen legal de mi patrimonio\u201d, asegura.<\/p>\n\n\n\n<p>Pe\u00f1a Nieto empieza a frecuentar Madrid en 2019, pero se acaba instalando en la capital en enero de 2020, un par de meses antes de la pandemia, que acab\u00f3 pasando metido en su chalet. Sus abogados, apostando por su condici\u00f3n de expresidente, intentaron primero&nbsp;<a href=\"https:\/\/elpais.com\/mexico\/actualidad\/2022-09-08\/el-expresidente-mexicano-enrique-pena-nieto-intento-conseguir-el-visado-espanol-por-razones-excepcionales-antes-que-como-inversor.html\">conseguir sus papeles por una v\u00eda para la que no cumpl\u00eda los requisitos<\/a>: solicitar una autorizaci\u00f3n de residencia por supuestos excepcionales, una f\u00f3rmula que permite a la Administraci\u00f3n conceder autorizaciones de residencia de forma discrecional si existen circunstancias excepcionales de naturaleza econ\u00f3mica, laboral o social que lo aconsejen. No era el caso y ni siquiera se acept\u00f3 a tr\u00e1mite. Ya en octubre de 2020, el despacho que lleva su caso le solicita la llamada&nbsp;<em>visa oro,<\/em>&nbsp;la f\u00f3rmula, creada en 2013 por el Gobierno de Mariano Rajoy, con la que a lo largo de estos a\u00f1os se han instalado en Espa\u00f1a decenas de magnates rusos, chinos o empresarios venezolanos.<\/p>\n\n\n\n<h3 class=\"wp-block-heading\">Un chalet de un mill\u00f3n en Valdelagua<\/h3>\n\n\n\n<p>La visa dorada exige algunos requisitos que Pe\u00f1a Nieto no cumpl\u00eda, como invertir&nbsp;<a href=\"https:\/\/elpais.com\/economia\/2020-05-18\/espana-bate-por-septima-vez-el-record-de-visados-dorados-entrego-mas-de-8000-en-2019.html\">dos millones de euros en deuda p\u00fablica, un mill\u00f3n de euros en acciones de empresas espa\u00f1olas o dep\u00f3sitos bancarios<\/a>. La opci\u00f3n m\u00e1s viable para el exmandatario era invertir al menos 500.000 euros en inmuebles y as\u00ed decidi\u00f3 comprar un local comercial en el centro de la capital por 570.000 euros, apenas unos d\u00edas antes de solicitar su visa oro. La intenci\u00f3n nunca fue vivir en \u00e9l, as\u00ed que lo reform\u00f3 y lo convirti\u00f3 en un apartamento de lujo que puso en venta. El anuncio de la inmobiliaria se public\u00f3 a principios de agosto, justo horas despu\u00e9s del comunicado en el que la Fiscal\u00eda hac\u00eda p\u00fablicas las investigaciones contra el exmandatario. \u201cFue pura coincidencia\u201d, asegura el expresidente. El local comercial con terraza convertido en piso de lujo sigue aguardando un comprador por 650.0000 euros.<\/p>\n\n\n\n<p>Mientras tanto, Pe\u00f1a Nieto, en su intenci\u00f3n de echar ra\u00edces en Espa\u00f1a, ha decidido comprarse por casi un mill\u00f3n de euros el chalet de tres plantas en el que reside en la urbanizaci\u00f3n Valdelagua, a unos 40 kil\u00f3metros de Madrid. Es una casa construida en una parcela de 2.500 metros cuadrados y consta de dos plantas y un s\u00f3tano, donde se encuentra el garaje y una bodega. El resto es jard\u00edn. Es un lugar seguro y discreto \u2014\u201dno tan lujoso como dicen\u201d, apunta el expresidente\u2014, donde tambi\u00e9n tienen una propiedad personajes como Pen\u00e9lope Cruz y Javier Bardem. \u201cEsto no es una inversi\u00f3n, el prop\u00f3sito es vivir en ella. No pretendo tener m\u00e1s inversiones en Espa\u00f1a\u201d, aclara el expresidente.<\/p>\n\n\n\n<p>Tras estos dos a\u00f1os residiendo de forma legal en Espa\u00f1a, Pe\u00f1a Nieto cumple los requisitos para solicitar la nacionalidad espa\u00f1ola, pero, seg\u00fan las fuentes consultadas y confirma \u00e9l mismo, no lo ha hecho, ni tiene pensado hacerlo. Otro expresidente del Partido Revolucionario Institucional (PRI), Carlos Salinas de Gortari, s\u00ed adquiri\u00f3 el pasaporte espa\u00f1ol gracias a su ascendencia sefard\u00ed, como revel\u00f3 EL PA\u00cdS la semana pasada.<\/p>\n\n\n\n<p><a href=\"https:\/\/plus.elpais.com\/newsletters\/lnp\/1\/348\"><strong>Suscr\u00edbase aqu\u00ed<\/strong><\/a>a la\u00a0<em>newsletter<\/em>\u00a0de EL PA\u00cdS M\u00e9xico y reciba todas las claves informativas de la actualidad de este pa\u00eds<\/p>\n\n\n\n<p>Fuente: https:\/\/elpais.com\/espana\/2022-11-06\/pena-nieto-me-va-gustando-vivir-en-espana-y-estoy-dispuesto-a-responder-sobre-mi-patrimonio.html<\/p>\n","protected":false},"excerpt":{"rendered":"<p>El expresidente mexicano, investigado por la Fiscal\u00eda de su pa\u00eds, cuenta a EL PA\u00cdS que compra otra casa y piensa [&hellip;]<\/p>\n","protected":false},"author":1,"featured_media":40567,"comment_status":"open","ping_status":"open","sticky":false,"template":"","format":"standard","meta":{"site-sidebar-layout":"default","site-content-layout":"","ast-site-content-layout":"default","site-content-style":"default","site-sidebar-style":"default","ast-global-header-display":"","ast-banner-title-visibility":"","ast-main-header-display":"","ast-hfb-above-header-display":"","ast-hfb-below-header-display":"","ast-hfb-mobile-header-display":"","site-post-title":"","ast-breadcrumbs-content":"","ast-featured-img":"","footer-sml-layout":"","theme-transparent-header-meta":"","adv-header-id-meta":"","stick-header-meta":"","header-above-stick-meta":"","header-main-stick-meta":"","header-below-stick-meta":"","astra-migrate-meta-layouts":"default","ast-page-background-enabled":"default","ast-page-background-meta":{"desktop":{"background-color":"var(--ast-global-color-4)","background-image":"","background-repeat":"repeat","background-position":"center center","background-size":"auto","background-attachment":"scroll","background-type":"","background-media":"","overlay-type":"","overlay-color":"","overlay-opacity":"","overlay-gradient":""},"tablet":{"background-color":"","background-image":"","background-repeat":"repeat","background-position":"center center","background-size":"auto","background-attachment":"scroll","background-type":"","background-media":"","overlay-type":"","overlay-color":"","overlay-opacity":"","overlay-gradient":""},"mobile":{"background-color":"","background-image":"","background-repeat":"repeat","background-position":"center center","background-size":"auto","background-attachment":"scroll","background-type":"","background-media":"","overlay-type":"","overlay-color":"","overlay-opacity":"","overlay-gradient":""}},"ast-content-background-meta":{"desktop":{"background-color":"var(--ast-global-color-5)","background-image":"","background-repeat":"repeat","background-position":"center center","background-size":"auto","background-attachment":"scroll","background-type":"","background-media":"","overlay-type":"","overlay-color":"","overlay-opacity":"","overlay-gradient":""},"tablet":{"background-color":"var(--ast-global-color-5)","background-image":"","background-repeat":"repeat","background-position":"center center","background-size":"auto","background-attachment":"scroll","background-type":"","background-media":"","overlay-type":"","overlay-color":"","overlay-opacity":"","overlay-gradient":""},"mobile":{"background-color":"var(--ast-global-color-5)","background-image":"","background-repeat":"repeat","background-position":"center center","background-size":"auto","background-attachment":"scroll","background-type":"","background-media":"","overlay-type":"","overlay-color":"","overlay-opacity":"","overlay-gradient":""}},"footnotes":""},"categories":[8],"tags":[2158,10451],"class_list":["post-40566","post","type-post","status-publish","format-standard","has-post-thumbnail","hentry","category-noticias","tag-enrique-pena-nieto","tag-visado-dorado"],"_links":{"self":[{"href":"https:\/\/losperiodistas.com.mx\/portal\/wp-json\/wp\/v2\/posts\/40566","targetHints":{"allow":["GET"]}}],"collection":[{"href":"https:\/\/losperiodistas.com.mx\/portal\/wp-json\/wp\/v2\/posts"}],"about":[{"href":"https:\/\/losperiodistas.com.mx\/portal\/wp-json\/wp\/v2\/types\/post"}],"author":[{"embeddable":true,"href":"https:\/\/losperiodistas.com.mx\/portal\/wp-json\/wp\/v2\/users\/1"}],"replies":[{"embeddable":true,"href":"https:\/\/losperiodistas.com.mx\/portal\/wp-json\/wp\/v2\/comments?post=40566"}],"version-history":[{"count":1,"href":"https:\/\/losperiodistas.com.mx\/portal\/wp-json\/wp\/v2\/posts\/40566\/revisions"}],"predecessor-version":[{"id":40568,"href":"https:\/\/losperiodistas.com.mx\/portal\/wp-json\/wp\/v2\/posts\/40566\/revisions\/40568"}],"wp:featuredmedia":[{"embeddable":true,"href":"https:\/\/losperiodistas.com.mx\/portal\/wp-json\/wp\/v2\/media\/40567"}],"wp:attachment":[{"href":"https:\/\/losperiodistas.com.mx\/portal\/wp-json\/wp\/v2\/media?parent=40566"}],"wp:term":[{"taxonomy":"category","embeddable":true,"href":"https:\/\/losperiodistas.com.mx\/portal\/wp-json\/wp\/v2\/categories?post=40566"},{"taxonomy":"post_tag","embeddable":true,"href":"https:\/\/losperiodistas.com.mx\/portal\/wp-json\/wp\/v2\/tags?post=40566"}],"curies":[{"name":"wp","href":"https:\/\/api.w.org\/{rel}","templated":true}]}}