{"id":40547,"date":"2022-11-05T12:03:09","date_gmt":"2022-11-05T18:03:09","guid":{"rendered":"http:\/\/losperiodistas.com.mx\/portal\/?p=40547"},"modified":"2022-11-05T12:07:13","modified_gmt":"2022-11-05T18:07:13","slug":"museo-del-prado-tres-dias-despues-de-que-madrid-alertara-a-iceta-de-la-falta-de-vigilantes","status":"publish","type":"post","link":"https:\/\/losperiodistas.com.mx\/portal\/museo-del-prado-tres-dias-despues-de-que-madrid-alertara-a-iceta-de-la-falta-de-vigilantes\/","title":{"rendered":"Museo del Prado tres d\u00edas despu\u00e9s de que Madrid alertara a Iceta de la falta de vigilantes | El Mundo"},"content":{"rendered":"\n<p class=\"has-medium-font-size\">La consejera Marta Rivera de la Cruz alert\u00f3 por carta a Iceta de la falta de vigilancia en las salas de los museos estatales<\/p>\n\n\n\n<figure class=\"wp-block-image size-full is-resized is-style-default\"><img fetchpriority=\"high\" decoding=\"async\" src=\"https:\/\/losperiodistas.com.mx\/portal\/wp-content\/uploads\/2022\/11\/266.jpeg\" alt=\"\" class=\"wp-image-40548\" width=\"549\" height=\"323\" srcset=\"https:\/\/losperiodistas.com.mx\/portal\/wp-content\/uploads\/2022\/11\/266.jpeg 452w, https:\/\/losperiodistas.com.mx\/portal\/wp-content\/uploads\/2022\/11\/266-300x177.jpeg 300w\" sizes=\"(max-width: 549px) 100vw, 549px\" \/><figcaption>El Mundo<\/figcaption><\/figure>\n\n\n\n<p><\/p>\n\n\n\n<p class=\"has-vivid-cyan-blue-color has-text-color has-medium-font-size\">EL MUNDO<\/p>\n\n\n\n<p>Dos activistas se han pegado este s\u00e1bado a los marcos de los cuadros de&nbsp;<em>La maja desnuda<\/em>&nbsp;y de&nbsp;<em>La maja vestida&nbsp;<\/em>de&nbsp;<strong>Francisco de Goya&nbsp;<\/strong>expuestos en el&nbsp;<strong>Museo Nacional del Prado<\/strong>&nbsp;en Madrid en se\u00f1al de&nbsp;<strong>protesta por la emergencia clim\u00e1tica<\/strong>. En medio de ambas pinturas han escrito el mensaje &#8216;+1,5\u00ba&#8217;&nbsp;<strong>para \u00abalertar sobre la subida de temperatura mundial que provocar\u00e1 un clima inestable<\/strong>&nbsp;y graves consecuencias en todo el planeta\u00bb.<\/p>\n\n\n\n<p><strong>Los lienzos no han sufrido da\u00f1os, pero s\u00ed sus marcos<\/strong>, especialmente el de \u00abLa maja desnuda\u00bb, ha informado el Museo, que ha reabierto la sala en la que se exponen las pinturas.<\/p>\n\n\n\n<p>Las activistas pertenecen a la organizaci\u00f3n Futuro Vegetal, un&nbsp;<strong>movimiento adscrito a Rebeli\u00f3n o Extinci\u00f3n y Rebeli\u00f3n Cient\u00edfica<\/strong>&nbsp;que persigue la resoluci\u00f3n de la crisis clim\u00e1tica a trav\u00e9s de la adopci\u00f3n de un sistema agroalimentario basado en plantas.<\/p>\n\n\n\n<p>\u00abEstoy aqu\u00ed pegado porque la semana pasada la ONU hac\u00eda oficial que ya es imposible contener el calentamiento del planeta en 1,5\u00ba, sobrepasando los l\u00edmites marcados en el Acuerdo de Par\u00eds y comprometiendo nuestra seguridad alimentaria\u00bb, ha afirmado uno de los activistas.<\/p>\n\n\n\n<p>La otra joven que se ha pegado a la obra de Goya\u00a0<strong>ha exigido al Gobierno que termine con las subvenciones a la ganader\u00eda y las emplee para promocionar alternativas basadas en plantas<\/strong>\u00a0para afrontar escenarios como el de 2,5\u00ba que prev\u00e9 la ONU.<\/p>\n\n\n\n<p>PARA SABER M\u00c1S<\/p>\n\n\n\n<figure class=\"wp-block-image is-style-default\"><img decoding=\"async\" src=\"https:\/\/e00-elmundo.uecdn.es\/assets\/multimedia\/imagenes\/2022\/10\/21\/16663753762319.jpg\" alt=\"En mayo un activista arroj\u00f3 una tarta contra La Gioconda de Leonardo Da Vinci, el principal reclamo del Museo del Louvre de Par\u00eds.\"\/><\/figure>\n\n\n\n<p><\/p>\n\n\n\n<p><a href=\"https:\/\/www.elmundo.es\/cronica\/2022\/10\/24\/6352db48fc6c83d7478b45d2.html\">Dos Rockefeller, una Kennedy, una Getty y Abigail, nieta de los Disney, &#8216;pagan&#8217; los ataques &#8216;verdes&#8217;<\/a><\/p>\n\n\n\n<p>Las dos j\u00f3venes activistas han sido desalojadas \u00absin problemas\u00bb y la Polic\u00eda se las ha llevado, seg\u00fan han se\u00f1alado fuentes gubernamentales a Europa Press. El&nbsp;<strong>pegamento y la pintura en &#8216;spray&#8217;<\/strong>&nbsp;que han utilizado para la agresi\u00f3n a las obras eran&nbsp;<strong>de pl\u00e1stico para eludir el detector de metales<\/strong>, han detallado dichas fuentes.<\/p>\n\n\n\n<h2 class=\"wp-block-heading\">LA CONSEJERA DE CULTURA ALERT\u00d3 DE SU PREOCUPACI\u00d3N A ICETA<\/h2>\n\n\n\n<p>La consejera de Cultura, Turismo y Deporte de la Comunidad de Madrid,&nbsp;<strong>Marta Rivera de la Cruz<\/strong>, alert\u00f3 hace solo tres d\u00edas al ministro Miquel Iceta de la falta de vigilancia.<\/p>\n\n\n\n<p>En una carta fechada a 2 de noviembre, la consejera escrib\u00eda: \u00abMe pongo en contacto contigo para trasladarte&nbsp;<strong>mi preocupaci\u00f3n acerca de la falta de vigilantes de sala<\/strong>&nbsp;en diferentes museos estatales\u00bb.<\/p>\n\n\n\n<p>Rivera de la Cruz tambi\u00e9n apuntaba al momento \u00abcrucial\u00bb por los ataques vand\u00e1licos en otras pinacotecas para se\u00f1alar:&nbsp;<strong>\u00abme parece especialmente preocupante\u00bb<\/strong>.M\u00e1s en El Mundo<a href=\"https:\/\/www.elmundo.es\/deportes\/futbol\/2022\/11\/03\/636416fce4d4d8bc448b45c2.html\">Piqu\u00e9 se retira: el f\u00fatbol ya no le ofrece nada<\/a><a href=\"https:\/\/www.elmundo.es\/deportes\/mas-deporte\/2022\/11\/02\/636251f2fdddff68718b45ae.html\">Muere el luchador ruso Alexandr Pisarev presuntamente envenenado con opioides<\/a><\/p>\n\n\n\n<p>Hace apenas dos semanas, el Ministerio de Cultura anunci\u00f3 que&nbsp;<a href=\"https:\/\/www.elmundo.es\/cultura\/arte\/2022\/10\/25\/6357fd98fc6c839f198b45be.html\">iba a extremar la seguridad&nbsp;<\/a>de los museos espa\u00f1oles ante posibles ataques. El ministerio pidi\u00f3 a las&nbsp;<strong>pinacotecas que sean \u00abexhaustivas\u00bb en el cumplimiento<\/strong>&nbsp;de las normas de acceso como la prohibici\u00f3n de introducir elementos y bebidas en las salas, mochilas y bultos grandes, paraguas u objetos punzantes, etc\u00bb.<\/p>\n\n\n\n<p>Esta protesta se suma a otras que se han sucedido en las \u00faltimas semanas, como la de dos ecologistas que\u00a0<a href=\"https:\/\/www.elmundo.es\/cultura\/arte\/2022\/10\/14\/634941fae4d4d858418b45a1.html\">lanzaron sopa de tomate<\/a>\u00a0a\u00a0<em>Los Girasoles<\/em>\u00a0de Van Gogh, expuesto en la National Gallery de Londres, o la de los dos activistas que\u00a0<a href=\"https:\/\/www.elmundo.es\/cultura\/2022\/10\/23\/6355682021efa0614b8b45b8.html\">lanzaron pur\u00e9 de patata<\/a>\u00a0a un cuadro de Monet en Alemania.<\/p>\n\n\n\n<p>Fuente: https:\/\/www.elmundo.es\/cultura\/2022\/11\/05\/6366615ffc6c839f698b45de.html<\/p>\n","protected":false},"excerpt":{"rendered":"<p>La consejera Marta Rivera de la Cruz alert\u00f3 por carta a Iceta de la falta de vigilancia en las salas [&hellip;]<\/p>\n","protected":false},"author":1,"featured_media":40548,"comment_status":"open","ping_status":"open","sticky":false,"template":"","format":"standard","meta":{"site-sidebar-layout":"default","site-content-layout":"","ast-site-content-layout":"default","site-content-style":"default","site-sidebar-style":"default","ast-global-header-display":"","ast-banner-title-visibility":"","ast-main-header-display":"","ast-hfb-above-header-display":"","ast-hfb-below-header-display":"","ast-hfb-mobile-header-display":"","site-post-title":"","ast-breadcrumbs-content":"","ast-featured-img":"","footer-sml-layout":"","theme-transparent-header-meta":"","adv-header-id-meta":"","stick-header-meta":"","header-above-stick-meta":"","header-main-stick-meta":"","header-below-stick-meta":"","astra-migrate-meta-layouts":"default","ast-page-background-enabled":"default","ast-page-background-meta":{"desktop":{"background-color":"var(--ast-global-color-4)","background-image":"","background-repeat":"repeat","background-position":"center center","background-size":"auto","background-attachment":"scroll","background-type":"","background-media":"","overlay-type":"","overlay-color":"","overlay-opacity":"","overlay-gradient":""},"tablet":{"background-color":"","background-image":"","background-repeat":"repeat","background-position":"center center","background-size":"auto","background-attachment":"scroll","background-type":"","background-media":"","overlay-type":"","overlay-color":"","overlay-opacity":"","overlay-gradient":""},"mobile":{"background-color":"","background-image":"","background-repeat":"repeat","background-position":"center center","background-size":"auto","background-attachment":"scroll","background-type":"","background-media":"","overlay-type":"","overlay-color":"","overlay-opacity":"","overlay-gradient":""}},"ast-content-background-meta":{"desktop":{"background-color":"var(--ast-global-color-5)","background-image":"","background-repeat":"repeat","background-position":"center center","background-size":"auto","background-attachment":"scroll","background-type":"","background-media":"","overlay-type":"","overlay-color":"","overlay-opacity":"","overlay-gradient":""},"tablet":{"background-color":"var(--ast-global-color-5)","background-image":"","background-repeat":"repeat","background-position":"center center","background-size":"auto","background-attachment":"scroll","background-type":"","background-media":"","overlay-type":"","overlay-color":"","overlay-opacity":"","overlay-gradient":""},"mobile":{"background-color":"var(--ast-global-color-5)","background-image":"","background-repeat":"repeat","background-position":"center center","background-size":"auto","background-attachment":"scroll","background-type":"","background-media":"","overlay-type":"","overlay-color":"","overlay-opacity":"","overlay-gradient":""}},"footnotes":""},"categories":[8],"tags":[13620,13621,243],"class_list":["post-40547","post","type-post","status-publish","format-standard","has-post-thumbnail","hentry","category-noticias","tag-activistas","tag-las-majas-de-goya","tag-museo-del-prado"],"_links":{"self":[{"href":"https:\/\/losperiodistas.com.mx\/portal\/wp-json\/wp\/v2\/posts\/40547","targetHints":{"allow":["GET"]}}],"collection":[{"href":"https:\/\/losperiodistas.com.mx\/portal\/wp-json\/wp\/v2\/posts"}],"about":[{"href":"https:\/\/losperiodistas.com.mx\/portal\/wp-json\/wp\/v2\/types\/post"}],"author":[{"embeddable":true,"href":"https:\/\/losperiodistas.com.mx\/portal\/wp-json\/wp\/v2\/users\/1"}],"replies":[{"embeddable":true,"href":"https:\/\/losperiodistas.com.mx\/portal\/wp-json\/wp\/v2\/comments?post=40547"}],"version-history":[{"count":2,"href":"https:\/\/losperiodistas.com.mx\/portal\/wp-json\/wp\/v2\/posts\/40547\/revisions"}],"predecessor-version":[{"id":40550,"href":"https:\/\/losperiodistas.com.mx\/portal\/wp-json\/wp\/v2\/posts\/40547\/revisions\/40550"}],"wp:featuredmedia":[{"embeddable":true,"href":"https:\/\/losperiodistas.com.mx\/portal\/wp-json\/wp\/v2\/media\/40548"}],"wp:attachment":[{"href":"https:\/\/losperiodistas.com.mx\/portal\/wp-json\/wp\/v2\/media?parent=40547"}],"wp:term":[{"taxonomy":"category","embeddable":true,"href":"https:\/\/losperiodistas.com.mx\/portal\/wp-json\/wp\/v2\/categories?post=40547"},{"taxonomy":"post_tag","embeddable":true,"href":"https:\/\/losperiodistas.com.mx\/portal\/wp-json\/wp\/v2\/tags?post=40547"}],"curies":[{"name":"wp","href":"https:\/\/api.w.org\/{rel}","templated":true}]}}