{"id":4054,"date":"2021-02-01T03:03:59","date_gmt":"2021-02-01T09:03:59","guid":{"rendered":"http:\/\/losperiodistas.com.mx\/portal\/?p=4054"},"modified":"2021-02-01T03:03:59","modified_gmt":"2021-02-01T09:03:59","slug":"qanon-extiende-sus-tentaculos-en-alemania-el-mundo","status":"publish","type":"post","link":"https:\/\/losperiodistas.com.mx\/portal\/qanon-extiende-sus-tentaculos-en-alemania-el-mundo\/","title":{"rendered":"QAnon extiende sus tent\u00e1culos en Alemania | El Mundo"},"content":{"rendered":"\n<p style=\"font-size:18px\"><em>Berl\u00edn vigila la radicalizaci\u00f3n de miles de seguidores de esa teor\u00eda conspiratoria<\/em><\/p>\n\n\n\n<p class=\"has-vivid-cyan-blue-color has-text-color has-medium-font-size\">CARMEN VALERO \/ Berl\u00edn \/ EL MUNDO<\/p>\n\n\n\n<p>La&nbsp;<a href=\"https:\/\/www.elmundo.es\/ciencia-y-salud\/salud\/2021\/01\/31\/60164cd621efa033658b4649.html\">pandemia de coronavirus<\/a>&nbsp;ha servido de catalizador a movimientos de naturaleza insidiosa como&nbsp;<a href=\"https:\/\/www.elmundo.es\/papel\/historias\/2021\/01\/07\/5ff6e8bcfc6c832d508b45ca.html\">QAnon<\/a>, cuya misi\u00f3n es \u00absalvar el mundo\u00bb de un supuesto Estado profundo, ped\u00f3filo y can\u00edbal. Ahora que&nbsp;<a href=\"https:\/\/www.elmundo.es\/e\/do\/donald-trump.html\">Donald Trump<\/a>&nbsp;ha salido de la Casa Blanca, el movimiento se expande por Europa y Alemania entre&nbsp;<strong>negacionistas de variopinta procedencia<\/strong>&nbsp;y trav\u00e9s de las alcantarillas de la ultraderecha y de los grupos neonazis.<\/p>\n\n\n\n<p>La se\u00f1a de identidad por excelencia de los negacionistas en Alemania es la Q de QAnon pero tambi\u00e9n de&nbsp;<strong>Querdenker<\/strong>. Entre ambos movimientos hay un paso. QAnon naci\u00f3 de la extrema derecha estadounidense en 2017 y como tal le abren sus puertas sus pares europeos. Querdenker agrupa a&nbsp;<strong>esot\u00e9ricos, anarquistas, extremistas de izquierdas<\/strong>&nbsp;y, en general, personas que sienten una profunda desafecci\u00f3n y rechazo por las instituciones. Para ellos, el Estado es dictatorial y han llegado a compararse incluso con las v\u00edctimas de la persecuci\u00f3n nazi como&nbsp;<strong>Sophie Scholl<\/strong>. Se les ha visto en varias manifestaciones luciendo la estrella jud\u00eda.<\/p>\n\n\n\n<p>Querdenker dio la cara con las primeras restricciones por Covid-19 y desde entonces se ha trufado de mensajes&nbsp;<strong>antisemitas, racistas y xen\u00f3fobos<\/strong>, aunque su n\u00facleo y las acciones vand\u00e1licas que instigan son de extrema izquierda. En el estado federado de&nbsp;<strong>Baviera<\/strong>, los Querdenker o pensadores laterales ya est\u00e1n bajo observaci\u00f3n de la Oficina de Protecci\u00f3n de la Constituci\u00f3n, los servicios alemanes de Interior. Es el primer&nbsp;<em>Land<\/em>&nbsp;alem\u00e1n que dio ese paso.<\/p>\n\n\n\n<p>Salen juntos a las calles -cada uno con su Q y pancartas con el sol negro de los pueblos germ\u00e1nicos y s\u00edmbolo neopaganano, o banderas imperialistas- votantes de la populista\u00a0<strong>Alternativa para Alemania<\/strong>\u00a0(AfD), neonazis tan conocidos en este pa\u00eds como\u00a0<strong>Nikolai Nerling<\/strong>\u00a0e individuos o tan inclasificables como\u00a0<strong>Anselm Lenz<\/strong>, un anticapitalista que tambi\u00e9n niega la existencia del VIH. Y con Lenz, aunque la lista ser\u00eda interminable, el dramaturgo\u00a0<strong>Hendrik Sodenkamp y Batseba N&#8217;Diaye<\/strong>, viejos camaradas en la Casa Bartleby, centro contra la presi\u00f3n al trabajo que impone el capitalismo.<\/p>\n\n\n\n<h2 class=\"wp-block-heading\">UNOS 200.000 SEGUIDORES<\/h2>\n\n\n\n<p>La mezcla puede ser explosiva y el desembarco en Alemania de QAnon es&nbsp;<strong>un factor a\u00f1adido de radicalizaci\u00f3n<\/strong>&nbsp;que las autoridades de Interior se toman muy en serio. \u00abLos lazos transnacionales de neonazis son m\u00e1s de inspiraci\u00f3n que organizativos. No trazan planes conjuntos, pero crean un potencial de violencia\u00bb, sostiene&nbsp;<strong>Miro Dittrich<\/strong>, experto en redes de extrema derecha de la Fundaci\u00f3n Amadeu Antonio, pr\u00f3xima al Partido Liberal.<\/p>\n\n\n\n<p>Seg\u00fan fuentes de Interior consultadas por este diario,&nbsp;<strong>QAnon cuenta en este pa\u00eds con unos 200.000 seguidores<\/strong>aproximadamente, personas convencidas de que el planeta est\u00e1 gobernado en la sombra por una poderosas red de ped\u00f3filos y sat\u00e1nicos. Lo dice&nbsp;<em>Q<\/em>, persona an\u00f3nima que presuntamente tiene acceso a informaci\u00f3n clasificada. La Q equivale a&nbsp;<em>clearance<\/em>&nbsp;o acceso a material altamente secreto y restringido. Anon, a an\u00f3nimo. La persona llamada a liberar el mundo de este Estado profundo era Trump y por Trump se unieron los QAnon a otros \u00abpatriotas\u00bb como los&nbsp;<a href=\"https:\/\/www.elmundo.es\/internacional\/2020\/09\/30\/5f746602fc6c83b3378b45d5.html\">Proud Boys<\/a>&nbsp;en el asalto al Capitolio. Recibieron mensajes de apoyo desde Alemania, Francia, Suiza, Reino Unido y Espa\u00f1a.<\/p>\n\n\n\n<p>QAnon, declarado movimiento criminal por el FBI y mutilado por Twitter y Facebook con el cierre de miles de cuentas, est\u00e1 bien conectado. Ya en octubre, un mes antes de las elecciones en EEUU, se detectaron mensajes v\u00eda Telegram entre ellos y los Proud Boys, destacando el apoyo recibido los \u00faltimos meses desde Alemania.<\/p>\n\n\n\n<h2 class=\"wp-block-heading\">BERL\u00cdN, CENTRO DE OPERACIONES<\/h2>\n\n\n\n<p>\u00abMuchos de nuestros v\u00eddeos se han distribuido en Alemania. Agradecemos el apoyo a nuestro pa\u00eds.&nbsp;<strong>Estamos con los nacionalistas alemanes que no quieren migrantes<\/strong>&nbsp;que destruyan su pa\u00eds\u00bb, dec\u00eda el mensaje, que fue captado por el investigador de teor\u00edas de la conspiraci\u00f3n, antisemitismo y extrema derecha&nbsp;<strong>Josef Holnburger.<\/strong>&nbsp;Siguiendo el rastro de las cuentas, Holnburger, profesor de Ciencias Pol\u00edticas, se top\u00f3 incluso con un mensaje originado en Alemania asegurando que en este pa\u00eds se hab\u00eda probado que la CIA manipul\u00f3 las elecciones desde un base secreta en la ciudad de Fr\u00e1ncfort. El mensaje se hizo viral, lo divulg\u00f3 al menos una agrupaci\u00f3n local de AfD y, en EEUU el congresista&nbsp;<strong>Loui Gohmert<\/strong>, del partido Republicado de Texas, y&nbsp;<strong>Rudy Giuliani<\/strong>, abogado de Trump.<\/p>\n\n\n\n<p>Investigaciones desde diversos frentes y contrastadas por EL MUNDO sit\u00faan el centro de operaciones de QAnon en Berl\u00edn. Opera las plataformas un programador inform\u00e1tico alem\u00e1n bajo el nombre&nbsp;<em>Resignation Anon<\/em>. S\u00f3lo esa plataforma intoxica a 120.000 abonados, fundamentalmente en Alemania pero tambi\u00e9n en Austria y Suiza, desde donde QAnon disemina tambi\u00e9n sus teor\u00edas a Francia. Su principal propagandista es el nacionalista alban\u00e9s&nbsp;<strong>Leonardo Sojli<\/strong>, un viejo conocido en el oscuro mundo de las teor\u00edas conspirativas.<\/p>\n\n\n\n<figure class=\"wp-block-image\"><img decoding=\"async\" src=\"https:\/\/e00-elmundo.uecdn.es\/assets\/multimedia\/imagenes\/2021\/01\/31\/16121193212885.jpg\" alt=\"El cantante Xavier Naidoo.\"\/><figcaption>El cantante Xavier Naidoo.<strong>REUTERS<\/strong><\/figcaption><\/figure>\n\n\n\n<p>Pese a los controles cada vez m\u00e1s severos en las redes sociales, QAnon resiste. Voceros famosos no le faltan y su exponente en Alemania es el cantante&nbsp;<strong>Xavier Naidoo<\/strong>, un alem\u00e1n de padres africanos muy conocido y querido en este pa\u00eds hasta que el texto de sus canciones se llen\u00f3 de racismo y esl\u00f3ganes de extrema derecha. Con m\u00e1s de siete millones de discos en sus 20 a\u00f1os de carreta, Naidoo&nbsp;<strong>se dedica ahora a denunciar a UNICEF como parte de la trama ped\u00f3fila<\/strong>&nbsp;y a llorar por los miles de ni\u00f1os secuestrados en s\u00f3tanos para extraerles \u00abadrenocromo\u00bb. Se trata, dice, de una sustancia resultante del exceso de adrenalina que segregan los ni\u00f1os cuando son sometidos a abusos y tortura y, que por tener grandes propiedades de regeneraci\u00f3n, se ha convertido en el elixir de la juventud de los poderosos en&nbsp;<strong>Hollywood<\/strong>.<\/p>\n\n\n\n<h2 class=\"wp-block-heading\">DISTINTOS GRUPOS UNIDOS POR EL ANTISEMITISMO<\/h2>\n\n\n\n<p>Que el or\u00e1culo&nbsp;<em>Q<\/em>&nbsp;no tenga identidad conocida es evidente que da mucho juego, pero puestos a jugar, tambi\u00e9n es posible que&nbsp;<em>Q<\/em>&nbsp;sea una o varias personas dispuestas a convertir el mundo en un violento videojuego y ganar dinero.&nbsp;<strong>Da\u00f1o y caja ya est\u00e1n haciendo<\/strong>. Hasta el momento, sin embargo, la Oficina de Protecci\u00f3n de la Constituci\u00f3n alemana s\u00f3lo tiene a QAnon en el rabillo del ojo. M\u00e1s que el movimiento en s\u00ed, lo que interesa es saber si la extrema derecha y neonazis utilizan ese movimiento para sus fines.<\/p>\n\n\n\n<p>El comisionado del Gobierno para el Antisemitismo,&nbsp;<strong>Felix Klein<\/strong>, cree que los servicios secretos de Interior cometen un error.&nbsp;<strong>\u00abA todos estos grupos les une el antisemitismo y eso les hace enemigos del Estado\u00bb<\/strong>, subraya Klein. El ministro de Interior de Turingia, el socialdem\u00f3crata&nbsp;<strong>Georg Maier<\/strong>, opina lo mismo: \u00abQAnon es un movimiento antisemita, p\u00e9rfido y peligroso\u00bb, afirma. De los 200.000 seguidores QAnon en Alemania, al menos un millar est\u00e1n en ese&nbsp;<em>Land<\/em>, coincidentemente uno de los feudos de AfD en el pa\u00eds.<\/p>\n\n\n\n<p>La Q, por otro lado ya es marca comercial. Como en Estados Unidos, los QAnon piden donativos en sus p\u00e1ginas web para seguir la lucha y promueven campa\u00f1as como&nbsp;<em><strong>#Eltern stehen auf<\/strong><\/em><strong>&nbsp;(padres p\u00f3nganse de pie)<\/strong>&nbsp;contra la imposici\u00f3n de mascarillas y distancia social a los ni\u00f1os. Quien recibe esos donativos es tan misterioso como&nbsp;<em>Q<\/em>&nbsp;y sus fabricantes de camisetas, entre 15 y 20 euros la unidad en internet.<\/p>\n\n\n\n<p>Hacerse con prendas&nbsp;<em>Q<\/em>&nbsp;es f\u00e1cil, pero eso implica pertenecer al movimiento. Hay que superar varias pruebas y la primera es descifrar un c\u00f3digo. El m\u00e1s frecuente es&nbsp;<strong>WWG1WGA<\/strong>&nbsp;y es tan prosaico que cuesta creer que lo haya ideado alguien con acceso a informaci\u00f3n restringida. Son las abreviaciones en ingl\u00e9s de&nbsp;<em><strong>Where We Go One, We Go All<\/strong><\/em>, en castellano \u00abdonde va uno vamos todos\u00bb o, como dir\u00edan los Tres Mosqueteros \u00abuno para todos y todos para uno\u00bb.<\/p>\n\n\n\n<h2 class=\"wp-block-heading\">ESTRATEGIA EN EEUU Y EUROPA<\/h2>\n\n\n\n<p>La expansi\u00f3n de QAnon en Estados Unidos y en Europa responde a una estrategia digital. Utiliza&nbsp;<em>data void<\/em>, t\u00e9rmino vac\u00edo o con tan poco contenido que escapa a los buscadores de internet.&nbsp;<em><strong>Adrenochrom<\/strong><\/em>&nbsp;es un ejemplo. A medida que el t\u00e9rmino se llena de contenido a base de aportaciones se hace el relato y cuando m\u00e1s se reproduzca m\u00e1s veracidad cobra.&nbsp;<strong>Como en las sectas<\/strong>.<\/p>\n\n\n\n<p>Los&nbsp;<em>Querdenker<\/em>, para quienes la pandemia del Covid-19 es tambi\u00e9n una conspiraci\u00f3n mundial, aunque las riendas no est\u00e1n en manos de un supraestado ped\u00f3filo, sino de&nbsp;<strong>Bill Gates, George Soros<\/strong>&nbsp;y todos los millonarios capitalistas, es igualmente una peligrosa extravagancia. \u00abEstos grupos de iluminados son relativamente peque\u00f1os pero cada vez m\u00e1s radicales\u00bb, advierte el comisionado para Antisemitismo de Baden-W\u00fcrttemberg,&nbsp;<strong>Michel Blume<\/strong>. Y de ese proceso de radicalizaci\u00f3n, por otra parte muy t\u00edpico, es donde la extrema derecha m\u00e1s asentada busca tajada.<\/p>\n\n\n\n<p>La AfD es un vivo ejemplo. Su discurso no es oficialmente negacionista, pero considera las medidas adoptadas por el Gobierno injustificadas. Por casualidad o no,\u00a0<strong>la incidencia de coronavirus en los nichos electorales de AfD es superior al resto<\/strong>, en los\u00a0<em>L\u00e4nder<\/em>\u00a0m\u00e1s desfavorecidos y que anta\u00f1o formaron la RDA. \u00abLa rebeli\u00f3n contra la pol\u00edtica emprendida por las autoridades sanitarias para controlar la pandemia abre agujeros en la red de protecci\u00f3n all\u00ed donde hay m\u00e1s negacionistas\u00bb, afirma comisionado del Gobierno alem\u00e1n para asuntos del Este del pa\u00eds,\u00a0<strong>Marco Wanderwitz<\/strong>. Y eso, adem\u00e1s de ser un sabotaje a la pol\u00edtica salud p\u00fablica, cuesta vidas y dinero.<\/p>\n\n\n\n<p>Fuente: https:\/\/www.elmundo.es\/internacional\/2021\/02\/01\/6016c7dc21efa0195c8b45f4.html<\/p>\n","protected":false},"excerpt":{"rendered":"<p>Berl\u00edn vigila la radicalizaci\u00f3n de miles de seguidores de esa teor\u00eda conspiratoria CARMEN VALERO \/ Berl\u00edn \/ EL MUNDO La&nbsp;pandemia [&hellip;]<\/p>\n","protected":false},"author":1,"featured_media":4055,"comment_status":"open","ping_status":"open","sticky":false,"template":"","format":"standard","meta":{"site-sidebar-layout":"default","site-content-layout":"","ast-site-content-layout":"default","site-content-style":"default","site-sidebar-style":"default","ast-global-header-display":"","ast-banner-title-visibility":"","ast-main-header-display":"","ast-hfb-above-header-display":"","ast-hfb-below-header-display":"","ast-hfb-mobile-header-display":"","site-post-title":"","ast-breadcrumbs-content":"","ast-featured-img":"","footer-sml-layout":"","theme-transparent-header-meta":"","adv-header-id-meta":"","stick-header-meta":"","header-above-stick-meta":"","header-main-stick-meta":"","header-below-stick-meta":"","astra-migrate-meta-layouts":"default","ast-page-background-enabled":"default","ast-page-background-meta":{"desktop":{"background-color":"var(--ast-global-color-4)","background-image":"","background-repeat":"repeat","background-position":"center center","background-size":"auto","background-attachment":"scroll","background-type":"","background-media":"","overlay-type":"","overlay-color":"","overlay-opacity":"","overlay-gradient":""},"tablet":{"background-color":"","background-image":"","background-repeat":"repeat","background-position":"center center","background-size":"auto","background-attachment":"scroll","background-type":"","background-media":"","overlay-type":"","overlay-color":"","overlay-opacity":"","overlay-gradient":""},"mobile":{"background-color":"","background-image":"","background-repeat":"repeat","background-position":"center center","background-size":"auto","background-attachment":"scroll","background-type":"","background-media":"","overlay-type":"","overlay-color":"","overlay-opacity":"","overlay-gradient":""}},"ast-content-background-meta":{"desktop":{"background-color":"var(--ast-global-color-5)","background-image":"","background-repeat":"repeat","background-position":"center center","background-size":"auto","background-attachment":"scroll","background-type":"","background-media":"","overlay-type":"","overlay-color":"","overlay-opacity":"","overlay-gradient":""},"tablet":{"background-color":"var(--ast-global-color-5)","background-image":"","background-repeat":"repeat","background-position":"center center","background-size":"auto","background-attachment":"scroll","background-type":"","background-media":"","overlay-type":"","overlay-color":"","overlay-opacity":"","overlay-gradient":""},"mobile":{"background-color":"var(--ast-global-color-5)","background-image":"","background-repeat":"repeat","background-position":"center center","background-size":"auto","background-attachment":"scroll","background-type":"","background-media":"","overlay-type":"","overlay-color":"","overlay-opacity":"","overlay-gradient":""}},"footnotes":""},"categories":[8,1],"tags":[],"class_list":["post-4054","post","type-post","status-publish","format-standard","has-post-thumbnail","hentry","category-noticias","category-sin-categoria"],"_links":{"self":[{"href":"https:\/\/losperiodistas.com.mx\/portal\/wp-json\/wp\/v2\/posts\/4054","targetHints":{"allow":["GET"]}}],"collection":[{"href":"https:\/\/losperiodistas.com.mx\/portal\/wp-json\/wp\/v2\/posts"}],"about":[{"href":"https:\/\/losperiodistas.com.mx\/portal\/wp-json\/wp\/v2\/types\/post"}],"author":[{"embeddable":true,"href":"https:\/\/losperiodistas.com.mx\/portal\/wp-json\/wp\/v2\/users\/1"}],"replies":[{"embeddable":true,"href":"https:\/\/losperiodistas.com.mx\/portal\/wp-json\/wp\/v2\/comments?post=4054"}],"version-history":[{"count":1,"href":"https:\/\/losperiodistas.com.mx\/portal\/wp-json\/wp\/v2\/posts\/4054\/revisions"}],"predecessor-version":[{"id":4056,"href":"https:\/\/losperiodistas.com.mx\/portal\/wp-json\/wp\/v2\/posts\/4054\/revisions\/4056"}],"wp:featuredmedia":[{"embeddable":true,"href":"https:\/\/losperiodistas.com.mx\/portal\/wp-json\/wp\/v2\/media\/4055"}],"wp:attachment":[{"href":"https:\/\/losperiodistas.com.mx\/portal\/wp-json\/wp\/v2\/media?parent=4054"}],"wp:term":[{"taxonomy":"category","embeddable":true,"href":"https:\/\/losperiodistas.com.mx\/portal\/wp-json\/wp\/v2\/categories?post=4054"},{"taxonomy":"post_tag","embeddable":true,"href":"https:\/\/losperiodistas.com.mx\/portal\/wp-json\/wp\/v2\/tags?post=4054"}],"curies":[{"name":"wp","href":"https:\/\/api.w.org\/{rel}","templated":true}]}}