{"id":40529,"date":"2022-11-05T06:08:41","date_gmt":"2022-11-05T12:08:41","guid":{"rendered":"http:\/\/losperiodistas.com.mx\/portal\/?p=40529"},"modified":"2022-11-05T06:08:44","modified_gmt":"2022-11-05T12:08:44","slug":"enfrentamiento-con-huachicoleros-dejo-3-policias-muertos-en-chignahuapan-el-heraldo-de-mexico","status":"publish","type":"post","link":"https:\/\/losperiodistas.com.mx\/portal\/enfrentamiento-con-huachicoleros-dejo-3-policias-muertos-en-chignahuapan-el-heraldo-de-mexico\/","title":{"rendered":"Enfrentamiento con huachicoleros dej\u00f3 3 polic\u00edas muertos en Chignahuapan | El Heraldo de M\u00e9xico"},"content":{"rendered":"\n<h2 class=\"has-white-color has-vivid-red-background-color has-text-color has-background has-medium-font-size wp-block-heading\">Otros agentes fueron retenidos por personas armadas despu\u00e9s de que presuntamente descubrieron un autom\u00f3vil con huachicol en su interior<\/h2>\n\n\n\n<figure class=\"wp-block-image size-full is-style-default\"><img fetchpriority=\"high\" decoding=\"async\" width=\"960\" height=\"540\" src=\"https:\/\/losperiodistas.com.mx\/portal\/wp-content\/uploads\/2022\/11\/f960x540-610695_684770_15.jpeg\" alt=\"\" class=\"wp-image-40530\" srcset=\"https:\/\/losperiodistas.com.mx\/portal\/wp-content\/uploads\/2022\/11\/f960x540-610695_684770_15.jpeg 960w, https:\/\/losperiodistas.com.mx\/portal\/wp-content\/uploads\/2022\/11\/f960x540-610695_684770_15-300x169.jpeg 300w, https:\/\/losperiodistas.com.mx\/portal\/wp-content\/uploads\/2022\/11\/f960x540-610695_684770_15-768x432.jpeg 768w\" sizes=\"(max-width: 960px) 100vw, 960px\" \/><figcaption><em>Cr\u00e9ditos: Cuartoscuro<\/em><\/figcaption><\/figure>\n\n\n\n<p class=\"has-vivid-cyan-blue-color has-text-color has-medium-font-size\">GUSTAVO AZEM \/ EL HERALDO DE M\u00c9XICO<\/p>\n\n\n\n<p>Vecinos en la&nbsp;<strong>localidad de Chignahuapan<\/strong>, en el estado de Puebla, viven momentos de tensi\u00f3n despu\u00e9s de registrarse un&nbsp;<a href=\"https:\/\/heraldodemexico.com.mx\/nacional\/2022\/11\/4\/terror-en-zacatecas-intensa-balacera-en-jerez-deja-al-menos-heridos-454883.html\"><strong>enfrentamiento armado entre polic\u00edas y<\/strong>&nbsp;<strong>presuntos criminales<\/strong><\/a>&nbsp;que provoc\u00f3 la movilizaci\u00f3n de los servicios de emergencia a la zona de los hechos.&nbsp;<\/p>\n\n\n\n<p>Medios locales dieron a conocer que agentes de la Secretar\u00eda de Seguridad P\u00fablica del estado\u00a0<strong>acudieron a la comunidad de El Pared\u00f3n<\/strong>, donde le marcaron el alto y revisaron un veh\u00edculo con reporte de robo que\u00a0<strong>llevaba en su interior presunto combustible de origen il\u00edcito<\/strong>\u00a0o\u00a0<strong>huachicol<\/strong>.<\/p>\n\n\n\n<p>En primera instancia\u00a0<strong>habr\u00edan sido cerca de 50 personas armadas<\/strong>\u00a0las que retuvieron a estos agentes cuando presuntamente descubrieron los il\u00edcitos. En respuesta llegaron otras unidades de la\u00a0<strong>Polic\u00eda Municipal y Estatal<\/strong>, y para dispersarlos,\u00a0<strong><a href=\"https:\/\/heraldodemexico.com.mx\/nacional\/2022\/11\/2\/dia-de-muertos-sangriento-en-michoacan-suman-seis-personas-asesinadas-este-miercoles-454076.html\">presuntos criminales arremetieron a tiros<\/a><\/strong>, lo que\u00a0<strong><a href=\"https:\/\/heraldodemexico.com.mx\/nacional\/2022\/11\/4\/quien-es-el-ricky-lider-del-cartel-del-noreste-detenido-en-nuevo-leon-454665.html\">provoc\u00f3 un fuego cruzado<\/a>.<\/strong><\/p>\n\n\n\n<p><\/p>\n\n\n\n<p>Al momento se reportan un total de&nbsp;<strong>tres polic\u00edas municipales que perdieron&nbsp;la vida en el intercambio de balas<\/strong>, de los que no se han informado sus identidades, aunque el gobierno del municipio, a trav\u00e9s de su titular, Lorenzo Rivera Nava, inform\u00f3 que&nbsp;<strong>pronto habr\u00e1 m\u00e1s informaci\u00f3n<\/strong>&nbsp;al respecto.<\/p>\n\n\n\n<p>El\u00a0<strong>presidente municipal de Chignahuapan<\/strong>\u00a0inform\u00f3 a trav\u00e9s de las redes sociales que contin\u00faan los operativos en la zona, donde participan en conjunto las\u00a0<strong>autoridades del estado, la Guardia Nacional y la Secretar\u00eda de la Defensa Nacional<\/strong>\u00a0(Sedena). La vigilancia, indic\u00f3, continuar\u00e1<strong>\u00a0en pro de la seguridad de la ciudadan\u00eda<\/strong>.<\/p>\n\n\n\n<p>Fuente: https:\/\/heraldodemexico.com.mx\/nacional\/2022\/11\/5\/enfrentamiento-con-huachicoleros-dejo-policias-muertos-en-chignahuapan-454921.html<\/p>\n","protected":false},"excerpt":{"rendered":"<p>Otros agentes fueron retenidos por personas armadas despu\u00e9s de que presuntamente descubrieron un autom\u00f3vil con huachicol en su interior GUSTAVO [&hellip;]<\/p>\n","protected":false},"author":1,"featured_media":40530,"comment_status":"open","ping_status":"open","sticky":false,"template":"","format":"standard","meta":{"site-sidebar-layout":"default","site-content-layout":"","ast-site-content-layout":"default","site-content-style":"default","site-sidebar-style":"default","ast-global-header-display":"","ast-banner-title-visibility":"","ast-main-header-display":"","ast-hfb-above-header-display":"","ast-hfb-below-header-display":"","ast-hfb-mobile-header-display":"","site-post-title":"","ast-breadcrumbs-content":"","ast-featured-img":"","footer-sml-layout":"","theme-transparent-header-meta":"","adv-header-id-meta":"","stick-header-meta":"","header-above-stick-meta":"","header-main-stick-meta":"","header-below-stick-meta":"","astra-migrate-meta-layouts":"default","ast-page-background-enabled":"default","ast-page-background-meta":{"desktop":{"background-color":"var(--ast-global-color-4)","background-image":"","background-repeat":"repeat","background-position":"center center","background-size":"auto","background-attachment":"scroll","background-type":"","background-media":"","overlay-type":"","overlay-color":"","overlay-opacity":"","overlay-gradient":""},"tablet":{"background-color":"","background-image":"","background-repeat":"repeat","background-position":"center center","background-size":"auto","background-attachment":"scroll","background-type":"","background-media":"","overlay-type":"","overlay-color":"","overlay-opacity":"","overlay-gradient":""},"mobile":{"background-color":"","background-image":"","background-repeat":"repeat","background-position":"center center","background-size":"auto","background-attachment":"scroll","background-type":"","background-media":"","overlay-type":"","overlay-color":"","overlay-opacity":"","overlay-gradient":""}},"ast-content-background-meta":{"desktop":{"background-color":"var(--ast-global-color-5)","background-image":"","background-repeat":"repeat","background-position":"center center","background-size":"auto","background-attachment":"scroll","background-type":"","background-media":"","overlay-type":"","overlay-color":"","overlay-opacity":"","overlay-gradient":""},"tablet":{"background-color":"var(--ast-global-color-5)","background-image":"","background-repeat":"repeat","background-position":"center center","background-size":"auto","background-attachment":"scroll","background-type":"","background-media":"","overlay-type":"","overlay-color":"","overlay-opacity":"","overlay-gradient":""},"mobile":{"background-color":"var(--ast-global-color-5)","background-image":"","background-repeat":"repeat","background-position":"center center","background-size":"auto","background-attachment":"scroll","background-type":"","background-media":"","overlay-type":"","overlay-color":"","overlay-opacity":"","overlay-gradient":""}},"footnotes":""},"categories":[8],"tags":[5989,13613,2127,5078],"class_list":["post-40529","post","type-post","status-publish","format-standard","has-post-thumbnail","hentry","category-noticias","tag-chignahuapan","tag-enfrentamientos","tag-guardia-nacional","tag-huachicol"],"_links":{"self":[{"href":"https:\/\/losperiodistas.com.mx\/portal\/wp-json\/wp\/v2\/posts\/40529","targetHints":{"allow":["GET"]}}],"collection":[{"href":"https:\/\/losperiodistas.com.mx\/portal\/wp-json\/wp\/v2\/posts"}],"about":[{"href":"https:\/\/losperiodistas.com.mx\/portal\/wp-json\/wp\/v2\/types\/post"}],"author":[{"embeddable":true,"href":"https:\/\/losperiodistas.com.mx\/portal\/wp-json\/wp\/v2\/users\/1"}],"replies":[{"embeddable":true,"href":"https:\/\/losperiodistas.com.mx\/portal\/wp-json\/wp\/v2\/comments?post=40529"}],"version-history":[{"count":1,"href":"https:\/\/losperiodistas.com.mx\/portal\/wp-json\/wp\/v2\/posts\/40529\/revisions"}],"predecessor-version":[{"id":40531,"href":"https:\/\/losperiodistas.com.mx\/portal\/wp-json\/wp\/v2\/posts\/40529\/revisions\/40531"}],"wp:featuredmedia":[{"embeddable":true,"href":"https:\/\/losperiodistas.com.mx\/portal\/wp-json\/wp\/v2\/media\/40530"}],"wp:attachment":[{"href":"https:\/\/losperiodistas.com.mx\/portal\/wp-json\/wp\/v2\/media?parent=40529"}],"wp:term":[{"taxonomy":"category","embeddable":true,"href":"https:\/\/losperiodistas.com.mx\/portal\/wp-json\/wp\/v2\/categories?post=40529"},{"taxonomy":"post_tag","embeddable":true,"href":"https:\/\/losperiodistas.com.mx\/portal\/wp-json\/wp\/v2\/tags?post=40529"}],"curies":[{"name":"wp","href":"https:\/\/api.w.org\/{rel}","templated":true}]}}