{"id":4051,"date":"2021-02-01T02:54:18","date_gmt":"2021-02-01T08:54:18","guid":{"rendered":"http:\/\/losperiodistas.com.mx\/portal\/?p=4051"},"modified":"2021-02-01T02:54:18","modified_gmt":"2021-02-01T08:54:18","slug":"unam-advierte-sobre-la-crisis-de-basura-que-la-pandemia-de-coronavirus-ha-causado-en-mexico-rt","status":"publish","type":"post","link":"https:\/\/losperiodistas.com.mx\/portal\/unam-advierte-sobre-la-crisis-de-basura-que-la-pandemia-de-coronavirus-ha-causado-en-mexico-rt\/","title":{"rendered":"UNAM advierte sobre la &#8216;crisis&#8217; de basura que la pandemia de coronavirus ha causado en M\u00e9xico | RT"},"content":{"rendered":"\n<p style=\"font-size:18px\"><em>La producci\u00f3n de desechos dom\u00e9sticos ha aumentado entre un 3,5 y un 17 % debido al uso excesivo de productos pl\u00e1sticos desechables.<\/em><\/p>\n\n\n\n<p class=\"has-vivid-cyan-blue-color has-text-color has-medium-font-size\">RT<\/p>\n\n\n\n<p>Nancy Jim\u00e9nez Mart\u00ednez, investigadora del Centro Regional de Investigaciones Multidisciplinarias de la Universidad Nacional Aut\u00f3noma de M\u00e9xico (UNAM), advirti\u00f3 que la pandemia de coronavirus ha provocado en el pa\u00eds un grave problema ecol\u00f3gico, causado por un \u00absignificativo\u00bb aumento en la producci\u00f3n de basura, aunado a un deficiente sistema de recolecci\u00f3n y tratamiento de los desechos.<\/p>\n\n\n\n<p>Como resultado de las medidas de confinamiento aplicadas para contener la transmisi\u00f3n del coronavirus, la producci\u00f3n de residuos y desechos dom\u00e9sticos ha aumentado<strong>&nbsp;entre un 3,5&nbsp;y 17 %<\/strong>, dependiendo de la regi\u00f3n del pa\u00eds,&nbsp;<a href=\"https:\/\/www.dgcs.unam.mx\/boletin\/bdboletin\/2021_080.html\" target=\"_blank\" rel=\"noreferrer noopener\">detall\u00f3<\/a>&nbsp;la UNAM en un bolet\u00edn publicado este domingo.<\/p>\n\n\n\n<p>Esta situaci\u00f3n, se\u00f1al\u00f3 la acad\u00e9mica, es producto del dr\u00e1stico aumento en el consumo de productos pl\u00e1sticos de un solo uso, tales como vasos, cubiertos o vajillas desechables, as\u00ed como por el uso desmedido de envoltorios y empaquetados \u00abf\u00e1ciles de desinfectar\u00bb, los cuales aportan una sensaci\u00f3n de seguridad ante el coronavirus.<\/p>\n\n\n\n<p>Del mismo modo, explic\u00f3 Jim\u00e9nez, los desechos de tipo biol\u00f3gico-infeccioso producidos por los hospitales han registrado un crecimiento exponencial. \u00abSin covid gener\u00e1bamos 1,5 kilos [de basura] por persona en los hospitales, en junio de 2020 alcanzamos un nivel que lleg\u00f3 a&nbsp;<strong>16.000 toneladas<\/strong>, y en el escenario cr\u00edtico que hoy estamos se han alcanzado&nbsp;<strong>29.000 toneladas<\/strong>&nbsp;de residuos\u00bb, lo que representa un aumento del&nbsp;<strong>300 %<\/strong>.<\/p>\n\n\n\n<figure class=\"wp-block-image\"><img decoding=\"async\" src=\"https:\/\/cdni.rt.com\/actualidad\/public_images\/2021.01\/thumbnail\/6010e5ad59bf5b1efa7f8854.JPG\" alt=\"Revelan que la contaminaci\u00f3n ambiental est\u00e1 ligada a la ceguera progresiva\"\/><\/figure>\n\n\n\n<p><a href=\"https:\/\/actualidad.rt.com\/actualidad\/381520-contaminacion-ambiental-ligada-ceguera-progresiva\">Revelan que la contaminaci\u00f3n ambiental est\u00e1 ligada a la ceguera progresiva<\/a><\/p>\n\n\n\n<p>Asimismo, la investigadora destac\u00f3 el hecho de que en M\u00e9xico uno de cada 10 municipios \u00abno presta un servicio p\u00fablico de acopio de basura\u00bb, por lo que cerca del&nbsp;<strong>16 %<\/strong>&nbsp;de los desechos \u00abquedan por ah\u00ed, y ni siquiera son recolectados\u00bb. Esta situaci\u00f3n, asegur\u00f3, se agrava al considerar que la gran mayor\u00eda \u00abde los sitios de disposici\u00f3n final corresponden a tiraderos o basureros a cielo abierto\u00bb, y \u00fanicamente el&nbsp;<strong>3,7 %<\/strong>&nbsp;cumplen con la normativa ambiental mexicana.<\/p>\n\n\n\n<p>Ante este panorama, la investigadora ha instado a las autoridades a responder a la emergencia ecol\u00f3gica que se vive actualmente, \u00aba fin de mitigar los riesgos a la salud y aminorar los efectos al medio ambiente que provoca la pandemia\u00bb.<\/p>\n\n\n\n<figure class=\"wp-block-image\"><img decoding=\"async\" src=\"https:\/\/i.ytimg.com\/vi\/JunOOIimbtA\/sddefault.jpg\" alt=\"\"\/><figcaption><br><\/figcaption><\/figure>\n\n\n\n<p>Fuente: https:\/\/actualidad.rt.com\/actualidad\/382075-cientificos-advierten-crisis-basura-pandemia-causa-mexico<\/p>\n","protected":false},"excerpt":{"rendered":"<p>La producci\u00f3n de desechos dom\u00e9sticos ha aumentado entre un 3,5 y un 17 % debido al uso excesivo de productos [&hellip;]<\/p>\n","protected":false},"author":1,"featured_media":4052,"comment_status":"open","ping_status":"open","sticky":false,"template":"","format":"standard","meta":{"site-sidebar-layout":"default","site-content-layout":"","ast-site-content-layout":"default","site-content-style":"default","site-sidebar-style":"default","ast-global-header-display":"","ast-banner-title-visibility":"","ast-main-header-display":"","ast-hfb-above-header-display":"","ast-hfb-below-header-display":"","ast-hfb-mobile-header-display":"","site-post-title":"","ast-breadcrumbs-content":"","ast-featured-img":"","footer-sml-layout":"","theme-transparent-header-meta":"","adv-header-id-meta":"","stick-header-meta":"","header-above-stick-meta":"","header-main-stick-meta":"","header-below-stick-meta":"","astra-migrate-meta-layouts":"default","ast-page-background-enabled":"default","ast-page-background-meta":{"desktop":{"background-color":"var(--ast-global-color-4)","background-image":"","background-repeat":"repeat","background-position":"center center","background-size":"auto","background-attachment":"scroll","background-type":"","background-media":"","overlay-type":"","overlay-color":"","overlay-opacity":"","overlay-gradient":""},"tablet":{"background-color":"","background-image":"","background-repeat":"repeat","background-position":"center center","background-size":"auto","background-attachment":"scroll","background-type":"","background-media":"","overlay-type":"","overlay-color":"","overlay-opacity":"","overlay-gradient":""},"mobile":{"background-color":"","background-image":"","background-repeat":"repeat","background-position":"center center","background-size":"auto","background-attachment":"scroll","background-type":"","background-media":"","overlay-type":"","overlay-color":"","overlay-opacity":"","overlay-gradient":""}},"ast-content-background-meta":{"desktop":{"background-color":"var(--ast-global-color-5)","background-image":"","background-repeat":"repeat","background-position":"center center","background-size":"auto","background-attachment":"scroll","background-type":"","background-media":"","overlay-type":"","overlay-color":"","overlay-opacity":"","overlay-gradient":""},"tablet":{"background-color":"var(--ast-global-color-5)","background-image":"","background-repeat":"repeat","background-position":"center center","background-size":"auto","background-attachment":"scroll","background-type":"","background-media":"","overlay-type":"","overlay-color":"","overlay-opacity":"","overlay-gradient":""},"mobile":{"background-color":"var(--ast-global-color-5)","background-image":"","background-repeat":"repeat","background-position":"center center","background-size":"auto","background-attachment":"scroll","background-type":"","background-media":"","overlay-type":"","overlay-color":"","overlay-opacity":"","overlay-gradient":""}},"footnotes":""},"categories":[8],"tags":[],"class_list":["post-4051","post","type-post","status-publish","format-standard","has-post-thumbnail","hentry","category-noticias"],"_links":{"self":[{"href":"https:\/\/losperiodistas.com.mx\/portal\/wp-json\/wp\/v2\/posts\/4051","targetHints":{"allow":["GET"]}}],"collection":[{"href":"https:\/\/losperiodistas.com.mx\/portal\/wp-json\/wp\/v2\/posts"}],"about":[{"href":"https:\/\/losperiodistas.com.mx\/portal\/wp-json\/wp\/v2\/types\/post"}],"author":[{"embeddable":true,"href":"https:\/\/losperiodistas.com.mx\/portal\/wp-json\/wp\/v2\/users\/1"}],"replies":[{"embeddable":true,"href":"https:\/\/losperiodistas.com.mx\/portal\/wp-json\/wp\/v2\/comments?post=4051"}],"version-history":[{"count":1,"href":"https:\/\/losperiodistas.com.mx\/portal\/wp-json\/wp\/v2\/posts\/4051\/revisions"}],"predecessor-version":[{"id":4053,"href":"https:\/\/losperiodistas.com.mx\/portal\/wp-json\/wp\/v2\/posts\/4051\/revisions\/4053"}],"wp:featuredmedia":[{"embeddable":true,"href":"https:\/\/losperiodistas.com.mx\/portal\/wp-json\/wp\/v2\/media\/4052"}],"wp:attachment":[{"href":"https:\/\/losperiodistas.com.mx\/portal\/wp-json\/wp\/v2\/media?parent=4051"}],"wp:term":[{"taxonomy":"category","embeddable":true,"href":"https:\/\/losperiodistas.com.mx\/portal\/wp-json\/wp\/v2\/categories?post=4051"},{"taxonomy":"post_tag","embeddable":true,"href":"https:\/\/losperiodistas.com.mx\/portal\/wp-json\/wp\/v2\/tags?post=4051"}],"curies":[{"name":"wp","href":"https:\/\/api.w.org\/{rel}","templated":true}]}}