{"id":4048,"date":"2021-02-01T02:48:58","date_gmt":"2021-02-01T08:48:58","guid":{"rendered":"http:\/\/losperiodistas.com.mx\/portal\/?p=4048"},"modified":"2021-02-01T02:48:58","modified_gmt":"2021-02-01T08:48:58","slug":"vanessa-springora-la-escritora-que-destapo-uno-de-los-mayores-escandalos-de-pedofilia-del-metoo-frances-bbc","status":"publish","type":"post","link":"https:\/\/losperiodistas.com.mx\/portal\/vanessa-springora-la-escritora-que-destapo-uno-de-los-mayores-escandalos-de-pedofilia-del-metoo-frances-bbc\/","title":{"rendered":"Vanessa Springora, la escritora que destap\u00f3 uno de los mayores esc\u00e1ndalos de pedofilia del #MeToo franc\u00e9s | BBC"},"content":{"rendered":"\n<p class=\"has-vivid-cyan-blue-color has-text-color has-medium-font-size\">LUC\u00cdA BLASCO \/ BBC Mundo<\/p>\n\n\n\n<p><strong>Cuando se conocieron, V. ten\u00eda 13 a\u00f1os y G. estaba a punto de cumplir 50. La ni\u00f1a so\u00f1aba con ser escritora, \u00e9l era un prol\u00edfico escritor, un&nbsp;<\/strong><em><strong>enfant terrible<\/strong><\/em><strong>&nbsp;de la \u00e9lite literaria parisina premiado por la Academia Francesa.<\/strong><\/p>\n\n\n\n<p>Un a\u00f1o despu\u00e9s, el escritor inici\u00f3 una relaci\u00f3n con su \u00abguapa colegiala\u00bb, \u00absu ni\u00f1a bonita\u00bb. No era la primera ni la \u00faltima adolescente a la que seducir\u00eda. Luego lo contar\u00e1 en libros que recibir\u00e1n aplausos. Era el a\u00f1o 1987.<\/p>\n\n\n\n<p>Ella qued\u00f3 marcada por el abuso sexual y psicol\u00f3gico, una \u00abjaula\u00bb, dice, de la que tres d\u00e9cadas m\u00e1s tarde logr\u00f3 liberarse con una novela. Fue el resorte que abri\u00f3 la caja de Pandora del escarnio p\u00fablico a un ped\u00f3filo confeso, hoy octogenario, que enfrenta una investigaci\u00f3n judicial.<\/p>\n\n\n\n<p>Pero comencemos por el principio&#8230;<\/p>\n\n\n\n<h2 class=\"wp-block-heading\" id=\"La-seducci\u00f3n\">La seducci\u00f3n<\/h2>\n\n\n\n<p><strong>Vanessa Springora\u00a0<\/strong>escribe su duro y audaz relato autobiogr\u00e1fico\u00a0<em><strong>Le consentement\u00a0<\/strong><\/em>(\u00abEl consentimiento\u00bb, 2020) con iniciales que hoy tienen nombres y apellidos.<\/p>\n\n\n\n<p>G. no era otro que el c\u00e9lebre escritor&nbsp;<strong>Gabriel Matzneff<\/strong>.<\/p>\n\n\n\n<p>\u00abUn hombre guapo, de edad indeterminada, aunque totalmente calvo, con una calvicie muy cuidada que le da cierto aire de bonzo\u00bb, narra desde el recuerdo adolescente sobre su primer encuentro con \u00e9l, en un evento literario al que le invita su madre.<\/p>\n\n\n\n<p>\u00abSu mirada no deja de espiar cada uno de mis gestos, y cuando me atrevo por fin a girarme hacia \u00e9l, me sonr\u00ede\u00bb.<\/p>\n\n\n\n<figure class=\"wp-block-image\"><img decoding=\"async\" src=\"https:\/\/ichef.bbci.co.uk\/news\/640\/cpsprodpb\/DE8D\/production\/_116637965_gettyimages-543910460.jpg\" alt=\"Gabriel Matzneff en 1987\"\/><figcaption>Pie de foto,&nbsp;Gabriel Matzneff en 1987, el a\u00f1o en que comenz\u00f3 su relaci\u00f3n con Springora, que entonces ten\u00eda14.<\/figcaption><\/figure>\n\n\n\n<p>Poco despu\u00e9s recibir\u00e1 una carta que sugiere un encuentro con \u00e9l. Ella est\u00e1 asustada, pero \u00e9l le convence para ir a su casa. El encuentro sexual no tarda en llegar.<\/p>\n\n\n\n<p><strong>\u00abAs\u00ed pierdo la primera parte de mi virginidad. &#8216;Como un ni\u00f1o&#8217;, desliza sobre m\u00ed en un susurro\u00bb<\/strong>.<\/p>\n\n\n\n<p>Es la parte del relato que m\u00e1s le cost\u00f3 escribir a la protagonista de la historia.<\/p>\n\n\n\n<p>\u00abLo m\u00e1s dif\u00edcil para m\u00ed, que soy una persona bastante p\u00fadica, fue hablar sobre mi sexualidad. No quer\u00eda hacer algo voyeurista ni demasiado crudo, ni violentar el pudor del lector\u00bb, le cuenta a BBC Mundo.<\/p>\n\n\n\n<p>Pero el libro de Springora va mucho m\u00e1s all\u00e1 del sexo.<\/p>\n\n\n\n<p>\u00abEs una historia de<strong>&nbsp;dominaci\u00f3n de un adulto sobre una adolescente<\/strong>. La carta de autoridad que ten\u00eda esa persona de m\u00e1s edad que mi padre, que adem\u00e1s era un escritor conocido, con un aura de celebridad, de intelectual, de artista\u00bb.<\/p>\n\n\n\n<p>El c\u00f3ctel explosivo de un padre ausente y una adolescencia solitaria la convierten en la \u00abpresa ideal\u00bb del ped\u00f3filo. \u00abLa carencia de amor como una sed que se lo bebe todo\u00bb, resume en unas l\u00edneas del relato.<\/p>\n\n\n\n<p>La novela evoluciona en una reflexi\u00f3n retrospectiva sobre su relaci\u00f3n con Matzneff y&nbsp;<strong>las zonas grises del consentimiento<\/strong>&nbsp;en un pa\u00eds que ensalz\u00f3 por muchos a\u00f1os a un autor que proclamaba sin tapujos su pedofilia.<\/p>\n\n\n\n<h2 class=\"wp-block-heading\" id=\"La-complacencia\">La complacencia<\/h2>\n\n\n\n<p>Matzneff, hoy de 84 a\u00f1os, declara en su obra literaria su inclinaci\u00f3n sexual hacia los adolescentes y sus sucesivas relaciones con menores de edad.<\/p>\n\n\n\n<p>\u00abSus libros demuestran que hizo apolog\u00eda de la pedofilia. Hay pasajes terribles sobre prostituci\u00f3n infantil (en sus viajes a Filipinas) y la vida privada y sexual de ni\u00f1as menores de edad con las que tuvo relaciones\u00bb, dice Springora.<\/p>\n\n\n\n<p>Mientras tanto, al escritor le llov\u00edan premios y condecoraciones.<\/p>\n\n\n\n<figure class=\"wp-block-image\"><img decoding=\"async\" src=\"https:\/\/ichef.bbci.co.uk\/news\/640\/cpsprodpb\/1153D\/production\/_116637907_gettyimages-1212687256.jpg\" alt=\"Gabriel Matzneff en 1995\"\/><figcaption>Pie de foto,&nbsp;Matzneff en 1995, a\u00f1o en que Jacques Chirac le concedi\u00f3 la condecoraci\u00f3n de Oficial de Honor de la Orden de las Artes y las Letras.<\/figcaption><\/figure>\n\n\n\n<p>Matzneff no dudaba en exponer \u2014 en libros y en plat\u00f3s de televisi\u00f3n\u2014 su preferencia por los \u00abculos frescos\u00bb y por \u00abpersonas que a\u00fan no se han endurecido y que siguen siendo amables\u00bb.&nbsp;<\/p>\n\n\n\n<p>Concretamente,&nbsp;<strong>ni\u00f1as (y ni\u00f1os) menores de 16<\/strong>.<\/p>\n\n\n\n<p>El ensayo&nbsp;<em>Les moins de seize ans&nbsp;<\/em>(\u00abLos menores de diecis\u00e9is a\u00f1os\u00bb), escrito en 1974 y reeditado en 2015, o&nbsp;<em>Mes amour decomposes<\/em>&nbsp;(\u00abMis amores descompuestos\u00bb), de 1992, dan constancia de ello.<\/p>\n\n\n\n<p>\u00abLo que me cautiva no es tanto un sexo concreto como&nbsp;<strong>la extrema juventud<\/strong>, esa que se da entre los 10 y los 16 a\u00f1os, y que me parece \u2014mucho m\u00e1s de lo que suele entenderse por esta expresi\u00f3n\u2014<strong>&nbsp;el verdadero tercer sexo<\/strong>\u00ab, escribi\u00f3 sin pudor.<\/p>\n\n\n\n<p>En Francia es ilegal que un adulto mantenga relaciones sexuales con un menor de 15 a\u00f1os. Sin embargo, Matzneff se atrev\u00eda a reclamar la abolici\u00f3n de la mayor\u00eda de edad sexual.<\/p>\n\n\n\n<p>En 1977, redact\u00f3 una carta abierta en el diario&nbsp;<em>Le Monde<\/em>&nbsp;firmada por una larga lista de intelectuales \u2014Jean-Paul Sartre, Gilles Deleuze, Roland Barthes, entre otros fil\u00f3sofos de renombre\u2014 a favor de la despenalizaci\u00f3n de las relaciones sexuales entre menores y adultos.<\/p>\n\n\n\n<p>A Springora le llama la atenci\u00f3n<strong>&nbsp;la complacencia por parte de la \u00e9lite pol\u00edtica e intelectual<\/strong>.&nbsp;<\/p>\n\n\n\n<p>\u00ab\u00bfC\u00f3mo es posible que se publicaran todos esos libros y que un ped\u00f3filo declarado gozara de consentimiento p\u00fablico?\u00bb, se pregunta.<img decoding=\"async\" src=\"https:\/\/news.files.bbci.co.uk\/include\/idt2\/assets\/7d439fa9-2028-4708-ab0b-f445eec19674\" alt=\"Portada del libro &quot;Le Consentement&quot;\">Getty ImagesSi las relaciones sexuales entre un adulto y un menor de 15 a\u00f1os son ilegales, \u00bfpor qu\u00e9 esa tolerancia cuando son obra del representante de una \u00e9lite?\u00bb (p.182)<\/p>\n\n\n\n<p>Su propia madre, al principio reacia a su relaci\u00f3n con Matzneff pero que despu\u00e9s \u00abacaba aceptando las cosas como se presentan\u00bb, tambi\u00e9n fue complaciente. La hija se lo reproch\u00f3 con el tiempo.<\/p>\n\n\n\n<p>Springora acusa a la sociedad francesa de haber mirado para otro lado por ser Gabriel Matzneff un escritor de culto. Es<strong>&nbsp;\u00abla complacencia de toda una \u00e9poca\u00bb<\/strong>, se\u00f1ala.<\/p>\n\n\n\n<p>\u00abLo que busco con la novela es provocar un debate y una reflexi\u00f3n sobre c\u00f3mo pudo haber ocurrido, explicar el dominio sobre una adolescente y la ambig\u00fcedad del consentimiento, y<strong>&nbsp;cuestionar los ambientes literarios y los medios que le dieron voz durante&nbsp;<\/strong><strong>d\u00e9cadas<\/strong>\u00ab.<\/p>\n\n\n\n<p>Pasaron d\u00e9cadas tambi\u00e9n hasta que ella hizo o\u00edr su voz.<\/p>\n\n\n\n<h2 class=\"wp-block-heading\" id=\"30-a\u00f1os-despu\u00e9s\">30 a\u00f1os despu\u00e9s&#8230;<\/h2>\n\n\n\n<p>\u00abUna vez que lo escrib\u00ed, lo guard\u00e9 un tiempo sin publicar porque ten\u00eda miedo de ser atacada por grupos influyentes del c\u00edrculo literario parisino que proteg\u00edan a Gabriel Matzneff\u00bb, cuenta Springora sobre su larga demora a la hora de publicar&nbsp;<em>Le Consentement.<\/em><\/p>\n\n\n\n<p>\u00abTem\u00eda que cuestionaran la legitimidad de mi testimonio, pese a que las obras de Matzneff lo validan.&nbsp;<strong>Me sent\u00eda intimidada<\/strong>\u00ab.<\/p>\n\n\n\n<figure class=\"wp-block-image\"><img decoding=\"async\" src=\"https:\/\/ichef.bbci.co.uk\/news\/640\/cpsprodpb\/822B\/production\/_116632333_elconsentimiento.jpg\" alt=\"Portada del libro &quot;El consentimiento&quot;\"\/><figcaption>Pie de foto,&nbsp;Le Consentement (\u00abEl consentimiento\u00bb) ha sido traducido a m\u00e1s de 20 idiomas.<\/figcaption><\/figure>\n\n\n\n<p>\u00abAdem\u00e1s, no habr\u00eda podido hacerlo antes porque no estaba preparada,&nbsp;<strong>ten\u00eda que tomar distancia.<\/strong>&nbsp;Y quer\u00eda proteger a mi familia, sobre todo a mi hijo (ahora adolescente)\u00bb.<\/p>\n\n\n\n<p>Ella cree que, de haberlo publicado antes, su juventud y falta de experiencia \u2014 hoy es directora de la prestigiosa editorial Julliard en Par\u00eds\u2014habr\u00edan jugado en su contra.&nbsp;<\/p>\n\n\n\n<p>Matzneff todav\u00eda niega que entre \u00e9l y Springora existiera nada m\u00e1s que\u00bbun amor excepcional\u00bb.&nbsp;<\/p>\n\n\n\n<p>En una tribuna al diario&nbsp;<em>L&#8217;Express&nbsp;<\/em>el mismo d\u00eda que&nbsp;<em>Le Consentement&nbsp;<\/em>sali\u00f3 a la venta asegur\u00f3 que ella buscaba retratarlo como<strong>&nbsp;\u00abun pervertido, un manipulador, un depredador, un cerdo<\/strong><strong>\u00ab<\/strong>.<\/p>\n\n\n\n<p>Los pocos defensores ac\u00e9rrimos que le quedaban entonces no lograron evitar que esas palabras se volvieran en su contra.<\/p>\n\n\n\n<h2 class=\"wp-block-heading\" id=\"El-esc\u00e1ndalo\">El esc\u00e1ndalo<\/h2>\n\n\n\n<p>El libro de Springora desat\u00f3 tal esc\u00e1ndalo que el c\u00e9lebre escritor cay\u00f3 del trono literario.&nbsp;<\/p>\n\n\n\n<p>El ministro de Cultura anunci\u00f3 la suspensi\u00f3n de una ayuda econ\u00f3mica que recib\u00eda desde 2002, as\u00ed como la revisi\u00f3n de los premios que le hab\u00eda otorgado el Estado franc\u00e9s a lo largo de su prol\u00edfica carrera literaria, no tan aplaudida en 2020.<\/p>\n\n\n\n<p>Pero hubo m\u00e1s: la prestigiosa editorial&nbsp;<strong>Gallimard<\/strong>&nbsp;retir\u00f3 la comercializaci\u00f3n de toda la obra de Matzneff, un hecho ins\u00f3lito en sus 140 a\u00f1os de historia.<\/p>\n\n\n\n<ul class=\"wp-block-list\"><li><a href=\"https:\/\/www.bbc.com\/mundo\/noticias-51063219\">El esc\u00e1ndalo del escritor franc\u00e9s investigado por pederastia tras la publicaci\u00f3n del libro de una de sus presuntas v\u00edctimas<\/a><\/li><\/ul>\n\n\n\n<p>Springora reprueba esa medida.<\/p>\n\n\n\n<p>\u00abPersonalmente, yo jam\u00e1s habr\u00eda publicado esos libros por una cuesti\u00f3n de moral del editor. Es mi responsabilidad como editora aplicar lo que dice la ley, y no hay ninguna raz\u00f3n para hacer&nbsp;<strong>apolog\u00eda de la pedofilia<\/strong>\u00ab.&nbsp;<\/p>\n\n\n\n<p>\u00abPero me opongo a que las editoriales dejen de comercializarlos ahora porque estoy en contra de la censura de libros y, adem\u00e1s, son una prueba valiosa de mi testimonio\u00bb.<\/p>\n\n\n\n<p>\u00abLo que hay que hacer es un ejercicio de<strong>&nbsp;<\/strong><strong>revisionismo<\/strong>, no retirar su comercializaci\u00f3n como si nunca hubieran existido. Deber\u00edan reeditarlos con una contextualizaci\u00f3n para el lector\u00bb, propone.<\/p>\n\n\n\n<figure class=\"wp-block-image\"><img decoding=\"async\" src=\"https:\/\/ichef.bbci.co.uk\/news\/640\/cpsprodpb\/1182E\/production\/_110462717_gm.jpg\" alt=\"Gabriel Matzneff en 2014\"\/><figcaption>Pie de foto,&nbsp;Matzneff en 2014. El escritor de 84 a\u00f1os gan\u00f3 prestigiosos premios literarios que ahora son cuestionados.<\/figcaption><\/figure>\n\n\n\n<p>Hay&nbsp;<strong>una investigaci\u00f3n en curso contra Matzneff<\/strong>&nbsp;\u00abpero los hechos ya prescribieron y eso impide condenarlo\u00bb, dice Springora. Ella conf\u00eda en que una revisi\u00f3n de la ley que est\u00e1 siendo tramitada este a\u00f1o permita una acci\u00f3n judicial.<\/p>\n\n\n\n<p>\u00abNo hay mucho m\u00e1s que yo pueda hacer en cuanto a la ley, mi denuncia por ahora es simb\u00f3lica\u00bb.<\/p>\n\n\n\n<p>Pero no es la \u00fanica.<\/p>\n\n\n\n<h2 class=\"wp-block-heading\" id=\"Regresi\u00f3n\">Regresi\u00f3n<\/h2>\n\n\n\n<p><strong>Francesca Gee<\/strong>, quien tambi\u00e9n tuvo una relaci\u00f3n con Matzneff cuando ten\u00eda 15 a\u00f1os y \u00e9l le sacaba unos 30 \u2014narrada por el escritor en&nbsp;<em>Ivre du vin perdu&nbsp;<\/em>(\u00abEbrio de vino malogrado\u00bb, 1983)\u2014 rompi\u00f3 su silencio poco despu\u00e9s de la publicaci\u00f3n de&nbsp;<em>Le Consentement<\/em>&nbsp;en una entrevista con&nbsp;<em>The New York Times<\/em><em>.<\/em><\/p>\n\n\n\n<p>Trat\u00f3 de hacerlo antes publicando un libro, pero las editoriales le dieron la espalda.<\/p>\n\n\n\n<p>\u00abQued\u00e9 con ella. Estaba destrozada no solo por lo que vivi\u00f3, sino porque no quisieron escuchar su historia. Pero me dijo que se alegraba de que yo s\u00ed hubiera podido hacerlo. Tengo la impresi\u00f3n de que con mi testimonio tambi\u00e9n le hago justicia\u00bb, reflexiona Springora.<\/p>\n\n\n\n<p>Ese testimonio fue, adem\u00e1s,<strong>&nbsp;un<\/strong><strong>a regresi\u00f3n&nbsp;<\/strong><strong>a<\/strong><strong>su<\/strong><strong>&nbsp;infancia<\/strong>&nbsp;que le ayud\u00f3 a cerrar heridas.<\/p>\n\n\n\n<p>\u00abEscribir este libro fue una forma de renovar el di\u00e1logo con la ni\u00f1a y adolescente que fui y que todos llevamos dentro. Fue un ejercicio reconfortante y duro al mismo tiempo. Llor\u00e9 mucho\u00bb.&nbsp;<\/p>\n\n\n\n<p>\u00abPero pude tomarle de la mano a esa ni\u00f1a de 13 a\u00f1os y decirle que estoy aqu\u00ed para protegerla y que<strong>\u00a0har\u00e9 lo que sea para que se haga justicia<\/strong>\u00ab.<\/p>\n\n\n\n<p><em>Este art\u00edculo&nbsp;<\/em><em>es<\/em><em>&nbsp;parte de la versi\u00f3n digital del Hay Festival&nbsp;<\/em><em>Cart<\/em><em>a<\/em><em>gena<\/em><em>, un encuentro de escritores y pensadores que se realiza en esa ciudad&nbsp;<\/em><em>colombiana<\/em><em>del&nbsp;<\/em><em>22 al 31 de enero<\/em><em>&nbsp;de 2021<\/em><em>, con eventos digitales a partir del d\u00eda 28.<\/em><\/p>\n\n\n\n<ul class=\"wp-block-list\"><li><a href=\"https:\/\/www.bbc.com\/mundo\/noticias-36795069\">Sigue toda la informaci\u00f3n relacionada con el Hay Festival<\/a><\/li><\/ul>\n\n\n\n<p>Fuente: https:\/\/www.bbc.com\/mundo\/noticias-55767422<\/p>\n","protected":false},"excerpt":{"rendered":"<p>LUC\u00cdA BLASCO \/ BBC Mundo Cuando se conocieron, V. ten\u00eda 13 a\u00f1os y G. estaba a punto de cumplir 50. [&hellip;]<\/p>\n","protected":false},"author":1,"featured_media":4049,"comment_status":"open","ping_status":"open","sticky":false,"template":"","format":"standard","meta":{"site-sidebar-layout":"default","site-content-layout":"","ast-site-content-layout":"default","site-content-style":"default","site-sidebar-style":"default","ast-global-header-display":"","ast-banner-title-visibility":"","ast-main-header-display":"","ast-hfb-above-header-display":"","ast-hfb-below-header-display":"","ast-hfb-mobile-header-display":"","site-post-title":"","ast-breadcrumbs-content":"","ast-featured-img":"","footer-sml-layout":"","theme-transparent-header-meta":"","adv-header-id-meta":"","stick-header-meta":"","header-above-stick-meta":"","header-main-stick-meta":"","header-below-stick-meta":"","astra-migrate-meta-layouts":"default","ast-page-background-enabled":"default","ast-page-background-meta":{"desktop":{"background-color":"var(--ast-global-color-4)","background-image":"","background-repeat":"repeat","background-position":"center center","background-size":"auto","background-attachment":"scroll","background-type":"","background-media":"","overlay-type":"","overlay-color":"","overlay-opacity":"","overlay-gradient":""},"tablet":{"background-color":"","background-image":"","background-repeat":"repeat","background-position":"center center","background-size":"auto","background-attachment":"scroll","background-type":"","background-media":"","overlay-type":"","overlay-color":"","overlay-opacity":"","overlay-gradient":""},"mobile":{"background-color":"","background-image":"","background-repeat":"repeat","background-position":"center center","background-size":"auto","background-attachment":"scroll","background-type":"","background-media":"","overlay-type":"","overlay-color":"","overlay-opacity":"","overlay-gradient":""}},"ast-content-background-meta":{"desktop":{"background-color":"var(--ast-global-color-5)","background-image":"","background-repeat":"repeat","background-position":"center center","background-size":"auto","background-attachment":"scroll","background-type":"","background-media":"","overlay-type":"","overlay-color":"","overlay-opacity":"","overlay-gradient":""},"tablet":{"background-color":"var(--ast-global-color-5)","background-image":"","background-repeat":"repeat","background-position":"center center","background-size":"auto","background-attachment":"scroll","background-type":"","background-media":"","overlay-type":"","overlay-color":"","overlay-opacity":"","overlay-gradient":""},"mobile":{"background-color":"var(--ast-global-color-5)","background-image":"","background-repeat":"repeat","background-position":"center center","background-size":"auto","background-attachment":"scroll","background-type":"","background-media":"","overlay-type":"","overlay-color":"","overlay-opacity":"","overlay-gradient":""}},"footnotes":""},"categories":[8],"tags":[],"class_list":["post-4048","post","type-post","status-publish","format-standard","has-post-thumbnail","hentry","category-noticias"],"_links":{"self":[{"href":"https:\/\/losperiodistas.com.mx\/portal\/wp-json\/wp\/v2\/posts\/4048","targetHints":{"allow":["GET"]}}],"collection":[{"href":"https:\/\/losperiodistas.com.mx\/portal\/wp-json\/wp\/v2\/posts"}],"about":[{"href":"https:\/\/losperiodistas.com.mx\/portal\/wp-json\/wp\/v2\/types\/post"}],"author":[{"embeddable":true,"href":"https:\/\/losperiodistas.com.mx\/portal\/wp-json\/wp\/v2\/users\/1"}],"replies":[{"embeddable":true,"href":"https:\/\/losperiodistas.com.mx\/portal\/wp-json\/wp\/v2\/comments?post=4048"}],"version-history":[{"count":1,"href":"https:\/\/losperiodistas.com.mx\/portal\/wp-json\/wp\/v2\/posts\/4048\/revisions"}],"predecessor-version":[{"id":4050,"href":"https:\/\/losperiodistas.com.mx\/portal\/wp-json\/wp\/v2\/posts\/4048\/revisions\/4050"}],"wp:featuredmedia":[{"embeddable":true,"href":"https:\/\/losperiodistas.com.mx\/portal\/wp-json\/wp\/v2\/media\/4049"}],"wp:attachment":[{"href":"https:\/\/losperiodistas.com.mx\/portal\/wp-json\/wp\/v2\/media?parent=4048"}],"wp:term":[{"taxonomy":"category","embeddable":true,"href":"https:\/\/losperiodistas.com.mx\/portal\/wp-json\/wp\/v2\/categories?post=4048"},{"taxonomy":"post_tag","embeddable":true,"href":"https:\/\/losperiodistas.com.mx\/portal\/wp-json\/wp\/v2\/tags?post=4048"}],"curies":[{"name":"wp","href":"https:\/\/api.w.org\/{rel}","templated":true}]}}