{"id":402,"date":"2020-10-24T22:28:18","date_gmt":"2020-10-25T03:28:18","guid":{"rendered":"http:\/\/losperiodistas.com.mx\/portal\/?p=402"},"modified":"2020-10-24T22:37:10","modified_gmt":"2020-10-25T03:37:10","slug":"la-mazorca-se-desgrana","status":"publish","type":"post","link":"https:\/\/losperiodistas.com.mx\/portal\/la-mazorca-se-desgrana\/","title":{"rendered":"La mazorca se desgrana"},"content":{"rendered":"\t\t<div data-elementor-type=\"wp-post\" data-elementor-id=\"402\" class=\"elementor elementor-402\">\n\t\t\t\t\t\t<section class=\"elementor-section elementor-top-section elementor-element elementor-element-3a1a40f elementor-section-boxed elementor-section-height-default elementor-section-height-default\" data-id=\"3a1a40f\" data-element_type=\"section\">\n\t\t\t\t\t\t<div class=\"elementor-container elementor-column-gap-default\">\n\t\t\t\t\t<div class=\"elementor-column elementor-col-100 elementor-top-column elementor-element elementor-element-6884a8cc\" data-id=\"6884a8cc\" data-element_type=\"column\">\n\t\t\t<div class=\"elementor-widget-wrap elementor-element-populated\">\n\t\t\t\t\t\t<div class=\"elementor-element elementor-element-1d463f2 elementor-widget elementor-widget-video\" data-id=\"1d463f2\" data-element_type=\"widget\" data-settings=\"{&quot;youtube_url&quot;:&quot;https:\\\/\\\/youtu.be\\\/PtnFxHTvtYE&quot;,&quot;video_type&quot;:&quot;youtube&quot;,&quot;controls&quot;:&quot;yes&quot;}\" data-widget_type=\"video.default\">\n\t\t\t\t<div class=\"elementor-widget-container\">\n\t\t\t\t\t\t\t<div class=\"elementor-wrapper elementor-open-inline\">\n\t\t\t<div class=\"elementor-video\"><\/div>\t\t<\/div>\n\t\t\t\t\t\t<\/div>\n\t\t\t\t<\/div>\n\t\t\t\t<div class=\"elementor-element elementor-element-b3f4c7f elementor-widget elementor-widget-image\" data-id=\"b3f4c7f\" data-element_type=\"widget\" data-widget_type=\"image.default\">\n\t\t\t\t<div class=\"elementor-widget-container\">\n\t\t\t\t\t\t\t\t\t\t\t\t\t\t\t<img fetchpriority=\"high\" decoding=\"async\" width=\"1024\" height=\"683\" src=\"https:\/\/losperiodistas.com.mx\/portal\/wp-content\/uploads\/2020\/10\/mt-sample-background-1024x683.jpg\" class=\"attachment-large size-large wp-image-400\" alt=\"\" srcset=\"https:\/\/losperiodistas.com.mx\/portal\/wp-content\/uploads\/2020\/10\/mt-sample-background-1024x683.jpg 1024w, https:\/\/losperiodistas.com.mx\/portal\/wp-content\/uploads\/2020\/10\/mt-sample-background-300x200.jpg 300w, https:\/\/losperiodistas.com.mx\/portal\/wp-content\/uploads\/2020\/10\/mt-sample-background-768x512.jpg 768w, https:\/\/losperiodistas.com.mx\/portal\/wp-content\/uploads\/2020\/10\/mt-sample-background-1536x1024.jpg 1536w, https:\/\/losperiodistas.com.mx\/portal\/wp-content\/uploads\/2020\/10\/mt-sample-background.jpg 1920w\" sizes=\"(max-width: 1024px) 100vw, 1024px\" \/>\t\t\t\t\t\t\t\t\t\t\t\t\t\t\t<\/div>\n\t\t\t\t<\/div>\n\t\t\t\t<div class=\"elementor-element elementor-element-2342103 elementor-widget elementor-widget-text-editor\" data-id=\"2342103\" data-element_type=\"widget\" data-widget_type=\"text-editor.default\">\n\t\t\t\t<div class=\"elementor-widget-container\">\n\t\t\t\t\t\t\t\t\t<p><\/p>\n<p><\/p>\n<p>Por Jes\u00fas Manuel Hern\u00e1ndez<\/p>\n<p><\/p>\n<p>En el pasado se dec\u00eda cuando un grupo estaba muy unido en torno a un ideal pol\u00edtico, que eran como una pi\u00f1a, tomando como referencia la configuraci\u00f3n de las semillas de los \u00e1rboles, las pi\u00f1as, reci\u00e9n ca\u00eddas al piso constitu\u00edan una forma que sirvi\u00f3 para dise\u00f1ar posteriormente la granada de mano, el material b\u00e9lico.<br \/>Los mesoamericanos, los mexicanos usamos otros t\u00e9rminos, decimos de un grupo muy unido que son como una mazorca, es decir el conjunto de granos de ma\u00edz.<br \/>De ah\u00ed que cuando un grupo pol\u00edtico empieza a desmembrarse se menciona como que \u201cla mazorca se desgrana\u201d.<br \/><br \/><\/p>\n<p>A Enrique Pe\u00f1a Nieto y a Felipe Calder\u00f3n, les est\u00e1 pasando precisamente eso, la detenci\u00f3n de Rosario Robles, Emilio Lozoya, Genaro Garc\u00eda Luna y ahora el general Salvador Cienfuegos, es una muestra inequ\u00edvoca de que los granos que hac\u00edan el todo de la mazorca, el sistema, empiezan a caer uno a uno y su repercusi\u00f3n es altamente explosiva, su efecto es potencialmente exponencial y toca los nervios m\u00e1s sensibles de lo que antes era la estructura de poder, que unida como una pi\u00f1a, soportaba todos los embates y vicisitudes. Hoy se muestra m\u00e1s vulnerable que nunca.<\/p>\n<p><br \/>Habiendo ca\u00eddo los elementos clave del sistema decadente, las piezas de soporte y las aleda\u00f1as se vuelven endebles y todo hace suponer que s\u00f3lo la ca\u00edda de una figura presidencial, Calder\u00f3n o Pe\u00f1a, pueden cerrar la puerta de las persecuciones.<br \/><br \/><\/p>\n<p>Un asunto que mueve muchos resortes, que repercutir\u00e1 en muchos escenarios, econ\u00f3micos y pol\u00edticos, y que quiz\u00e1, no s\u00f3lo levante polvos de viejos lodos sino abra la puerta para el retorno de los brujos, esos que han permanecido agazapados, y no precisamente en M\u00e9xico, por d\u00e9cadas en busca de espacios para retomar el poder.<\/p>\n<p><\/p>\n<p>El presidente L\u00f3pez Obrador enfrenta adem\u00e1s una contrariedad, la DEA, una instancia del vecino pa\u00eds se ha hecho cargo de las dos \u00faltimas detenciones, esas que muestran la vulnerabilidad del Estado Mexicano, cercano seg\u00fan los analistas internacionales a lo m\u00e1s parecido de un narco estado.<br \/>O por lo menos, as\u00ed me lo parece.<\/p>\n<p><\/p>\n<p>losperiodistas.com.mx@gmail.com<\/p>\n<p><\/p>\n<p>Video en:<\/p>\n<p><\/p>\t\t\t\t\t\t\t\t<\/div>\n\t\t\t\t<\/div>\n\t\t\t\t\t<\/div>\n\t\t<\/div>\n\t\t\t\t\t<\/div>\n\t\t<\/section>\n\t\t\t\t<\/div>\n\t\t","protected":false},"excerpt":{"rendered":"<p>https:\/\/youtu.be\/PtnFxHTvtYE Por Jes\u00fas Manuel Hern\u00e1ndez En el pasado se dec\u00eda cuando un grupo estaba muy unido en torno a un [&hellip;]<\/p>\n","protected":false},"author":1,"featured_media":400,"comment_status":"open","ping_status":"open","sticky":false,"template":"","format":"standard","meta":{"site-sidebar-layout":"default","site-content-layout":"","ast-site-content-layout":"default","site-content-style":"default","site-sidebar-style":"default","ast-global-header-display":"","ast-banner-title-visibility":"","ast-main-header-display":"","ast-hfb-above-header-display":"","ast-hfb-below-header-display":"","ast-hfb-mobile-header-display":"","site-post-title":"","ast-breadcrumbs-content":"","ast-featured-img":"","footer-sml-layout":"","theme-transparent-header-meta":"","adv-header-id-meta":"","stick-header-meta":"","header-above-stick-meta":"","header-main-stick-meta":"","header-below-stick-meta":"","astra-migrate-meta-layouts":"default","ast-page-background-enabled":"default","ast-page-background-meta":{"desktop":{"background-color":"var(--ast-global-color-4)","background-image":"","background-repeat":"repeat","background-position":"center center","background-size":"auto","background-attachment":"scroll","background-type":"","background-media":"","overlay-type":"","overlay-color":"","overlay-opacity":"","overlay-gradient":""},"tablet":{"background-color":"","background-image":"","background-repeat":"repeat","background-position":"center center","background-size":"auto","background-attachment":"scroll","background-type":"","background-media":"","overlay-type":"","overlay-color":"","overlay-opacity":"","overlay-gradient":""},"mobile":{"background-color":"","background-image":"","background-repeat":"repeat","background-position":"center center","background-size":"auto","background-attachment":"scroll","background-type":"","background-media":"","overlay-type":"","overlay-color":"","overlay-opacity":"","overlay-gradient":""}},"ast-content-background-meta":{"desktop":{"background-color":"var(--ast-global-color-5)","background-image":"","background-repeat":"repeat","background-position":"center center","background-size":"auto","background-attachment":"scroll","background-type":"","background-media":"","overlay-type":"","overlay-color":"","overlay-opacity":"","overlay-gradient":""},"tablet":{"background-color":"var(--ast-global-color-5)","background-image":"","background-repeat":"repeat","background-position":"center center","background-size":"auto","background-attachment":"scroll","background-type":"","background-media":"","overlay-type":"","overlay-color":"","overlay-opacity":"","overlay-gradient":""},"mobile":{"background-color":"var(--ast-global-color-5)","background-image":"","background-repeat":"repeat","background-position":"center center","background-size":"auto","background-attachment":"scroll","background-type":"","background-media":"","overlay-type":"","overlay-color":"","overlay-opacity":"","overlay-gradient":""}},"footnotes":""},"categories":[5],"tags":[],"class_list":["post-402","post","type-post","status-publish","format-standard","has-post-thumbnail","hentry","category-por-soleares"],"_links":{"self":[{"href":"https:\/\/losperiodistas.com.mx\/portal\/wp-json\/wp\/v2\/posts\/402","targetHints":{"allow":["GET"]}}],"collection":[{"href":"https:\/\/losperiodistas.com.mx\/portal\/wp-json\/wp\/v2\/posts"}],"about":[{"href":"https:\/\/losperiodistas.com.mx\/portal\/wp-json\/wp\/v2\/types\/post"}],"author":[{"embeddable":true,"href":"https:\/\/losperiodistas.com.mx\/portal\/wp-json\/wp\/v2\/users\/1"}],"replies":[{"embeddable":true,"href":"https:\/\/losperiodistas.com.mx\/portal\/wp-json\/wp\/v2\/comments?post=402"}],"version-history":[{"count":5,"href":"https:\/\/losperiodistas.com.mx\/portal\/wp-json\/wp\/v2\/posts\/402\/revisions"}],"predecessor-version":[{"id":409,"href":"https:\/\/losperiodistas.com.mx\/portal\/wp-json\/wp\/v2\/posts\/402\/revisions\/409"}],"wp:featuredmedia":[{"embeddable":true,"href":"https:\/\/losperiodistas.com.mx\/portal\/wp-json\/wp\/v2\/media\/400"}],"wp:attachment":[{"href":"https:\/\/losperiodistas.com.mx\/portal\/wp-json\/wp\/v2\/media?parent=402"}],"wp:term":[{"taxonomy":"category","embeddable":true,"href":"https:\/\/losperiodistas.com.mx\/portal\/wp-json\/wp\/v2\/categories?post=402"},{"taxonomy":"post_tag","embeddable":true,"href":"https:\/\/losperiodistas.com.mx\/portal\/wp-json\/wp\/v2\/tags?post=402"}],"curies":[{"name":"wp","href":"https:\/\/api.w.org\/{rel}","templated":true}]}}