{"id":40074,"date":"2022-10-28T07:01:18","date_gmt":"2022-10-28T12:01:18","guid":{"rendered":"http:\/\/losperiodistas.com.mx\/portal\/?p=40074"},"modified":"2022-10-28T07:02:43","modified_gmt":"2022-10-28T12:02:43","slug":"shigeru-ban-los-promotores-inmobiliarios-quieren-mostrar-sus-egos-y-levantar-rascacielos-la-razon","status":"publish","type":"post","link":"https:\/\/losperiodistas.com.mx\/portal\/shigeru-ban-los-promotores-inmobiliarios-quieren-mostrar-sus-egos-y-levantar-rascacielos-la-razon\/","title":{"rendered":"Shigeru Ban: \u201cLos promotores inmobiliarios quieren mostrar sus egos y levantar rascacielos\u201d | La Raz\u00f3n"},"content":{"rendered":"\n<h2 class=\"has-pale-cyan-blue-background-color has-background wp-block-heading\">El arquitecto, Premio Princesa de Asturias de la Concordia, reflexiona sobre el futuro de su profesi\u00f3n en Oviedo y asegura que \u00abno tenemos por qu\u00e9 crear estas grandes ciudades\u00bb<\/h2>\n\n\n\n<p><\/p>\n\n\n\n<figure class=\"wp-block-image size-full is-style-default\"><img fetchpriority=\"high\" decoding=\"async\" width=\"600\" height=\"400\" src=\"https:\/\/losperiodistas.com.mx\/portal\/wp-content\/uploads\/2022\/10\/LWLQASMDP5AVBDBICVZZRPMWNE.jpg\" alt=\"\" class=\"wp-image-40075\" srcset=\"https:\/\/losperiodistas.com.mx\/portal\/wp-content\/uploads\/2022\/10\/LWLQASMDP5AVBDBICVZZRPMWNE.jpg 600w, https:\/\/losperiodistas.com.mx\/portal\/wp-content\/uploads\/2022\/10\/LWLQASMDP5AVBDBICVZZRPMWNE-300x200.jpg 300w\" sizes=\"(max-width: 600px) 100vw, 600px\" \/><figcaption><strong>Shigeru Ban, de 64 a\u00f1os, es conocido por sus proyectos volcados en la sostenibilidad, la ayuda frente a las emergencias y el impacto social<\/strong>\u00a0FOTO:\u00a0ALBERTO R. ROLD\u00c1N\u00a0LA RAZ\u00d3N<\/figcaption><\/figure>\n\n\n\n<p class=\"has-vivid-cyan-blue-color has-text-color has-medium-font-size\">JAVIER ORS \/ LA RAZ\u00d3N<\/p>\n\n\n\n<p><a href=\"https:\/\/www.larazon.es\/cultura\/arte\/20220623\/stywopa3ejct3byrkvw2qewsca.html\">Shigeru Ban<\/a>&nbsp;es un revolucionario. No solo por su arquitectura denominada ahora humanitaria, y que le ha llevado a merecer el galard\u00f3n de la Concordia de los&nbsp;<a href=\"https:\/\/www.fpa.es\/es\/premios-princesa-de-asturias\/\" target=\"_blank\" rel=\"noreferrer noopener\">Premios Princesa de Asturias<\/a>&nbsp;que recibir\u00e1 hoy en Oviedo, sino tambi\u00e9n por los vectores que predominan en su pensamiento y que lo \u00abdesenrocan\u00bb de posturas oficiales y oficialistas. Este es un arquitecto que ha prescindido de la alzada de los arquitectos estrella y que proyecta sus dise\u00f1os con unos cimentos y ferrallas de mayor anchura humana. \u00ab<strong>Desde tiempos hist\u00f3ricos, los arquitectos trabajamos para gente privilegiada,<\/strong>&nbsp;que tiene poder y dinero, porque el poder y el dinero es invisible. Nos contratan para construir monumentos y mostrar su poder\u00edo en la sociedad\u00bb, reconoce, para apuntillar despu\u00e9s su respuesta con unas palabras calafateadas de sinceridad y un punto de rebeld\u00eda. \u00ab<strong>Me decepcion\u00e9 con mi profesi\u00f3n y de trabajar solo para personas pudientes.<\/strong>&nbsp;Esta no es una manera de trabajar para la sociedad. Como activista tambi\u00e9n tengo el compromiso de trabajar para esas comunidades que han sufrido desastres. Cuando se destruyen las ciudades, enseguida hay nuevos proyectos, pero mientras tanto hay cientos de familias que tienen condiciones de vida muy malas. Es nuestra responsabilidad, antes de reconstruir una urbe, paliar eso. Por eso empec\u00e9 a hacer lo que hice como arquitecto\u00bb.<\/p>\n\n\n\n<hr class=\"wp-block-separator\"\/>\n\n\n\n<figure class=\"wp-block-pullquote has-pale-cyan-blue-background-color has-background\" style=\"border-radius:99px\"><blockquote><p><strong><em>Para m\u00ed, la arquitectura es tener un tejado en cualquier pa\u00eds y clima<\/em><\/strong><\/p><\/blockquote><\/figure>\n\n\n\n<p>Shigeru Ban no tarda en matizar que \u00ab<strong>tambi\u00e9n a m\u00ed me gusta construir edificios monumentales y he desarrollado varios museos y casas para ricos<\/strong>\u00bb, pero, como explica, \u00abbusco un equilibrio y trabajo de igual manera para los que padecen desgracias\u00bb. El arquitecto nip\u00f3n, que es de tono pausado y movimientos tranquilos, se ha implicado con los pa\u00edses&nbsp;<a href=\"https:\/\/www.larazon.es\/cultura\/20220702\/jreqkujktneydo7fhjbchbknru.html\">golpeados por las tragedias<\/a>&nbsp;y, empleando siempre materiales locales y reciclables, como cart\u00f3n, papel o pl\u00e1stico para reducir el impacto en la naturaleza, ha salvado situaciones de emergencia y provisto de casas a los que hab\u00edan quedado privados de hogar, como sucedi\u00f3 en Jap\u00f3n, Sri Lanka, India, Filipinas&#8230;. \u00abPara m\u00ed, la arquitectura es tener un tejado en cualquier pa\u00eds y clima.<strong>&nbsp;<\/strong>Despu\u00e9s se pueden a\u00f1adir pantallas, particiones&#8230; pero la arquitectura depende del tejado. Incluso un museo o una casa temporal parten de un buen tejado. Luego se puede mejorar, poner paredes, pantallas, pero lo primero es el tejado. Eso es para m\u00ed la arquitectura\u00bb.<\/p>\n\n\n\n<hr class=\"wp-block-separator\"\/>\n\n\n\n<figure class=\"wp-block-pullquote has-pale-cyan-blue-background-color has-background\" style=\"border-radius:75px\"><blockquote><p><strong><em>Cuando no ten\u00edamos inform\u00e1tica, la arquitectura era mejor; la tecnolog\u00eda solo ahorra tiempo<\/em><\/strong><\/p><\/blockquote><\/figure>\n\n\n\n<p>Shigeru Ban,&nbsp;<a href=\"https:\/\/www.pritzkerprize.com\/\" target=\"_blank\" rel=\"noreferrer noopener\">Premio Pritzker 2014<\/a>, reconoce que reflexionar sobre el futuro de la arquitectura es dif\u00edcil porque \u00abes conservadora\u00bb. Y dice: \u00abPor ejemplo, lo que es un espacio c\u00f3modo no va a cambiar para uno; lo que hace un espacio c\u00f3modo es una ventilaci\u00f3n natural, tambi\u00e9n la sombra, lo que hay en los espacios interiores y exteriores, y semiexteriores. Esto no va a variar en el futuro\u00bb. Shigeru Ban hace hincapi\u00e9 en \u00abel desarrollo tecnol\u00f3gico\u00bb: \u00abHace cientos de a\u00f1os, cuando no ten\u00edamos inform\u00e1tica, la arquitectura era mejor. El progreso tecnol\u00f3gico no la mejora, ni la hace m\u00e1s c\u00f3moda, solo nos ayuda a ahorrar tiempo. En el futuro cualquiera va a poder construir, pero&nbsp;<strong>para hacer una arquitectura mejor lo principal es invertir en dise\u00f1o y construcci\u00f3n.&nbsp;<\/strong>Pero, me temo que la arquitectura no va a cambiar m\u00e1s adelante\u00bb.<\/p>\n\n\n\n<p>El arquitecto reflexion\u00f3 sobre el impacto de la pandemia, una situaci\u00f3n de la que ha extra\u00eddo su propio aprendizaje sobre un tema crucial de nuestras sociedades: la funci\u00f3n que desempe\u00f1an las grandes metr\u00f3polis en nuestro tiempo y si son tan imprescindibles como la mayor\u00eda considera de antemano. \u00abLa humanidad no tuvo demasiada suerte al padecer esta epidemia mundial, pero despu\u00e9s de haber pasado la Covid, nos hemos dado cuenta de que no necesitamos trabajar en una gran ciudad, y que en realidad podemos vivir y trabajar en cualquier sitio\u00bb. Despu\u00e9s de una pausa, agrega: \u00ab<strong>Esta pandemia nos ha mostrado cu\u00e1l es el futuro.\u00a0<\/strong>No tenemos por qu\u00e9 crear estas grandes ciudades, pero los promotores inmobiliarios quieren mostrar sus egos y levantar rascacielos. La realidad es que la mayor\u00eda de la poblaci\u00f3n podr\u00eda trabajar en cualquier sitio. No hay una arquitectura para el futuro, pero s\u00ed que existe un nuevo modo de vivir gracias a esta pandemia\u00bb.<\/p>\n\n\n\n<p>Fuente: https:\/\/www.larazon.es\/cultura\/arte\/20221027\/vhshngjco5f4znpjllh2b4z6fq.html<\/p>\n","protected":false},"excerpt":{"rendered":"<p>El arquitecto, Premio Princesa de Asturias de la Concordia, reflexiona sobre el futuro de su profesi\u00f3n en Oviedo y asegura [&hellip;]<\/p>\n","protected":false},"author":1,"featured_media":40075,"comment_status":"open","ping_status":"open","sticky":false,"template":"","format":"standard","meta":{"site-sidebar-layout":"default","site-content-layout":"","ast-site-content-layout":"default","site-content-style":"default","site-sidebar-style":"default","ast-global-header-display":"","ast-banner-title-visibility":"","ast-main-header-display":"","ast-hfb-above-header-display":"","ast-hfb-below-header-display":"","ast-hfb-mobile-header-display":"","site-post-title":"","ast-breadcrumbs-content":"","ast-featured-img":"","footer-sml-layout":"","theme-transparent-header-meta":"","adv-header-id-meta":"","stick-header-meta":"","header-above-stick-meta":"","header-main-stick-meta":"","header-below-stick-meta":"","astra-migrate-meta-layouts":"default","ast-page-background-enabled":"default","ast-page-background-meta":{"desktop":{"background-color":"var(--ast-global-color-4)","background-image":"","background-repeat":"repeat","background-position":"center center","background-size":"auto","background-attachment":"scroll","background-type":"","background-media":"","overlay-type":"","overlay-color":"","overlay-opacity":"","overlay-gradient":""},"tablet":{"background-color":"","background-image":"","background-repeat":"repeat","background-position":"center center","background-size":"auto","background-attachment":"scroll","background-type":"","background-media":"","overlay-type":"","overlay-color":"","overlay-opacity":"","overlay-gradient":""},"mobile":{"background-color":"","background-image":"","background-repeat":"repeat","background-position":"center center","background-size":"auto","background-attachment":"scroll","background-type":"","background-media":"","overlay-type":"","overlay-color":"","overlay-opacity":"","overlay-gradient":""}},"ast-content-background-meta":{"desktop":{"background-color":"var(--ast-global-color-5)","background-image":"","background-repeat":"repeat","background-position":"center center","background-size":"auto","background-attachment":"scroll","background-type":"","background-media":"","overlay-type":"","overlay-color":"","overlay-opacity":"","overlay-gradient":""},"tablet":{"background-color":"var(--ast-global-color-5)","background-image":"","background-repeat":"repeat","background-position":"center center","background-size":"auto","background-attachment":"scroll","background-type":"","background-media":"","overlay-type":"","overlay-color":"","overlay-opacity":"","overlay-gradient":""},"mobile":{"background-color":"var(--ast-global-color-5)","background-image":"","background-repeat":"repeat","background-position":"center center","background-size":"auto","background-attachment":"scroll","background-type":"","background-media":"","overlay-type":"","overlay-color":"","overlay-opacity":"","overlay-gradient":""}},"footnotes":""},"categories":[8,1],"tags":[11897,13473,13474],"class_list":["post-40074","post","type-post","status-publish","format-standard","has-post-thumbnail","hentry","category-noticias","category-sin-categoria","tag-arquitectura","tag-egos","tag-shigeru-ban"],"_links":{"self":[{"href":"https:\/\/losperiodistas.com.mx\/portal\/wp-json\/wp\/v2\/posts\/40074","targetHints":{"allow":["GET"]}}],"collection":[{"href":"https:\/\/losperiodistas.com.mx\/portal\/wp-json\/wp\/v2\/posts"}],"about":[{"href":"https:\/\/losperiodistas.com.mx\/portal\/wp-json\/wp\/v2\/types\/post"}],"author":[{"embeddable":true,"href":"https:\/\/losperiodistas.com.mx\/portal\/wp-json\/wp\/v2\/users\/1"}],"replies":[{"embeddable":true,"href":"https:\/\/losperiodistas.com.mx\/portal\/wp-json\/wp\/v2\/comments?post=40074"}],"version-history":[{"count":1,"href":"https:\/\/losperiodistas.com.mx\/portal\/wp-json\/wp\/v2\/posts\/40074\/revisions"}],"predecessor-version":[{"id":40076,"href":"https:\/\/losperiodistas.com.mx\/portal\/wp-json\/wp\/v2\/posts\/40074\/revisions\/40076"}],"wp:featuredmedia":[{"embeddable":true,"href":"https:\/\/losperiodistas.com.mx\/portal\/wp-json\/wp\/v2\/media\/40075"}],"wp:attachment":[{"href":"https:\/\/losperiodistas.com.mx\/portal\/wp-json\/wp\/v2\/media?parent=40074"}],"wp:term":[{"taxonomy":"category","embeddable":true,"href":"https:\/\/losperiodistas.com.mx\/portal\/wp-json\/wp\/v2\/categories?post=40074"},{"taxonomy":"post_tag","embeddable":true,"href":"https:\/\/losperiodistas.com.mx\/portal\/wp-json\/wp\/v2\/tags?post=40074"}],"curies":[{"name":"wp","href":"https:\/\/api.w.org\/{rel}","templated":true}]}}