{"id":3999,"date":"2021-01-30T07:10:16","date_gmt":"2021-01-30T13:10:16","guid":{"rendered":"http:\/\/losperiodistas.com.mx\/portal\/?p=3999"},"modified":"2021-01-30T07:10:16","modified_gmt":"2021-01-30T13:10:16","slug":"en-febrero-mexico-contara-con-6-millones-de-vacunas-anti-covid-19-amlo-al-reaparecer-an","status":"publish","type":"post","link":"https:\/\/losperiodistas.com.mx\/portal\/en-febrero-mexico-contara-con-6-millones-de-vacunas-anti-covid-19-amlo-al-reaparecer-an\/","title":{"rendered":"En febrero, M\u00e9xico contar\u00e1 con 6 millones de vacunas anti Covid-19: AMLO al reaparecer | AN"},"content":{"rendered":"\n<p style=\"font-size:18px\"><em>El Ejecutivo detall\u00f3 que en marzo se contar\u00e1 con el doble, es decir, 12 millones de vacunas; difunde video para desmentir \u00abrumores\u00bb sobre su estado de salud.<\/em><\/p>\n\n\n\n<p class=\"has-vivid-cyan-blue-color has-text-color has-medium-font-size\">REDACCI\u00d3N AN \/ ES<\/p>\n\n\n\n<p>En febrero M\u00e9xico tendr\u00e1 a disposici\u00f3n cerca de&nbsp;<strong>6 millones de dosis de vacunas contra la Covid-19<\/strong>, anunci\u00f3 este viernes el presidente Andr\u00e9s Manuel L\u00f3pez Obrador.<\/p>\n\n\n\n<p>A trav\u00e9s de un video difundido por YouTube, el Presidente agreg\u00f3 que para marzo se contar\u00e1 con el doble de vacunas, es decir,&nbsp;<strong>12 millones de dosis en total<\/strong>.<\/p>\n\n\n\n<p>El Ejecutivo federal record\u00f3 que tuvo una llamada con el presidente ruso&nbsp;<strong>Vladimir Putin<\/strong>&nbsp;para abordar sobre la compra de vacunas Sputnik V, las cuales se espera que lleguen para finales de la pr\u00f3xima semana. S<strong>e esperaba que arribaran 200 mil dosis,&nbsp;<\/strong>pero el mandatario asegur\u00f3 que ser\u00e1n alrededor de 870 mil.<\/p>\n\n\n\n<p><strong>Te recomendamos<\/strong>:&nbsp;<a href=\"https:\/\/aristeguinoticias.com\/2801\/mundo\/oms-pide-paciencia-para-abasto-de-vacunas-contra-covid-19-fabricantes-trabajan-sin-descanso\/\" target=\"_blank\" rel=\"noreferrer noopener\">OMS pide paciencia para abasto de vacunas contra Covid-19; fabricantes trabajan sin descanso<\/a><\/p>\n\n\n\n<p>Respecto a las vacunas fabricadas por AstraZeneca\/Oxford, asegur\u00f3 que&nbsp;<strong>comprar\u00e1n 870 mil dosis en la India<\/strong>&nbsp;para el mes de febrero, aparte de las que se envasar\u00e1n en nuestro pa\u00eds.<\/p>\n\n\n\n<p>Asimismo, indic\u00f3 que tuvo contacto con el gerente general de la farmac\u00e9utica Pfizer, quien se comprometi\u00f3 a adelantar las entregas de las dosis de su vacuna.<\/p>\n\n\n\n<p>\u201cSe comprometieron a adelantarnos las entregas, porque se hab\u00edan suspendido; es muy probable que a partir del d\u00eda 10 de febrero se reinicien las entregas.&nbsp;<strong>Ah\u00ed van a ser un mill\u00f3n 500 mil dosis<\/strong>\u201c, puntualiz\u00f3.<\/p>\n\n\n\n<p><strong>Te puede interesar<\/strong>:&nbsp;<a href=\"https:\/\/aristeguinoticias.com\/2701\/mundo\/y-ahora-rusia-anuncia-demoras-en-entregas-de-vacunas-contra-covid-19\/\" target=\"_blank\" rel=\"noreferrer noopener\">Y ahora\u2026 Rusia anuncia demoras en entregas de vacunas contra Covid-19<\/a><\/p>\n\n\n\n<p>Adem\u00e1s, por parte del programa de la Organizaci\u00f3n Mundial de la Salud (OMS) COVAX,&nbsp;<strong>M\u00e9xico recibir\u00e1 un mill\u00f3n 800 mil dosis<\/strong>&nbsp;de ant\u00edgeno en el transcurso de febrero, sin especificar de qu\u00e9 empresa farmac\u00e9utica.<\/p>\n\n\n\n<p>Adelant\u00f3 que la vacuna realizada por CanSino y estudiada por la&nbsp;Comisi\u00f3n Federal para la Protecci\u00f3n contra Riesgos Sanitarios (Cofepris),&nbsp;<strong>est\u00e1 por aprobarse<\/strong>.<\/p>\n\n\n\n<figure class=\"wp-block-image\"><a href=\"https:\/\/aristeguinoticias.com\/wp-content\/uploads\/2021\/01\/amlo-vacunas-6-millones-salud-rumores-29012021-2.jpg\"><img decoding=\"async\" src=\"https:\/\/aristeguinoticias.com\/editorial\/wp-content\/uploads\/2021\/01\/amlo-vacunas-6-millones-salud-rumores-29012021-2.jpg\" alt=\"\" class=\"wp-image-1063641\"\/><\/a><\/figure>\n\n\n\n<p>\u201cDe modo que vamos a tener para febrero alrededor de 6 millones de dosis de vacunas, y en marzo vamos a contar con el doble\u201d.<\/p>\n\n\n\n<p>Por otra parte, despu\u00e9s de 5 d\u00edas de haber informado que result\u00f3 positivo a Covid-19, L\u00f3pez Obrador&nbsp; asegur\u00f3 sentirse mejor y decidi\u00f3 mostrarse para&nbsp;<strong>atajar rumores sobre su estado de salud<\/strong>.<\/p>\n\n\n\n<p>\u201cTodav\u00eda tengo Covid, pero ya los m\u00e9dicos me dicen que&nbsp;<strong>est\u00e1 pasando la etapa cr\u00edtica<\/strong>, ahora me presento con ustedes para que no haya rumores, malos entendidos, estoy bien aunque todav\u00eda tengo que guardar reposo, ahora me acical\u00e9 para comunicarme con ustedes\u201d, dice el Ejecutivo.<\/p>\n\n\n\n<p>El mandatario agradeci\u00f3 a los ciudadanos y servidores p\u00fablicos -tanto simpatizantes de la 4T como adversarios pol\u00edticos-\u00a0<strong>por sus muestras de cari\u00f1o y solidaridad<\/strong>\u00a0para que pueda salir avante de esta enfermedad respiratoria.<\/p>\n\n\n\n<figure class=\"wp-block-embed-youtube wp-block-embed is-type-video is-provider-youtube wp-embed-aspect-16-9 wp-has-aspect-ratio\"><div class=\"wp-block-embed__wrapper\">\n<iframe title=\"Seguimos pendientes de los asuntos p\u00fablicos y de la pandemia de COVID-19\" width=\"500\" height=\"281\" src=\"https:\/\/www.youtube.com\/embed\/_VEa3QmTRFU?feature=oembed\" frameborder=\"0\" allow=\"accelerometer; autoplay; clipboard-write; encrypted-media; gyroscope; picture-in-picture; web-share\" referrerpolicy=\"strict-origin-when-cross-origin\" allowfullscreen><\/iframe>\n<\/div><\/figure>\n\n\n\n<p>Fuente: https:\/\/aristeguinoticias.com\/2901\/mexico\/en-febrero-mexico-contara-con-6-millones-de-vacunas-anti-covid-19-amlo-al-reaparecer-video\/<\/p>\n","protected":false},"excerpt":{"rendered":"<p>El Ejecutivo detall\u00f3 que en marzo se contar\u00e1 con el doble, es decir, 12 millones de vacunas; difunde video para [&hellip;]<\/p>\n","protected":false},"author":1,"featured_media":4000,"comment_status":"open","ping_status":"open","sticky":false,"template":"","format":"standard","meta":{"site-sidebar-layout":"default","site-content-layout":"","ast-site-content-layout":"default","site-content-style":"default","site-sidebar-style":"default","ast-global-header-display":"","ast-banner-title-visibility":"","ast-main-header-display":"","ast-hfb-above-header-display":"","ast-hfb-below-header-display":"","ast-hfb-mobile-header-display":"","site-post-title":"","ast-breadcrumbs-content":"","ast-featured-img":"","footer-sml-layout":"","theme-transparent-header-meta":"","adv-header-id-meta":"","stick-header-meta":"","header-above-stick-meta":"","header-main-stick-meta":"","header-below-stick-meta":"","astra-migrate-meta-layouts":"default","ast-page-background-enabled":"default","ast-page-background-meta":{"desktop":{"background-color":"var(--ast-global-color-4)","background-image":"","background-repeat":"repeat","background-position":"center center","background-size":"auto","background-attachment":"scroll","background-type":"","background-media":"","overlay-type":"","overlay-color":"","overlay-opacity":"","overlay-gradient":""},"tablet":{"background-color":"","background-image":"","background-repeat":"repeat","background-position":"center center","background-size":"auto","background-attachment":"scroll","background-type":"","background-media":"","overlay-type":"","overlay-color":"","overlay-opacity":"","overlay-gradient":""},"mobile":{"background-color":"","background-image":"","background-repeat":"repeat","background-position":"center center","background-size":"auto","background-attachment":"scroll","background-type":"","background-media":"","overlay-type":"","overlay-color":"","overlay-opacity":"","overlay-gradient":""}},"ast-content-background-meta":{"desktop":{"background-color":"var(--ast-global-color-5)","background-image":"","background-repeat":"repeat","background-position":"center center","background-size":"auto","background-attachment":"scroll","background-type":"","background-media":"","overlay-type":"","overlay-color":"","overlay-opacity":"","overlay-gradient":""},"tablet":{"background-color":"var(--ast-global-color-5)","background-image":"","background-repeat":"repeat","background-position":"center center","background-size":"auto","background-attachment":"scroll","background-type":"","background-media":"","overlay-type":"","overlay-color":"","overlay-opacity":"","overlay-gradient":""},"mobile":{"background-color":"var(--ast-global-color-5)","background-image":"","background-repeat":"repeat","background-position":"center center","background-size":"auto","background-attachment":"scroll","background-type":"","background-media":"","overlay-type":"","overlay-color":"","overlay-opacity":"","overlay-gradient":""}},"footnotes":""},"categories":[8],"tags":[],"class_list":["post-3999","post","type-post","status-publish","format-standard","has-post-thumbnail","hentry","category-noticias"],"_links":{"self":[{"href":"https:\/\/losperiodistas.com.mx\/portal\/wp-json\/wp\/v2\/posts\/3999","targetHints":{"allow":["GET"]}}],"collection":[{"href":"https:\/\/losperiodistas.com.mx\/portal\/wp-json\/wp\/v2\/posts"}],"about":[{"href":"https:\/\/losperiodistas.com.mx\/portal\/wp-json\/wp\/v2\/types\/post"}],"author":[{"embeddable":true,"href":"https:\/\/losperiodistas.com.mx\/portal\/wp-json\/wp\/v2\/users\/1"}],"replies":[{"embeddable":true,"href":"https:\/\/losperiodistas.com.mx\/portal\/wp-json\/wp\/v2\/comments?post=3999"}],"version-history":[{"count":1,"href":"https:\/\/losperiodistas.com.mx\/portal\/wp-json\/wp\/v2\/posts\/3999\/revisions"}],"predecessor-version":[{"id":4001,"href":"https:\/\/losperiodistas.com.mx\/portal\/wp-json\/wp\/v2\/posts\/3999\/revisions\/4001"}],"wp:featuredmedia":[{"embeddable":true,"href":"https:\/\/losperiodistas.com.mx\/portal\/wp-json\/wp\/v2\/media\/4000"}],"wp:attachment":[{"href":"https:\/\/losperiodistas.com.mx\/portal\/wp-json\/wp\/v2\/media?parent=3999"}],"wp:term":[{"taxonomy":"category","embeddable":true,"href":"https:\/\/losperiodistas.com.mx\/portal\/wp-json\/wp\/v2\/categories?post=3999"},{"taxonomy":"post_tag","embeddable":true,"href":"https:\/\/losperiodistas.com.mx\/portal\/wp-json\/wp\/v2\/tags?post=3999"}],"curies":[{"name":"wp","href":"https:\/\/api.w.org\/{rel}","templated":true}]}}