{"id":3993,"date":"2021-01-30T06:35:08","date_gmt":"2021-01-30T12:35:08","guid":{"rendered":"http:\/\/losperiodistas.com.mx\/portal\/?p=3993"},"modified":"2021-01-30T06:35:08","modified_gmt":"2021-01-30T12:35:08","slug":"asi-quedo-el-semaforo-del-1-al-14-de-febrero-13-estados-en-rojo-puebla-y-campeche-deja-de-ser-verde-proceso","status":"publish","type":"post","link":"https:\/\/losperiodistas.com.mx\/portal\/asi-quedo-el-semaforo-del-1-al-14-de-febrero-13-estados-en-rojo-puebla-y-campeche-deja-de-ser-verde-proceso\/","title":{"rendered":"As\u00ed qued\u00f3 el sem\u00e1foro del 1 al 14 de febrero: 13 estados en rojo (Puebla) y Campeche deja de ser verde | Proceso"},"content":{"rendered":"\n<p style=\"font-size:18px\"><em>Hay 17 entidades en color naranja de riesgo alto, dos en amarillo de riesgo moderado y ninguna con riesgo bajo, de acuerdo con la actualizaci\u00f3n presentada por la Secretar\u00eda de Salud.<\/em><\/p>\n\n\n\n<p class=\"has-vivid-cyan-blue-color has-text-color has-medium-font-size\">REVISTA PROCESO<\/p>\n\n\n\n<p>CIUDAD DE M\u00c9XICO (apro).\u2014La Secretar\u00eda de Salud (Ssa) dio a conocer el sem\u00e1foro de riesgo epid\u00e9mico para las semanas que van del 1 al 14 de febrero.<\/p>\n\n\n\n<p>Esta vez, ning\u00fan estado aparece en el color verde de riesgo bajo, debido a que la \u00fanica entidad federativa ubicada en ese nivel, Campeche, pas\u00f3 al amarillo, de riesgo moderado, en el que tambi\u00e9n qued\u00f3 ubicado Chiapas.<\/p>\n\n\n\n<p>El nuevo mapa indica que 13 entidades est\u00e1n en el color rojo de riesgo m\u00e1ximo: Ciudad de M\u00e9xico, Estado de M\u00e9xico, Nayarit, Colima, San Luis Potos\u00ed, Jalisco, Nuevo Le\u00f3n, Guerrero, Hidalgo, Quer\u00e9taro, Guanajuato, Morelos y Puebla.<\/p>\n\n\n\n<p>Las 17 entidades restantes est\u00e1n en color naranja de riesgo alto. De ellas, 10 est\u00e1n consideradas con mayor puntaje, lo que significa alta posiblidad de pasar al nivel de riesgo m\u00e1ximo, de acuerdo con el mapa presentado por Ricardo Cort\u00e9s, director de Promoci\u00f3n de la Salud de la Ssa.<\/p>\n\n\n\n<p>Estas son Sonora, Coahuila, Baja California Sur, Sinaloa, Zacatecas, Aguascalientes, Michoac\u00e1n, Veracruz, Tabasco y Tlaxcala.<\/p>\n\n\n\n<p>Las siete entidades restantes en color naranja son Baja California, Chihuahua, Tamaulipas Durango, Oaxaca, Yucat\u00e1n y Quintana Roo.<\/p>\n\n\n\n<p>Adem\u00e1s de Cort\u00e9s, en la conferencia particip\u00f3 v\u00eda remota el subsecretario Hugo L\u00f3pez-Gatell.<\/p>\n\n\n\n<p>Fuente: https:\/\/www.proceso.com.mx\/nacional\/2021\/1\/29\/asi-quedo-el-semaforo-del-al-14-de-febrero-13-estados-en-rojo-campeche-deja-de-ser-verde-257297.html<\/p>\n","protected":false},"excerpt":{"rendered":"<p>Hay 17 entidades en color naranja de riesgo alto, dos en amarillo de riesgo moderado y ninguna con riesgo bajo, [&hellip;]<\/p>\n","protected":false},"author":1,"featured_media":3994,"comment_status":"open","ping_status":"open","sticky":false,"template":"","format":"standard","meta":{"site-sidebar-layout":"default","site-content-layout":"","ast-site-content-layout":"default","site-content-style":"default","site-sidebar-style":"default","ast-global-header-display":"","ast-banner-title-visibility":"","ast-main-header-display":"","ast-hfb-above-header-display":"","ast-hfb-below-header-display":"","ast-hfb-mobile-header-display":"","site-post-title":"","ast-breadcrumbs-content":"","ast-featured-img":"","footer-sml-layout":"","theme-transparent-header-meta":"","adv-header-id-meta":"","stick-header-meta":"","header-above-stick-meta":"","header-main-stick-meta":"","header-below-stick-meta":"","astra-migrate-meta-layouts":"default","ast-page-background-enabled":"default","ast-page-background-meta":{"desktop":{"background-color":"var(--ast-global-color-4)","background-image":"","background-repeat":"repeat","background-position":"center center","background-size":"auto","background-attachment":"scroll","background-type":"","background-media":"","overlay-type":"","overlay-color":"","overlay-opacity":"","overlay-gradient":""},"tablet":{"background-color":"","background-image":"","background-repeat":"repeat","background-position":"center center","background-size":"auto","background-attachment":"scroll","background-type":"","background-media":"","overlay-type":"","overlay-color":"","overlay-opacity":"","overlay-gradient":""},"mobile":{"background-color":"","background-image":"","background-repeat":"repeat","background-position":"center center","background-size":"auto","background-attachment":"scroll","background-type":"","background-media":"","overlay-type":"","overlay-color":"","overlay-opacity":"","overlay-gradient":""}},"ast-content-background-meta":{"desktop":{"background-color":"var(--ast-global-color-5)","background-image":"","background-repeat":"repeat","background-position":"center center","background-size":"auto","background-attachment":"scroll","background-type":"","background-media":"","overlay-type":"","overlay-color":"","overlay-opacity":"","overlay-gradient":""},"tablet":{"background-color":"var(--ast-global-color-5)","background-image":"","background-repeat":"repeat","background-position":"center center","background-size":"auto","background-attachment":"scroll","background-type":"","background-media":"","overlay-type":"","overlay-color":"","overlay-opacity":"","overlay-gradient":""},"mobile":{"background-color":"var(--ast-global-color-5)","background-image":"","background-repeat":"repeat","background-position":"center center","background-size":"auto","background-attachment":"scroll","background-type":"","background-media":"","overlay-type":"","overlay-color":"","overlay-opacity":"","overlay-gradient":""}},"footnotes":""},"categories":[8],"tags":[],"class_list":["post-3993","post","type-post","status-publish","format-standard","has-post-thumbnail","hentry","category-noticias"],"_links":{"self":[{"href":"https:\/\/losperiodistas.com.mx\/portal\/wp-json\/wp\/v2\/posts\/3993","targetHints":{"allow":["GET"]}}],"collection":[{"href":"https:\/\/losperiodistas.com.mx\/portal\/wp-json\/wp\/v2\/posts"}],"about":[{"href":"https:\/\/losperiodistas.com.mx\/portal\/wp-json\/wp\/v2\/types\/post"}],"author":[{"embeddable":true,"href":"https:\/\/losperiodistas.com.mx\/portal\/wp-json\/wp\/v2\/users\/1"}],"replies":[{"embeddable":true,"href":"https:\/\/losperiodistas.com.mx\/portal\/wp-json\/wp\/v2\/comments?post=3993"}],"version-history":[{"count":1,"href":"https:\/\/losperiodistas.com.mx\/portal\/wp-json\/wp\/v2\/posts\/3993\/revisions"}],"predecessor-version":[{"id":3995,"href":"https:\/\/losperiodistas.com.mx\/portal\/wp-json\/wp\/v2\/posts\/3993\/revisions\/3995"}],"wp:featuredmedia":[{"embeddable":true,"href":"https:\/\/losperiodistas.com.mx\/portal\/wp-json\/wp\/v2\/media\/3994"}],"wp:attachment":[{"href":"https:\/\/losperiodistas.com.mx\/portal\/wp-json\/wp\/v2\/media?parent=3993"}],"wp:term":[{"taxonomy":"category","embeddable":true,"href":"https:\/\/losperiodistas.com.mx\/portal\/wp-json\/wp\/v2\/categories?post=3993"},{"taxonomy":"post_tag","embeddable":true,"href":"https:\/\/losperiodistas.com.mx\/portal\/wp-json\/wp\/v2\/tags?post=3993"}],"curies":[{"name":"wp","href":"https:\/\/api.w.org\/{rel}","templated":true}]}}