{"id":39856,"date":"2022-10-25T08:48:30","date_gmt":"2022-10-25T13:48:30","guid":{"rendered":"http:\/\/losperiodistas.com.mx\/portal\/?p=39856"},"modified":"2022-10-25T08:48:32","modified_gmt":"2022-10-25T13:48:32","slug":"alejandro-armenta-en-frases","status":"publish","type":"post","link":"https:\/\/losperiodistas.com.mx\/portal\/alejandro-armenta-en-frases\/","title":{"rendered":"Alejandro Armenta en frases"},"content":{"rendered":"\n<p class=\"has-medium-font-size\">*Reuni\u00f3n del Presidente del Senado de la Rep\u00fablica con columnistas<\/p>\n\n\n\n<p><\/p>\n\n\n\n<figure class=\"wp-block-image size-large is-style-default\"><img fetchpriority=\"high\" decoding=\"async\" width=\"1024\" height=\"516\" src=\"https:\/\/losperiodistas.com.mx\/portal\/wp-content\/uploads\/2022\/10\/ALEJANDRO-ARMENTA-Y-COLUMNISTAS-1024x516.jpeg\" alt=\"\" class=\"wp-image-39860\" srcset=\"https:\/\/losperiodistas.com.mx\/portal\/wp-content\/uploads\/2022\/10\/ALEJANDRO-ARMENTA-Y-COLUMNISTAS-1024x516.jpeg 1024w, https:\/\/losperiodistas.com.mx\/portal\/wp-content\/uploads\/2022\/10\/ALEJANDRO-ARMENTA-Y-COLUMNISTAS-300x151.jpeg 300w, https:\/\/losperiodistas.com.mx\/portal\/wp-content\/uploads\/2022\/10\/ALEJANDRO-ARMENTA-Y-COLUMNISTAS-768x387.jpeg 768w, https:\/\/losperiodistas.com.mx\/portal\/wp-content\/uploads\/2022\/10\/ALEJANDRO-ARMENTA-Y-COLUMNISTAS-1536x774.jpeg 1536w, https:\/\/losperiodistas.com.mx\/portal\/wp-content\/uploads\/2022\/10\/ALEJANDRO-ARMENTA-Y-COLUMNISTAS-2048x1031.jpeg 2048w, https:\/\/losperiodistas.com.mx\/portal\/wp-content\/uploads\/2022\/10\/ALEJANDRO-ARMENTA-Y-COLUMNISTAS-585x295.jpeg 585w\" sizes=\"(max-width: 1024px) 100vw, 1024px\" \/><\/figure>\n\n\n\n<p class=\"has-vivid-cyan-blue-color has-text-color\" style=\"font-size:26px\"><strong><em>Por Ra\u00fal Torres Salmer\u00f3n<\/em><\/strong><\/p>\n\n\n\n<p>El Presidente de la Mesa Directiva del Senado de la Rep\u00fablica, Alejandro Armenta Mier, en reuni\u00f3n con un grupo de columnistas habl\u00f3 largo y tendido de sus experiencias y aspiraciones pol\u00edticas, sus m\u00e9todos de trabajo y su plan de gobierno para Puebla.<\/p>\n\n\n\n<p>En las instalaciones remodeladas del Hotel Royalty en el Centro Hist\u00f3rico de Puebla Capital, la entrevista y charla estuvo salpicada de interesantes frases que describen el actual modo de ser del legislador moreno. Estos son sus puntos de vista:<\/p>\n\n\n\n<p>-Lo que m\u00e1s me preocupa en la elecci\u00f3n al Gobierno del Estado, honestamente, es que mi competidor se llama Eduardo Rivera.<\/p>\n\n\n\n<p>-Lo digo con mucho cari\u00f1o. Trabajo m\u00e1s que mis contendientes. Todos los d\u00edas hasta domingos.<\/p>\n\n\n\n<p>-Hay quienes presumen cercan\u00eda y amistad con personajes, pero en cualquier encuesta o en elecci\u00f3n directa, le gano a cualquiera.<\/p>\n\n\n\n<p>-Las ca\u00eddas en el patinaje y en la bicicleta, son como en la pol\u00edtica: hay que levantarse.<\/p>\n\n\n\n<p>&nbsp;-Yo no soy de competencias, nada m\u00e1s me preparo para subirme al ring. Estoy entrenando para el 24, ya no soy ol\u00edmpico ni entreno para ir a las olimpiadas.<\/p>\n\n\n\n<p>-A la familia no la podemos escoger, pero existe respeto.<\/p>\n\n\n\n<p>-Los candidatos del Gobernador est\u00e1n haciendo su trabajo, salen los s\u00e1bados y domingos y que bueno que lo hagan.<\/p>\n\n\n\n<p>-Tienen posibilidades. A nadie le van a transmitir de arriba por \u00f3smosis los 30 millones de votos.<\/p>\n\n\n\n<p>-No hay que confiarse. Hay que separar a Lalo Rivera del PAN que es el que tiene presencia. Es la zona metropolitana que no tiene MORENA.<\/p>\n\n\n\n<p>-Las campa\u00f1as de todos los que participan son posibles. No hay que pelearse con todo mundo. No estoy en la lista de odios del gobernador. Si me hacen ojitos, yo se los regreso.<\/p>\n\n\n\n<p>-Cada quien debe ser responsable de sus actos. Siempre deben cumplirse las instrucciones, pero sin pasi\u00f3n.<\/p>\n\n\n\n<p>-El Senador de la Rep\u00fablica Ricardo Monreal va en su camino, est\u00e1 reconciliado con el Presidente. Conserva su estilo. No se va a ir a otro lado.<\/p>\n\n\n\n<p>-En pol\u00edtica todo es contexto y circunstancias. No hay que pelear en pol\u00edtica. La carga de la conciliaci\u00f3n est\u00e1 en cada uno.<\/p>\n\n\n\n<p>-En los partidos debe haber equilibrio. Debe haber distancia cercana entre partido y Gobierno.<\/p>\n\n\n\n<p>-Puedo considerarme alumno de Manuel Bartlett D\u00edaz. Fui candidato a Alcalde en Acatzingo. No reconocido, pero si eficiente.<\/p>\n\n\n\n<p>-Ah\u00ed va el PRIMOR. El PRI tiene que decidir c\u00f3mo va a ser su coalici\u00f3n. Hay varios partidos, hay un PRI en el Senado y otro en la C\u00e1mara de Diputados.<\/p>\n\n\n\n<p>-El PRI de Alejandro Moreno sobrevive, pero no crece. Est\u00e1 en el parteaguas de sobrevivir o extinguirse. No se quiere abrir porque si se abre, pierde.<\/p>\n\n\n\n<p>-En caso de no obtener la candidatura, me voy a mi rancho y le voy a poner por nombre La Fregada.<\/p>\n\n\n\n<p>-Debo ser prudente, no desesperarme, no pelear. La f\u00e1bula del gallo de madera del Shihan, que significa maestro de maestros, Koichi Choda Watanabe es muy explicativa.<\/p>\n\n\n\n<p>-En 5 a\u00f1os en MORENA y en mi carrera pol\u00edtica he aprendido a ser tolerante, no indiferente porque perder\u00eda mi esencia, si algo est\u00e1 mal hay que corregirlo.<\/p>\n\n\n\n<p>-Me gusta que las cosas se hagan bien. Porque si est\u00e1s en el servicio p\u00fablico y no haces bien las cosas, le haces da\u00f1o a la poblaci\u00f3n.<\/p>\n\n\n\n<p>-He tenido una escuela muy importante al rodearme de personas mayores, como el Cabildo de Acatzingo, son los que tienen experiencia y saben muchas cosas.<\/p>\n\n\n\n<p>-He aprendido en estos a\u00f1os el arte de la prudencia, de la tolerancia, de la conciliaci\u00f3n, de la humildad para reconocer errores, ofrecer disculpas, para reconciliar.<\/p>\n\n\n\n<p>-Estoy preparado para ser Gobernador de Puebla, lo puedo asegurar. De serlo, quisiera ser como Melquiades Morales Flores y caminar por las calles con toda tranquilidad.<\/p>\n\n\n\n<p>-Tengo una visi\u00f3n ecl\u00e9ctica. Quisiera ser como el Doctor Alfredo Toxqui, humilde y prudente y como Manuel Bartlett con una visi\u00f3n de mundo. Me preparo para eso.<\/p>\n\n\n\n<p>-Tengo en mi tel\u00e9fono celular, relojes donde se miden los d\u00edas faltantes para terminar la Presidencia de la Mesa Directiva del Senado, de la jornada electoral de Puebla, de la definici\u00f3n de la candidatura, los d\u00edas de Senador.<\/p>\n\n\n\n<p>-Mi equipo debe estar como los relojes suizos, actuar con precisi\u00f3n. No debe haber margen de error para ganar. La retrospectiva de tiempo significa precisi\u00f3n. Cuando sea Gobernador pondr\u00e9 el reloj igual que lo tengo en el Senado. Son 2 mil 300 d\u00edas lo que dura un gobierno estatal.<\/p>\n\n\n\n<p>En la reuni\u00f3n se abordaron diversos temas, de sus estudios de Doctorado en Administraci\u00f3n P\u00fablica, de su tesis que elabora donde propone una reforma bio\u00e9tica del gobierno.<\/p>\n\n\n\n<p>De su tesis doctoral, Armenta Mier dijo que ser\u00e1 el motor para impulsar el Estado de Puebla a trav\u00e9s de los empresarios locales y extranjeros ya que en los proyectos el Gobierno crear\u00e1 la infraestructura necesaria, de hecho, es la base de su Plan de Gobierno.<\/p>\n\n\n\n<p>En fin, en lugar de la tradicional poes\u00eda, como escribi\u00f3 el fil\u00f3sofo tao\u00edsta Zhuangzi la F\u00e1bula del Gallo de Madera:<\/p>\n\n\n\n<p>Ji Shengzi criaba un gallo de pelea para el Rey. Al cabo de diez d\u00edas, el Rey le pregunt\u00f3:<\/p>\n\n\n\n<p>-\u00bfEst\u00e1 listo ya mi gallo?<\/p>\n\n\n\n<p>-A\u00fan no, el ave se muestra demasiado arrogante y temperamental, fue la respuesta.<\/p>\n\n\n\n<p>Diez d\u00edas despu\u00e9s, el Rey volvi\u00f3 a preguntar por su ave de pelea.<\/p>\n\n\n\n<p>-A\u00fan no, todav\u00eda reacciona con violencia ante el ruido y las sombras, explic\u00f3 Ji Shengzi.<\/p>\n\n\n\n<p>Pasaron diez d\u00edas m\u00e1s y el Rey volvi\u00f3 a realizar la misma pregunta.<\/p>\n\n\n\n<p>-A\u00fan no, todav\u00eda se muestra vigoroso y con un car\u00e1cter dominante, fue la respuesta.<\/p>\n\n\n\n<p>Otros diez d\u00edas m\u00e1s transcurrieron y el Rey pregunt\u00f3 por su gallo de pelea.<\/p>\n\n\n\n<p>-Est\u00e1 listo. A pesar de o\u00edr el cacareo de otras aves, no tiene el menor efecto. Se asemeja a un gallo hecho de madera, inmutable, imperturbable, entrenado de tal modo que obtendr\u00e1 la victoria en cualquier combate, los gallos rivales no se atrever\u00e1n a enfrent\u00e1rsele, dar\u00e1n media vuelta y se ir\u00e1n.<\/p>\n\n\n\n<p>raultorress@hotmail.com<\/p>\n","protected":false},"excerpt":{"rendered":"<p>*Reuni\u00f3n del Presidente del Senado de la Rep\u00fablica con columnistas Por Ra\u00fal Torres Salmer\u00f3n El Presidente de la Mesa Directiva [&hellip;]<\/p>\n","protected":false},"author":1,"featured_media":39860,"comment_status":"open","ping_status":"open","sticky":false,"template":"","format":"standard","meta":{"site-sidebar-layout":"default","site-content-layout":"","ast-site-content-layout":"default","site-content-style":"default","site-sidebar-style":"default","ast-global-header-display":"","ast-banner-title-visibility":"","ast-main-header-display":"","ast-hfb-above-header-display":"","ast-hfb-below-header-display":"","ast-hfb-mobile-header-display":"","site-post-title":"","ast-breadcrumbs-content":"","ast-featured-img":"","footer-sml-layout":"","theme-transparent-header-meta":"","adv-header-id-meta":"","stick-header-meta":"","header-above-stick-meta":"","header-main-stick-meta":"","header-below-stick-meta":"","astra-migrate-meta-layouts":"default","ast-page-background-enabled":"default","ast-page-background-meta":{"desktop":{"background-color":"var(--ast-global-color-4)","background-image":"","background-repeat":"repeat","background-position":"center center","background-size":"auto","background-attachment":"scroll","background-type":"","background-media":"","overlay-type":"","overlay-color":"","overlay-opacity":"","overlay-gradient":""},"tablet":{"background-color":"","background-image":"","background-repeat":"repeat","background-position":"center center","background-size":"auto","background-attachment":"scroll","background-type":"","background-media":"","overlay-type":"","overlay-color":"","overlay-opacity":"","overlay-gradient":""},"mobile":{"background-color":"","background-image":"","background-repeat":"repeat","background-position":"center center","background-size":"auto","background-attachment":"scroll","background-type":"","background-media":"","overlay-type":"","overlay-color":"","overlay-opacity":"","overlay-gradient":""}},"ast-content-background-meta":{"desktop":{"background-color":"var(--ast-global-color-5)","background-image":"","background-repeat":"repeat","background-position":"center center","background-size":"auto","background-attachment":"scroll","background-type":"","background-media":"","overlay-type":"","overlay-color":"","overlay-opacity":"","overlay-gradient":""},"tablet":{"background-color":"var(--ast-global-color-5)","background-image":"","background-repeat":"repeat","background-position":"center center","background-size":"auto","background-attachment":"scroll","background-type":"","background-media":"","overlay-type":"","overlay-color":"","overlay-opacity":"","overlay-gradient":""},"mobile":{"background-color":"var(--ast-global-color-5)","background-image":"","background-repeat":"repeat","background-position":"center center","background-size":"auto","background-attachment":"scroll","background-type":"","background-media":"","overlay-type":"","overlay-color":"","overlay-opacity":"","overlay-gradient":""}},"footnotes":""},"categories":[8,19],"tags":[3642],"class_list":["post-39856","post","type-post","status-publish","format-standard","has-post-thumbnail","hentry","category-noticias","category-sin-limites-2","tag-alejandro-armenta"],"_links":{"self":[{"href":"https:\/\/losperiodistas.com.mx\/portal\/wp-json\/wp\/v2\/posts\/39856","targetHints":{"allow":["GET"]}}],"collection":[{"href":"https:\/\/losperiodistas.com.mx\/portal\/wp-json\/wp\/v2\/posts"}],"about":[{"href":"https:\/\/losperiodistas.com.mx\/portal\/wp-json\/wp\/v2\/types\/post"}],"author":[{"embeddable":true,"href":"https:\/\/losperiodistas.com.mx\/portal\/wp-json\/wp\/v2\/users\/1"}],"replies":[{"embeddable":true,"href":"https:\/\/losperiodistas.com.mx\/portal\/wp-json\/wp\/v2\/comments?post=39856"}],"version-history":[{"count":1,"href":"https:\/\/losperiodistas.com.mx\/portal\/wp-json\/wp\/v2\/posts\/39856\/revisions"}],"predecessor-version":[{"id":39861,"href":"https:\/\/losperiodistas.com.mx\/portal\/wp-json\/wp\/v2\/posts\/39856\/revisions\/39861"}],"wp:featuredmedia":[{"embeddable":true,"href":"https:\/\/losperiodistas.com.mx\/portal\/wp-json\/wp\/v2\/media\/39860"}],"wp:attachment":[{"href":"https:\/\/losperiodistas.com.mx\/portal\/wp-json\/wp\/v2\/media?parent=39856"}],"wp:term":[{"taxonomy":"category","embeddable":true,"href":"https:\/\/losperiodistas.com.mx\/portal\/wp-json\/wp\/v2\/categories?post=39856"},{"taxonomy":"post_tag","embeddable":true,"href":"https:\/\/losperiodistas.com.mx\/portal\/wp-json\/wp\/v2\/tags?post=39856"}],"curies":[{"name":"wp","href":"https:\/\/api.w.org\/{rel}","templated":true}]}}