{"id":39829,"date":"2022-10-25T05:55:26","date_gmt":"2022-10-25T10:55:26","guid":{"rendered":"http:\/\/losperiodistas.com.mx\/portal\/?p=39829"},"modified":"2022-10-25T05:55:31","modified_gmt":"2022-10-25T10:55:31","slug":"no-es-tu-internet-whatsapp-tuvo-una-caida-a-nivel-mundial-que-dejo-incomunicados-a-millones-de-usuarios-infobae","status":"publish","type":"post","link":"https:\/\/losperiodistas.com.mx\/portal\/no-es-tu-internet-whatsapp-tuvo-una-caida-a-nivel-mundial-que-dejo-incomunicados-a-millones-de-usuarios-infobae\/","title":{"rendered":"No es tu internet, WhatsApp tuvo una ca\u00edda a nivel mundial que dej\u00f3 incomunicados a millones de usuarios | Infobae"},"content":{"rendered":"\n<h2 class=\"has-white-color has-vivid-cyan-blue-background-color has-text-color has-background wp-block-heading\">La popular app de mensajer\u00eda present\u00f3 fallas durante la madrugada de este martes; como era de esperarse, no tardaron en circular los memes sobre el tema<\/h2>\n\n\n\n<p><\/p>\n\n\n\n<figure class=\"wp-block-image size-large is-style-default\"><img fetchpriority=\"high\" decoding=\"async\" width=\"1024\" height=\"683\" src=\"https:\/\/losperiodistas.com.mx\/portal\/wp-content\/uploads\/2022\/10\/J2DQ43JX5AZ7K2OIW2EA2ERNQE-1024x683.jpg\" alt=\"\" class=\"wp-image-39830\" srcset=\"https:\/\/losperiodistas.com.mx\/portal\/wp-content\/uploads\/2022\/10\/J2DQ43JX5AZ7K2OIW2EA2ERNQE-1024x683.jpg 1024w, https:\/\/losperiodistas.com.mx\/portal\/wp-content\/uploads\/2022\/10\/J2DQ43JX5AZ7K2OIW2EA2ERNQE-300x200.jpg 300w, https:\/\/losperiodistas.com.mx\/portal\/wp-content\/uploads\/2022\/10\/J2DQ43JX5AZ7K2OIW2EA2ERNQE-768x512.jpg 768w, https:\/\/losperiodistas.com.mx\/portal\/wp-content\/uploads\/2022\/10\/J2DQ43JX5AZ7K2OIW2EA2ERNQE.jpg 1440w\" sizes=\"(max-width: 1024px) 100vw, 1024px\" \/><figcaption>Whatsapp logo (Foto:REUTERS\/Dado Ruvic\/Illustration\/File Photo)<\/figcaption><\/figure>\n\n\n\n<p class=\"has-vivid-cyan-blue-color has-text-color has-medium-font-size\">INFOBAE<\/p>\n\n\n\n<p>De manera repentina, la madrugada de este martes 25 de octubre se present\u00f3 una<strong>&nbsp;falla a nivel global de WhatsApp<\/strong>, la popular aplicaci\u00f3n de mensajer\u00eda que es utilizada por m\u00e1s de 89 millones de personas en M\u00e9xico, seg\u00fan datos del Instituto Federal de Telecomunicaciones.<\/p>\n\n\n\n<p>Los reportes de usuarios comenzaron a circular alrededor de las dos de la ma\u00f1ana, de acuerdo con el portal<a href=\"https:\/\/downdetector.mx\/problemas\/whatsapp\/\" target=\"_blank\" rel=\"noreferrer noopener\">&nbsp;Downdetector<\/a>. Para las 02:20 horas de este martes, ya se hab\u00edan registrado 713 informes de fallas, de las cuales la mayor\u00eda estuvo relacionada con el env\u00edo de mensajes (65%), mientras que hubo otros problemas ligados a la conexi\u00f3n con el servidor (26%) y la recepci\u00f3n de mensajes (9%).<\/p>\n\n\n\n<p>En una nueva actualizaci\u00f3n, el referido portal registr\u00f3 un abrupto incremento en el n\u00famero de reportes de los usuarios, pues la cifra subi\u00f3 a<strong>\u00a0mil 769 para las 02:37 horas<\/strong>\u00a0de este martes. Minutos despu\u00e9s, a las 02:47 horas, la cantidad de personas que informaron problemas al utilizar esta red social hab\u00eda ascendido a\u00a0<strong>mil 510<\/strong>, sin que hubiera se\u00f1ales de cu\u00e1ndo podr\u00eda volver a funcionar.<img decoding=\"async\" height=\"624\" width=\"595\" srcset=\"https:\/\/www.infobae.com\/new-resizer\/LgqdXwZrxCgUnnCyL1DL8XOD5EM=\/420x420\/filters:format(webp):quality(85)\/cloudfront-us-east-1.images.arcpublishing.com\/infobae\/NRDMBEUEL5DN3NKTR6KPDOMEKQ.jpg 420w,https:\/\/www.infobae.com\/new-resizer\/uX6gkSWb65GBO7-NIkn7jBFRHR8=\/768x768\/filters:format(webp):quality(85)\/cloudfront-us-east-1.images.arcpublishing.com\/infobae\/NRDMBEUEL5DN3NKTR6KPDOMEKQ.jpg 768w,https:\/\/www.infobae.com\/new-resizer\/WHQNC1-XY1cR4UPaxom5HqAp-Q8=\/992x992\/filters:format(webp):quality(85)\/cloudfront-us-east-1.images.arcpublishing.com\/infobae\/NRDMBEUEL5DN3NKTR6KPDOMEKQ.jpg 992w,https:\/\/www.infobae.com\/new-resizer\/vPekU5ncUutw9Vnp1PLeXHTVpK0=\/1200x1200\/filters:format(webp):quality(85)\/cloudfront-us-east-1.images.arcpublishing.com\/infobae\/NRDMBEUEL5DN3NKTR6KPDOMEKQ.jpg 1200w,https:\/\/www.infobae.com\/new-resizer\/bG0shTL1oX1AAtiwzOAg3cfsB6k=\/1440x1440\/filters:format(webp):quality(85)\/cloudfront-us-east-1.images.arcpublishing.com\/infobae\/NRDMBEUEL5DN3NKTR6KPDOMEKQ.jpg 1440w\" class=\"\" src=\"https:\/\/cloudfront-us-east-1.images.arcpublishing.com\/infobae\/NRDMBEUEL5DN3NKTR6KPDOMEKQ.jpg\" alt=\"Desde los primeros minutos, los usuarios compartieron memes alusivos a la ca\u00edda mundial del servicio. (Captura: Twitter\/@PRINCEPRETTYOG)\"><\/p>\n\n\n\n<p>Desde los primeros minutos, los usuarios compartieron memes alusivos a la ca\u00edda mundial del servicio. (Captura: Twitter\/@PRINCEPRETTYOG)<\/p>\n\n\n\n<p>Como es habitual cuando ocurren este tipo de inconvenientes t\u00e9cnicos, varios usuarios que segu\u00edan despiertos durante las primeras horas del d\u00eda en nuestro pa\u00eds entraron a Twitter para verificar si el problema era de sus tel\u00e9fonos o su conexi\u00f3n a internet, o si bien, WhatsApp presentaba fallas.<\/p>\n\n\n\n<p>La sorpresa que se llevaron fue que WhatsApp se cay\u00f3 no s\u00f3lo en M\u00e9xico, sino<strong>&nbsp;en todo el mundo<\/strong>, pues hab\u00eda denuncias de usuarios de distintas latitudes, incluyendo India, Reino Unido, Sud\u00e1frica y Asia. A nivel global, en poco menos de dos horas ya se hab\u00edan acumulado casi 30 mil reportes de fallas en WhatsApp, de acuerdo con informaci\u00f3n de la agencia&nbsp;<em>EFE<\/em>.<\/p>\n\n\n\n<p>Un portavoz de Meta, la empresa matriz de WhatsApp, dio a conocer que el equipo de soporte de la app ya ten\u00eda conocimiento de la ca\u00edda mundial y se encontraba trabajando en ello. \u201cSomos conscientes de que algunas personas actualmente tienen problemas para enviar mensajes y<strong>&nbsp;estamos trabajando para restaurar WhatsApp&nbsp;<\/strong>para todos lo m\u00e1s r\u00e1pido posible\u201d, expres\u00f3 seg\u00fan la informaci\u00f3n compartida por&nbsp;<em>Reuters<\/em>.<\/p>\n\n\n\n<p>En M\u00e9xico, el servicio comenz\u00f3 a regresar a la normalidad cerca de las 04:00 horas, casi dos horas despu\u00e9s de que se presentaran los primeros inconvenientes.<\/p>\n\n\n\n<h2 class=\"wp-block-heading\">Los mejores memes de la ca\u00edda de WhatsApp<\/h2>\n\n\n\n<p>Tras la inesperada ca\u00edda de WhatsApp, y como se acostumbra en estas situaciones, cientos de internautas compartieron bromas y memes alusivos a la confusi\u00f3n que esta falla provoc\u00f3, pues hubo quienes reiniciaron sus tel\u00e9fonos y hasta sus m\u00f3dems al pensar que el error estaba en su dispositivo o en su conexi\u00f3n a internet.<\/p>\n\n\n\n<figure class=\"wp-block-embed is-type-rich is-provider-twitter wp-block-embed-twitter\"><div class=\"wp-block-embed__wrapper\">\n<blockquote class=\"twitter-tweet\" data-width=\"500\" data-dnt=\"true\"><p lang=\"es\" dir=\"ltr\">Todos entrando a Twitter a ver que paso con <a href=\"https:\/\/twitter.com\/hashtag\/WhatsApp?src=hash&amp;ref_src=twsrc%5Etfw\">#WhatsApp<\/a> <a href=\"https:\/\/t.co\/c5SGpoZ8iY\">pic.twitter.com\/c5SGpoZ8iY<\/a><\/p>&mdash; KENISHA (@KENIACAMPS) <a href=\"https:\/\/twitter.com\/KENIACAMPS\/status\/1584805519583506434?ref_src=twsrc%5Etfw\">October 25, 2022<\/a><\/blockquote><script async src=\"https:\/\/platform.twitter.com\/widgets.js\" charset=\"utf-8\"><\/script>\n<\/div><\/figure>\n\n\n\n<figure class=\"wp-block-embed is-type-rich is-provider-twitter wp-block-embed-twitter\"><div class=\"wp-block-embed__wrapper\">\n<blockquote class=\"twitter-tweet\" data-width=\"500\" data-dnt=\"true\"><p lang=\"es\" dir=\"ltr\">La gente llegando a TW para enterarse de la ca\u00edda de WhatsApp <a href=\"https:\/\/twitter.com\/hashtag\/whatsappdown?src=hash&amp;ref_src=twsrc%5Etfw\">#whatsappdown<\/a> <a href=\"https:\/\/t.co\/zBuqTfzxjg\">https:\/\/t.co\/zBuqTfzxjg<\/a><\/p>&mdash; Toni. (@ToniFCC) <a href=\"https:\/\/twitter.com\/ToniFCC\/status\/1584810047585980416?ref_src=twsrc%5Etfw\">October 25, 2022<\/a><\/blockquote><script async src=\"https:\/\/platform.twitter.com\/widgets.js\" charset=\"utf-8\"><\/script>\n<\/div><\/figure>\n\n\n\n<figure class=\"wp-block-embed is-type-rich is-provider-twitter wp-block-embed-twitter\"><div class=\"wp-block-embed__wrapper\">\n<blockquote class=\"twitter-tweet\" data-width=\"500\" data-dnt=\"true\"><p lang=\"es\" dir=\"ltr\">Todos despu\u00e9s de la caida de Whatsapp <a href=\"https:\/\/t.co\/MUwhm90CLr\">pic.twitter.com\/MUwhm90CLr<\/a><\/p>&mdash; itsD3lay\ud83d\udc27 (@itsD3lay) <a href=\"https:\/\/twitter.com\/itsD3lay\/status\/1584812974325133313?ref_src=twsrc%5Etfw\">October 25, 2022<\/a><\/blockquote><script async src=\"https:\/\/platform.twitter.com\/widgets.js\" charset=\"utf-8\"><\/script>\n<\/div><\/figure>\n\n\n\n<p>En este sentido, otros m\u00e1s ironizaron sobre la ausencia de notificaciones en su aplicaci\u00f3n incluso cuando funciona de manera adecuada, por lo que dijeron no haber notado la ca\u00edda masiva de esta red.<\/p>\n\n\n\n<blockquote class=\"wp-block-quote is-layout-flow wp-block-quote-is-layout-flow\"><p>\u201cNmms y yo de pendejo reiniciando mi tel\u00e9fono y WhatsApp se hab\u00eda ca\u00eddo JAJJAJAJJAJA\u201d, escribi\u00f3 un usuario en Twitter luego de percatarse de que la falla hab\u00eda sido mundial.<\/p><\/blockquote>\n\n\n\n<figure class=\"wp-block-embed is-type-rich is-provider-twitter wp-block-embed-twitter\"><div class=\"wp-block-embed__wrapper\">\n<blockquote class=\"twitter-tweet\" data-width=\"500\" data-dnt=\"true\"><p lang=\"es\" dir=\"ltr\">Yo confirmando en Twitter la ca\u00edda de WhatsApp tras haber reiniciado el tel\u00e9fono, los datos y la Wifi <a href=\"https:\/\/t.co\/mZr1lQzaNf\">pic.twitter.com\/mZr1lQzaNf<\/a><\/p>&mdash; Sil (@sil_soprano) <a href=\"https:\/\/twitter.com\/sil_soprano\/status\/1584813216227823616?ref_src=twsrc%5Etfw\">October 25, 2022<\/a><\/blockquote><script async src=\"https:\/\/platform.twitter.com\/widgets.js\" charset=\"utf-8\"><\/script>\n<\/div><\/figure>\n\n\n\n<blockquote class=\"wp-block-quote is-layout-flow wp-block-quote-is-layout-flow\"><p>\u201cPara los que vienen por la ca\u00edda de WhatsApp aqu\u00ed se dan los buenos d\u00edas\u201d, escribi\u00f3 el usuario @MerengonRm en su cuenta.<\/p><\/blockquote>\n\n\n\n<p><img decoding=\"async\" height=\"700\" width=\"593\" srcset=\"https:\/\/www.infobae.com\/new-resizer\/QWegOIi1kuM1MBeXk9G1mDIFtlo=\/420x560\/filters:format(webp):quality(85)\/cloudfront-us-east-1.images.arcpublishing.com\/infobae\/FH33RAK5JJEDTOBETIPCVYJSOE.jpg 420w,https:\/\/www.infobae.com\/new-resizer\/xDi4bIR2Xz7Fx9dAO1Citw8Tzak=\/768x1024\/filters:format(webp):quality(85)\/cloudfront-us-east-1.images.arcpublishing.com\/infobae\/FH33RAK5JJEDTOBETIPCVYJSOE.jpg 768w,https:\/\/www.infobae.com\/new-resizer\/legpBe_qhSWrKlSO2o2XPhGqzcg=\/992x1323\/filters:format(webp):quality(85)\/cloudfront-us-east-1.images.arcpublishing.com\/infobae\/FH33RAK5JJEDTOBETIPCVYJSOE.jpg 992w,https:\/\/www.infobae.com\/new-resizer\/HejTP-KEcQ-iucDMgNrw6erhBDA=\/1200x1600\/filters:format(webp):quality(85)\/cloudfront-us-east-1.images.arcpublishing.com\/infobae\/FH33RAK5JJEDTOBETIPCVYJSOE.jpg 1200w\" class=\"\" src=\"https:\/\/cloudfront-us-east-1.images.arcpublishing.com\/infobae\/FH33RAK5JJEDTOBETIPCVYJSOE.jpg\" alt=\"Los usuarios no dudaron en bromear con  la ca\u00edda del servicio de WhatsApp. (Captura: Twitter\/@PRINCEPRETTYOG)\"><\/p>\n\n\n\n<p>Los usuarios no dudaron en bromear con la ca\u00edda del servicio de WhatsApp. (Captura: Twitter\/@PRINCEPRETTYOG)<\/p>\n\n\n\n<blockquote class=\"wp-block-quote is-layout-flow wp-block-quote-is-layout-flow\"><p>\u201cCa\u00edda a nivel mundial de WhatsApp. Es el momento de salir de todos esos grupos que tanto odias\u201d, recomend\u00f3 un usuario en alusi\u00f3n a los grupos de la app de mensajer\u00eda que suelen causar incomodidades a algunas personas.<\/p><\/blockquote>\n\n\n\n<p>Hasta el cierre de esta edici\u00f3n, el \u00fanico pronunciamiento oficial sobre estas incidencias en el servicio ha sido el compartido por\u00a0<em>Reuters,<\/em>\u00a0pues en las otras redes sociales de WhatsApp no hay ning\u00fan mensaje alusivo al tema.<\/p>\n\n\n\n<p>Fuente: https:\/\/www.infobae.com\/america\/mexico\/2022\/10\/25\/no-es-tu-internet-whatsapp-tuvo-una-caida-a-nivel-mundial-que-dejo-incomunicados-a-millones-de-usuarios\/<\/p>\n","protected":false},"excerpt":{"rendered":"<p>La popular app de mensajer\u00eda present\u00f3 fallas durante la madrugada de este martes; como era de esperarse, no tardaron en [&hellip;]<\/p>\n","protected":false},"author":1,"featured_media":39830,"comment_status":"open","ping_status":"open","sticky":false,"template":"","format":"standard","meta":{"site-sidebar-layout":"default","site-content-layout":"","ast-site-content-layout":"default","site-content-style":"default","site-sidebar-style":"default","ast-global-header-display":"","ast-banner-title-visibility":"","ast-main-header-display":"","ast-hfb-above-header-display":"","ast-hfb-below-header-display":"","ast-hfb-mobile-header-display":"","site-post-title":"","ast-breadcrumbs-content":"","ast-featured-img":"","footer-sml-layout":"","theme-transparent-header-meta":"","adv-header-id-meta":"","stick-header-meta":"","header-above-stick-meta":"","header-main-stick-meta":"","header-below-stick-meta":"","astra-migrate-meta-layouts":"default","ast-page-background-enabled":"default","ast-page-background-meta":{"desktop":{"background-color":"var(--ast-global-color-4)","background-image":"","background-repeat":"repeat","background-position":"center center","background-size":"auto","background-attachment":"scroll","background-type":"","background-media":"","overlay-type":"","overlay-color":"","overlay-opacity":"","overlay-gradient":""},"tablet":{"background-color":"","background-image":"","background-repeat":"repeat","background-position":"center center","background-size":"auto","background-attachment":"scroll","background-type":"","background-media":"","overlay-type":"","overlay-color":"","overlay-opacity":"","overlay-gradient":""},"mobile":{"background-color":"","background-image":"","background-repeat":"repeat","background-position":"center center","background-size":"auto","background-attachment":"scroll","background-type":"","background-media":"","overlay-type":"","overlay-color":"","overlay-opacity":"","overlay-gradient":""}},"ast-content-background-meta":{"desktop":{"background-color":"var(--ast-global-color-5)","background-image":"","background-repeat":"repeat","background-position":"center center","background-size":"auto","background-attachment":"scroll","background-type":"","background-media":"","overlay-type":"","overlay-color":"","overlay-opacity":"","overlay-gradient":""},"tablet":{"background-color":"var(--ast-global-color-5)","background-image":"","background-repeat":"repeat","background-position":"center center","background-size":"auto","background-attachment":"scroll","background-type":"","background-media":"","overlay-type":"","overlay-color":"","overlay-opacity":"","overlay-gradient":""},"mobile":{"background-color":"var(--ast-global-color-5)","background-image":"","background-repeat":"repeat","background-position":"center center","background-size":"auto","background-attachment":"scroll","background-type":"","background-media":"","overlay-type":"","overlay-color":"","overlay-opacity":"","overlay-gradient":""}},"footnotes":""},"categories":[8],"tags":[13404,4471],"class_list":["post-39829","post","type-post","status-publish","format-standard","has-post-thumbnail","hentry","category-noticias","tag-falla-global","tag-whatsapp-caida"],"_links":{"self":[{"href":"https:\/\/losperiodistas.com.mx\/portal\/wp-json\/wp\/v2\/posts\/39829","targetHints":{"allow":["GET"]}}],"collection":[{"href":"https:\/\/losperiodistas.com.mx\/portal\/wp-json\/wp\/v2\/posts"}],"about":[{"href":"https:\/\/losperiodistas.com.mx\/portal\/wp-json\/wp\/v2\/types\/post"}],"author":[{"embeddable":true,"href":"https:\/\/losperiodistas.com.mx\/portal\/wp-json\/wp\/v2\/users\/1"}],"replies":[{"embeddable":true,"href":"https:\/\/losperiodistas.com.mx\/portal\/wp-json\/wp\/v2\/comments?post=39829"}],"version-history":[{"count":1,"href":"https:\/\/losperiodistas.com.mx\/portal\/wp-json\/wp\/v2\/posts\/39829\/revisions"}],"predecessor-version":[{"id":39831,"href":"https:\/\/losperiodistas.com.mx\/portal\/wp-json\/wp\/v2\/posts\/39829\/revisions\/39831"}],"wp:featuredmedia":[{"embeddable":true,"href":"https:\/\/losperiodistas.com.mx\/portal\/wp-json\/wp\/v2\/media\/39830"}],"wp:attachment":[{"href":"https:\/\/losperiodistas.com.mx\/portal\/wp-json\/wp\/v2\/media?parent=39829"}],"wp:term":[{"taxonomy":"category","embeddable":true,"href":"https:\/\/losperiodistas.com.mx\/portal\/wp-json\/wp\/v2\/categories?post=39829"},{"taxonomy":"post_tag","embeddable":true,"href":"https:\/\/losperiodistas.com.mx\/portal\/wp-json\/wp\/v2\/tags?post=39829"}],"curies":[{"name":"wp","href":"https:\/\/api.w.org\/{rel}","templated":true}]}}