{"id":39825,"date":"2022-10-25T05:47:27","date_gmt":"2022-10-25T10:47:27","guid":{"rendered":"http:\/\/losperiodistas.com.mx\/portal\/?p=39825"},"modified":"2022-10-25T05:48:28","modified_gmt":"2022-10-25T10:48:28","slug":"meliton-lozano-cae-por-abucheo-a-barbosa-y-sfp-ahora-va-tras-el","status":"publish","type":"post","link":"https:\/\/losperiodistas.com.mx\/portal\/meliton-lozano-cae-por-abucheo-a-barbosa-y-sfp-ahora-va-tras-el\/","title":{"rendered":"Melit\u00f3n Lozano cae por abucheo a Barbosa y SFP ahora va tras \u00e9l | E-Consulta"},"content":{"rendered":"\n<p class=\"has-pale-cyan-blue-background-color has-background has-medium-font-size\"><strong>Mar\u00eda Cecilia S\u00e1nchez Bringas se perfila para encabezar la Secretar\u00eda de Educaci\u00f3n de Puebla luego de la renuncia de Melit\u00f3n Lozano<\/strong><\/p>\n\n\n\n<p><\/p>\n\n\n\n<figure class=\"wp-block-image size-full is-style-default\"><img fetchpriority=\"high\" decoding=\"async\" width=\"640\" height=\"426\" src=\"https:\/\/losperiodistas.com.mx\/portal\/wp-content\/uploads\/2022\/10\/meliton-lozano-cae-por-abucheo-a-barbosa-y-sfp-ahora-va-tras-el.jpg\" alt=\"\" class=\"wp-image-39826\" srcset=\"https:\/\/losperiodistas.com.mx\/portal\/wp-content\/uploads\/2022\/10\/meliton-lozano-cae-por-abucheo-a-barbosa-y-sfp-ahora-va-tras-el.jpg 640w, https:\/\/losperiodistas.com.mx\/portal\/wp-content\/uploads\/2022\/10\/meliton-lozano-cae-por-abucheo-a-barbosa-y-sfp-ahora-va-tras-el-300x200.jpg 300w\" sizes=\"(max-width: 640px) 100vw, 640px\" \/><figcaption><em>Foto \/ e-consulta<\/em><\/figcaption><\/figure>\n\n\n\n<p class=\"has-vivid-cyan-blue-color has-text-color has-medium-font-size\">MARIBEL VEL\u00c1ZQUEZ \/ E-CONSULTA<\/p>\n\n\n\n<p><strong><a href=\"https:\/\/www.e-consulta.com\/nota\/2022-10-24\/educacion\/meliton-lozano-renuncia-como-titular-de-sep-en-puebla\" target=\"_blank\" rel=\"noreferrer noopener\">Melit\u00f3n Lozano P\u00e9rez<\/a><\/strong>&nbsp;renunci\u00f3 a la titularidad de la Secretar\u00eda de Educaci\u00f3n de Puebla luego de que el grupo cercano del gobernador&nbsp;<strong>Luis Miguel Barbosa Huerta<\/strong>&nbsp;le endilg\u00f3 la protesta de docentes que el s\u00e1bado&nbsp;<a href=\"https:\/\/www.e-consulta.com\/nota\/2022-10-22\/gobierno\/amlo-instruye-pago-docentes-de-puebla-tras-abucheos-barbosa\" target=\"_blank\" rel=\"noreferrer noopener\">abuchearon al mandatario estatal<\/a>&nbsp;frente al presidente&nbsp;<strong>Andr\u00e9s Manuel L\u00f3pez Obrador<\/strong>.<\/p>\n\n\n\n<p>El jefe del poder Ejecutivo local anunci\u00f3 este lunes que&nbsp;<a href=\"https:\/\/www.e-consulta.com\/nota\/2022-10-24\/educacion\/meliton-lozano-renuncia-como-titular-de-sep-en-puebla\" target=\"_blank\" rel=\"noreferrer noopener\">la renuncia se present\u00f3 a su primo<\/a>, el director General de Gobierno,&nbsp;<strong>Julio Huerta G\u00f3mez<\/strong>, as\u00ed que la \u201cesperaba\u00bb formalmente para&nbsp;<strong>pronunciarse al respecto.<\/strong><\/p>\n\n\n\n<p><strong>M\u00e1s del tema:&nbsp;<a href=\"https:\/\/www.e-consulta.com\/nota\/2022-10-24\/gobierno\/funcion-publica-toma-oficinas-de-meliton-lozano-tras-su-renuncia\"><em>Funci\u00f3n P\u00fablica toma oficinas de Melit\u00f3n Lozano tras su renuncia<\/em><\/a><\/strong><\/p>\n\n\n\n<p>En su conferencia matutina, el mandatario&nbsp;<strong>no responsabiliz\u00f3 de la protesta&nbsp;<\/strong>al exalcalde de Iz\u00facar de Matamoros, pero s\u00ed al delegado de Programas de Bienestar del gobierno federal,&nbsp;<strong><a href=\"https:\/\/www.e-consulta.com\/nota\/2022-10-24\/gobierno\/barbosa-llama-rajones-docentes-por-abuchearlo-frente-amlo\" target=\"_blank\" rel=\"noreferrer noopener\">Rodrigo Abdala Dartigues<\/a><\/strong>, a quien se\u00f1al\u00f3 de destilar<strong>&nbsp;\u201cfrustraci\u00f3n, amargura y envidia\u201d.<\/strong><\/p>\n\n\n\n<figure class=\"wp-block-embed is-type-video is-provider-youtube wp-block-embed-youtube wp-embed-aspect-16-9 wp-has-aspect-ratio\"><div class=\"wp-block-embed__wrapper\">\n<iframe title=\"Melit\u00f3n Lozano renuncia como titular de SEP en Puebla\" width=\"500\" height=\"281\" src=\"https:\/\/www.youtube.com\/embed\/hiTXH3OvGJM?feature=oembed\" frameborder=\"0\" allow=\"accelerometer; autoplay; clipboard-write; encrypted-media; gyroscope; picture-in-picture; web-share\" referrerpolicy=\"strict-origin-when-cross-origin\" allowfullscreen><\/iframe>\n<\/div><\/figure>\n\n\n\n<p>Por la tarde, la Secretar\u00eda de la Funci\u00f3n P\u00fablica (SFP) estatal&nbsp;<strong>asegur\u00f3 la oficina del ahora exsecretario&nbsp;<\/strong>y la de&nbsp;<strong>Mar\u00eda del Coral Morales Espinosa,<\/strong>&nbsp;subsecretaria de Educaci\u00f3n Obligatoria del estado.<\/p>\n\n\n\n<p>La dependencia a cargo de Juan Carlos Moreno Valle Abdala&nbsp;<strong>coloc\u00f3 cinta canela y sellos en las puertas<\/strong>, en los que se se\u00f1alaba que estaban bajo resguardo del \u00d3rgano de Vigilancia y Control.<\/p>\n\n\n\n<figure class=\"wp-block-image is-style-default\"><img decoding=\"async\" src=\"https:\/\/fotos.e-consulta.com\/site_uploads\/2022\/funcion-publica-toma-oficinas-de-meliton-lozano-tras-su-renuncia-insrt-1.jpg\" alt=\"\"\/><\/figure>\n\n\n\n<p><small>Nota relacionada:<\/small><\/p>\n\n\n\n<h5 class=\"wp-block-heading\">Con Melit\u00f3n Lozano suman 21 bajas en gabinete de Barbosa<\/h5>\n\n\n\n<figure class=\"wp-block-image is-style-default\"><img decoding=\"async\" src=\"https:\/\/www.e-consulta.com\/_next\/image?url=https%3A%2F%2Ffotos.e-consulta.com%2Fcon-meliton-lozano-suman-21-bajas-en-gabinete-de-barbosa.jpg&amp;w=3840&amp;q=75\" alt=\"Con Melit\u00f3n Lozano suman 21 bajas en gabinete de Barbosa\"\/><\/figure>\n\n\n\n<p>Con la renuncia de&nbsp;<strong><a href=\"https:\/\/www.e-consulta.com\/nota\/2022-10-24\/gobierno\/funcion-publica-toma-oficinas-de-meliton-lozano-tras-su-renuncia\" target=\"_blank\" rel=\"noreferrer noopener\">Lozano P\u00e9rez<\/a><\/strong>&nbsp;a la Secretar\u00eda de Educaci\u00f3n del estado,&nbsp;<strong>suman 21 bajas<\/strong>&nbsp;en el gabinete de Barbosa Huerta en los tres a\u00f1os que van de su gesti\u00f3n.<\/p>\n\n\n\n<p><strong>Lozano P\u00e9rez<\/strong>&nbsp;era uno de los \u00faltimos secretarios que permanec\u00edan en el gabinete desde el inicio de la administraci\u00f3n, y ahora solo quedan cuatro:&nbsp;<strong>Mar\u00eda Teresa Castro Corro<\/strong>, secretaria de Planeaci\u00f3n y Finanzas;&nbsp;<strong>Olivia Salom\u00f3n Vibaldo<\/strong>, secretaria de Econom\u00eda;&nbsp;<strong>Ana Laura Altamirano P\u00e9rez<\/strong>, secretaria de Desarrollo Rural y&nbsp;<strong>Beatriz Manrique Guevara<\/strong>, secretaria de Medio Ambiente, Desarrollo Sustentable y Ordenamiento Territorial, as\u00ed como&nbsp;<strong>Ver\u00f3nica V\u00e9lez Macuil<\/strong>, coordinadora de Comunicaci\u00f3n y Agenda Digital.<\/p>\n\n\n\n<figure class=\"wp-block-image is-style-default\"><img decoding=\"async\" src=\"https:\/\/fotos.e-consulta.com\/site_uploads\/2022\/info_gabinete-241022.jpg\" alt=\"\"\/><\/figure>\n\n\n\n<h2 class=\"wp-block-heading\"><strong>Arriba Mar\u00eda Cecilia S\u00e1nchez Bringas<\/strong><\/h2>\n\n\n\n<p>Luego de la renuncia trascendi\u00f3 el arribo de&nbsp;<strong>Mar\u00eda Cecilia S\u00e1nchez Bringas<\/strong>&nbsp;a la Secretar\u00eda de Educaci\u00f3n, aunque se desconoce si como titular o solo encargada del despacho.<\/p>\n\n\n\n<p>Se desempe\u00f1aba como jefa de la&nbsp;<strong>Unidad de Administraci\u00f3n y Finanzas<\/strong>&nbsp;de la dependencia, y previamente fue directora de Ingresos del ayuntamiento de San Andr\u00e9s Cholula, en la gesti\u00f3n del panista&nbsp;<strong>Leoncio Paisano Arias,<\/strong>&nbsp;actualmente encarcelado.<\/p>\n\n\n\n<figure class=\"wp-block-embed is-type-rich is-provider-twitter wp-block-embed-twitter\"><div class=\"wp-block-embed__wrapper\">\n<blockquote class=\"twitter-tweet\" data-width=\"500\" data-dnt=\"true\"><p lang=\"es\" dir=\"ltr\">Mar\u00eda Cecilia S\u00e1nchez Bringas fue directora de Ingresos del ayuntamiento de San Andr\u00e9s Cholula en la gesti\u00f3n de \u2066<a href=\"https:\/\/twitter.com\/LeoPaisanoA?ref_src=twsrc%5Etfw\">@LeoPaisanoA<\/a>\u2069. Se dice que llega apadrinada por \u2066<a href=\"https:\/\/twitter.com\/macuilv?ref_src=twsrc%5Etfw\">@macuilv<\/a>\u2069 y el empresario Hugo Orozco Caballero, cu\u00f1ado del gobernador \u2066<a href=\"https:\/\/twitter.com\/MBarbosaMX?ref_src=twsrc%5Etfw\">@MBarbosaMX<\/a>\u2069. <a href=\"https:\/\/t.co\/LOcmrhwnS0\">pic.twitter.com\/LOcmrhwnS0<\/a><\/p>&mdash; Rodolfo Ruiz R. (@periodistasoy) <a href=\"https:\/\/twitter.com\/periodistasoy\/status\/1584672876560424960?ref_src=twsrc%5Etfw\">October 24, 2022<\/a><\/blockquote><script async src=\"https:\/\/platform.twitter.com\/widgets.js\" charset=\"utf-8\"><\/script>\n<\/div><\/figure>\n\n\n\n<p>Fuente: https:\/\/www.e-consulta.com\/nota\/2022-10-24\/gobierno\/meliton-lozano-cae-por-abucheo-barbosa-y-sfp-ahora-va-tras-el<\/p>\n","protected":false},"excerpt":{"rendered":"<p>Mar\u00eda Cecilia S\u00e1nchez Bringas se perfila para encabezar la Secretar\u00eda de Educaci\u00f3n de Puebla luego de la renuncia de Melit\u00f3n [&hellip;]<\/p>\n","protected":false},"author":1,"featured_media":39826,"comment_status":"open","ping_status":"open","sticky":false,"template":"","format":"standard","meta":{"site-sidebar-layout":"default","site-content-layout":"","ast-site-content-layout":"default","site-content-style":"default","site-sidebar-style":"default","ast-global-header-display":"","ast-banner-title-visibility":"","ast-main-header-display":"","ast-hfb-above-header-display":"","ast-hfb-below-header-display":"","ast-hfb-mobile-header-display":"","site-post-title":"","ast-breadcrumbs-content":"","ast-featured-img":"","footer-sml-layout":"","theme-transparent-header-meta":"","adv-header-id-meta":"","stick-header-meta":"","header-above-stick-meta":"","header-main-stick-meta":"","header-below-stick-meta":"","astra-migrate-meta-layouts":"default","ast-page-background-enabled":"default","ast-page-background-meta":{"desktop":{"background-color":"var(--ast-global-color-4)","background-image":"","background-repeat":"repeat","background-position":"center center","background-size":"auto","background-attachment":"scroll","background-type":"","background-media":"","overlay-type":"","overlay-color":"","overlay-opacity":"","overlay-gradient":""},"tablet":{"background-color":"","background-image":"","background-repeat":"repeat","background-position":"center center","background-size":"auto","background-attachment":"scroll","background-type":"","background-media":"","overlay-type":"","overlay-color":"","overlay-opacity":"","overlay-gradient":""},"mobile":{"background-color":"","background-image":"","background-repeat":"repeat","background-position":"center center","background-size":"auto","background-attachment":"scroll","background-type":"","background-media":"","overlay-type":"","overlay-color":"","overlay-opacity":"","overlay-gradient":""}},"ast-content-background-meta":{"desktop":{"background-color":"var(--ast-global-color-5)","background-image":"","background-repeat":"repeat","background-position":"center center","background-size":"auto","background-attachment":"scroll","background-type":"","background-media":"","overlay-type":"","overlay-color":"","overlay-opacity":"","overlay-gradient":""},"tablet":{"background-color":"var(--ast-global-color-5)","background-image":"","background-repeat":"repeat","background-position":"center center","background-size":"auto","background-attachment":"scroll","background-type":"","background-media":"","overlay-type":"","overlay-color":"","overlay-opacity":"","overlay-gradient":""},"mobile":{"background-color":"var(--ast-global-color-5)","background-image":"","background-repeat":"repeat","background-position":"center center","background-size":"auto","background-attachment":"scroll","background-type":"","background-media":"","overlay-type":"","overlay-color":"","overlay-opacity":"","overlay-gradient":""}},"footnotes":""},"categories":[8],"tags":[13403,3817,108,12572,13402],"class_list":["post-39825","post","type-post","status-publish","format-standard","has-post-thumbnail","hentry","category-noticias","tag-julio-hueerta-gomez","tag-meliton-lozano","tag-miguel-barbosa-huerta","tag-rodrigo-abdala","tag-sep-puebla"],"_links":{"self":[{"href":"https:\/\/losperiodistas.com.mx\/portal\/wp-json\/wp\/v2\/posts\/39825","targetHints":{"allow":["GET"]}}],"collection":[{"href":"https:\/\/losperiodistas.com.mx\/portal\/wp-json\/wp\/v2\/posts"}],"about":[{"href":"https:\/\/losperiodistas.com.mx\/portal\/wp-json\/wp\/v2\/types\/post"}],"author":[{"embeddable":true,"href":"https:\/\/losperiodistas.com.mx\/portal\/wp-json\/wp\/v2\/users\/1"}],"replies":[{"embeddable":true,"href":"https:\/\/losperiodistas.com.mx\/portal\/wp-json\/wp\/v2\/comments?post=39825"}],"version-history":[{"count":2,"href":"https:\/\/losperiodistas.com.mx\/portal\/wp-json\/wp\/v2\/posts\/39825\/revisions"}],"predecessor-version":[{"id":39828,"href":"https:\/\/losperiodistas.com.mx\/portal\/wp-json\/wp\/v2\/posts\/39825\/revisions\/39828"}],"wp:featuredmedia":[{"embeddable":true,"href":"https:\/\/losperiodistas.com.mx\/portal\/wp-json\/wp\/v2\/media\/39826"}],"wp:attachment":[{"href":"https:\/\/losperiodistas.com.mx\/portal\/wp-json\/wp\/v2\/media?parent=39825"}],"wp:term":[{"taxonomy":"category","embeddable":true,"href":"https:\/\/losperiodistas.com.mx\/portal\/wp-json\/wp\/v2\/categories?post=39825"},{"taxonomy":"post_tag","embeddable":true,"href":"https:\/\/losperiodistas.com.mx\/portal\/wp-json\/wp\/v2\/tags?post=39825"}],"curies":[{"name":"wp","href":"https:\/\/api.w.org\/{rel}","templated":true}]}}