{"id":39822,"date":"2022-10-25T05:42:15","date_gmt":"2022-10-25T10:42:15","guid":{"rendered":"http:\/\/losperiodistas.com.mx\/portal\/?p=39822"},"modified":"2022-10-25T05:42:17","modified_gmt":"2022-10-25T10:42:17","slug":"jueza-concede-suspension-definitiva-contra-incorporacion-de-guardia-nacional-a-la-sedena-proceso","status":"publish","type":"post","link":"https:\/\/losperiodistas.com.mx\/portal\/jueza-concede-suspension-definitiva-contra-incorporacion-de-guardia-nacional-a-la-sedena-proceso\/","title":{"rendered":"Jueza concede suspensi\u00f3n definitiva contra incorporaci\u00f3n de Guardia Nacional a la Sedena | Proceso"},"content":{"rendered":"\n<p class=\"has-light-green-cyan-background-color has-background has-medium-font-size\"><strong>Con su resoluci\u00f3n, la juez revivi\u00f3 el freno que la semana pasada fue revocado en menos de 24 horas por un Tribunal Colegiado en el estado de Guanajuato. Los magistrados dejaron sin efectos la suspensi\u00f3n provisional que la juez concedi\u00f3 desde que admiti\u00f3 la demanda de amparo.<\/strong><\/p>\n\n\n\n<p><\/p>\n\n\n\n<figure class=\"wp-block-image size-full is-style-default\"><img fetchpriority=\"high\" decoding=\"async\" width=\"800\" height=\"450\" src=\"https:\/\/losperiodistas.com.mx\/portal\/wp-content\/uploads\/2022\/10\/f800x450-163170_214616_5050.jpeg\" alt=\"\" class=\"wp-image-39823\" srcset=\"https:\/\/losperiodistas.com.mx\/portal\/wp-content\/uploads\/2022\/10\/f800x450-163170_214616_5050.jpeg 800w, https:\/\/losperiodistas.com.mx\/portal\/wp-content\/uploads\/2022\/10\/f800x450-163170_214616_5050-300x169.jpeg 300w, https:\/\/losperiodistas.com.mx\/portal\/wp-content\/uploads\/2022\/10\/f800x450-163170_214616_5050-768x432.jpeg 768w\" sizes=\"(max-width: 800px) 100vw, 800px\" \/><figcaption><strong>Guardia Nacional.<\/strong>\u00a0Tareas de vigilancia. Foto: Gerardo Luna<\/figcaption><\/figure>\n\n\n\n<p class=\"has-vivid-cyan-blue-color has-text-color has-medium-font-size\">DIANA LASTIRI \/ PROCESO<\/p>\n\n\n\n<p>CIUDAD DE M\u00c9XICO (apro).\u2013Una juez federal en el estado de Guanajuato revivi\u00f3 la suspensi\u00f3n &nbsp;que fren\u00f3 la entrada en vigor del decreto que ordena la militarizaci\u00f3n de la Guardia Nacional (GN), publicado el pasado 9 de septiembre en el Diario Oficial de la Federaci\u00f3n (DOF).<\/p>\n\n\n\n<p>La juez Noveno de Distrito en el estado de Guanajuato, Karla Mac\u00edas concedi\u00f3 la suspensi\u00f3n definitiva contra el decreto, misma que tendr\u00e1 vigencia hasta que la juzgadora dicte su sentencia de amparo.<\/p>\n\n\n\n<h5 class=\"wp-block-heading\">NOTICIAS RELACIONADAS<\/h5>\n\n\n\n<ul class=\"wp-block-list\"><li><a href=\"https:\/\/www.proceso.com.mx\/nacional\/2022\/10\/20\/siete-jueces-conceden-suspensiones-para-evitar-que-guardia-nacional-despida-expolicias-federales-295499.html\">Siete jueces conceden suspensiones para evitar que Guardia Nacional despida a expolic\u00edas federales<\/a><\/li><li><a href=\"https:\/\/www.proceso.com.mx\/nacional\/2022\/10\/19\/tribunal-federal-quita-freno-al-paso-de-la-guardia-nacional-la-sedena-295441.html\">Tribunal federal quita freno al paso de la Guardia Nacional a la Sedena<\/a><\/li><li><a href=\"https:\/\/www.proceso.com.mx\/nacional\/2022\/10\/18\/titulares-de-sedena-semar-guardia-nacional-iran-al-senado-pero-no-responderan-preguntas-295372.html\">Titulares de Sedena, Semar y Guardia Nacional ir\u00e1n al Senado, pero no responder\u00e1n preguntas<\/a><\/li><\/ul>\n\n\n\n<p>Con su resoluci\u00f3n, la juez revivi\u00f3 el freno que la semana pasada fue revocado en menos de 24 horas por un Tribunal Colegiado en el estado de Guanajuato.<\/p>\n\n\n\n<p>Los magistrados dejaron sin efectos la suspensi\u00f3n provisional que la juez concedi\u00f3 desde que admiti\u00f3 la demanda de amparo, sin embargo, esa decisi\u00f3n no imped\u00eda a la juez conceder la suspensi\u00f3n en definitiva, como lo hizo en esta ocasi\u00f3n.<\/p>\n\n\n\n<p>La suspensi\u00f3n definitiva puede ser impugnada mediante un recurso de revisi\u00f3n que tendr\u00e1 que ser resuelto por el mismo tribunal que dej\u00f3 sin efectos la suspensi\u00f3n provisional.<\/p>\n\n\n\n<p>El pasado 13 de agosto, el juez Noveno de Distrito en el estado de Guanajuato concedi\u00f3 la primera suspensi\u00f3n provisional contra el decreto y orden\u00f3 que, no se transfiriera&nbsp;el control operativo de la GN a la Secretar\u00eda de la Defensa Nacional (Sedena).<\/p>\n\n\n\n<p>El amparo fue tramitado por diversas organizaciones de la sociedad civil y forma parte de las 53 demandas colectivas que fueron sido presentadas en diferentes juzgados de la Federaci\u00f3n.<\/p>\n\n\n\n<p>Fuente: https:\/\/www.proceso.com.mx\/nacional\/2022\/10\/24\/jueza-concede-suspension-definitiva-contra-incorporacion-de-guardia-nacional-la-sedena-295673.html<\/p>\n","protected":false},"excerpt":{"rendered":"<p>Con su resoluci\u00f3n, la juez revivi\u00f3 el freno que la semana pasada fue revocado en menos de 24 horas por [&hellip;]<\/p>\n","protected":false},"author":1,"featured_media":39823,"comment_status":"open","ping_status":"open","sticky":false,"template":"","format":"standard","meta":{"site-sidebar-layout":"default","site-content-layout":"","ast-site-content-layout":"default","site-content-style":"default","site-sidebar-style":"default","ast-global-header-display":"","ast-banner-title-visibility":"","ast-main-header-display":"","ast-hfb-above-header-display":"","ast-hfb-below-header-display":"","ast-hfb-mobile-header-display":"","site-post-title":"","ast-breadcrumbs-content":"","ast-featured-img":"","footer-sml-layout":"","theme-transparent-header-meta":"","adv-header-id-meta":"","stick-header-meta":"","header-above-stick-meta":"","header-main-stick-meta":"","header-below-stick-meta":"","astra-migrate-meta-layouts":"default","ast-page-background-enabled":"default","ast-page-background-meta":{"desktop":{"background-color":"var(--ast-global-color-4)","background-image":"","background-repeat":"repeat","background-position":"center center","background-size":"auto","background-attachment":"scroll","background-type":"","background-media":"","overlay-type":"","overlay-color":"","overlay-opacity":"","overlay-gradient":""},"tablet":{"background-color":"","background-image":"","background-repeat":"repeat","background-position":"center center","background-size":"auto","background-attachment":"scroll","background-type":"","background-media":"","overlay-type":"","overlay-color":"","overlay-opacity":"","overlay-gradient":""},"mobile":{"background-color":"","background-image":"","background-repeat":"repeat","background-position":"center center","background-size":"auto","background-attachment":"scroll","background-type":"","background-media":"","overlay-type":"","overlay-color":"","overlay-opacity":"","overlay-gradient":""}},"ast-content-background-meta":{"desktop":{"background-color":"var(--ast-global-color-5)","background-image":"","background-repeat":"repeat","background-position":"center center","background-size":"auto","background-attachment":"scroll","background-type":"","background-media":"","overlay-type":"","overlay-color":"","overlay-opacity":"","overlay-gradient":""},"tablet":{"background-color":"var(--ast-global-color-5)","background-image":"","background-repeat":"repeat","background-position":"center center","background-size":"auto","background-attachment":"scroll","background-type":"","background-media":"","overlay-type":"","overlay-color":"","overlay-opacity":"","overlay-gradient":""},"mobile":{"background-color":"var(--ast-global-color-5)","background-image":"","background-repeat":"repeat","background-position":"center center","background-size":"auto","background-attachment":"scroll","background-type":"","background-media":"","overlay-type":"","overlay-color":"","overlay-opacity":"","overlay-gradient":""}},"footnotes":""},"categories":[8],"tags":[13399,2127,13400,13401],"class_list":["post-39822","post","type-post","status-publish","format-standard","has-post-thumbnail","hentry","category-noticias","tag-dof","tag-guardia-nacional","tag-juez-guanajuato","tag-suspension-definitiva-decreto"],"_links":{"self":[{"href":"https:\/\/losperiodistas.com.mx\/portal\/wp-json\/wp\/v2\/posts\/39822","targetHints":{"allow":["GET"]}}],"collection":[{"href":"https:\/\/losperiodistas.com.mx\/portal\/wp-json\/wp\/v2\/posts"}],"about":[{"href":"https:\/\/losperiodistas.com.mx\/portal\/wp-json\/wp\/v2\/types\/post"}],"author":[{"embeddable":true,"href":"https:\/\/losperiodistas.com.mx\/portal\/wp-json\/wp\/v2\/users\/1"}],"replies":[{"embeddable":true,"href":"https:\/\/losperiodistas.com.mx\/portal\/wp-json\/wp\/v2\/comments?post=39822"}],"version-history":[{"count":1,"href":"https:\/\/losperiodistas.com.mx\/portal\/wp-json\/wp\/v2\/posts\/39822\/revisions"}],"predecessor-version":[{"id":39824,"href":"https:\/\/losperiodistas.com.mx\/portal\/wp-json\/wp\/v2\/posts\/39822\/revisions\/39824"}],"wp:featuredmedia":[{"embeddable":true,"href":"https:\/\/losperiodistas.com.mx\/portal\/wp-json\/wp\/v2\/media\/39823"}],"wp:attachment":[{"href":"https:\/\/losperiodistas.com.mx\/portal\/wp-json\/wp\/v2\/media?parent=39822"}],"wp:term":[{"taxonomy":"category","embeddable":true,"href":"https:\/\/losperiodistas.com.mx\/portal\/wp-json\/wp\/v2\/categories?post=39822"},{"taxonomy":"post_tag","embeddable":true,"href":"https:\/\/losperiodistas.com.mx\/portal\/wp-json\/wp\/v2\/tags?post=39822"}],"curies":[{"name":"wp","href":"https:\/\/api.w.org\/{rel}","templated":true}]}}