{"id":39796,"date":"2022-10-24T10:50:31","date_gmt":"2022-10-24T15:50:31","guid":{"rendered":"http:\/\/losperiodistas.com.mx\/portal\/?p=39796"},"modified":"2022-10-24T10:50:33","modified_gmt":"2022-10-24T15:50:33","slug":"en-granjas-puebla-el-gobierno-municipal-entrega-cuatro-rehabilitaciones-viales","status":"publish","type":"post","link":"https:\/\/losperiodistas.com.mx\/portal\/en-granjas-puebla-el-gobierno-municipal-entrega-cuatro-rehabilitaciones-viales\/","title":{"rendered":"En Granjas Puebla el gobierno municipal entrega cuatro rehabilitaciones viales"},"content":{"rendered":"\n<ul class=\"has-medium-font-size wp-block-list\"><li>Estas nuevas calles forman parte de las 334 que la Administraci\u00f3n de Eduardo Rivera P\u00e9rez ha pavimentado y relaminado hasta hoy.<\/li><\/ul>\n\n\n\n<div class=\"wp-block-image is-style-default\"><figure class=\"alignleft size-large is-resized\"><img fetchpriority=\"high\" decoding=\"async\" src=\"https:\/\/losperiodistas.com.mx\/portal\/wp-content\/uploads\/2022\/10\/WhatsApp-Image-2022-10-24-at-10.02.06-AM-1-1024x682.jpeg\" alt=\"\" class=\"wp-image-39797\" width=\"561\" height=\"373\" srcset=\"https:\/\/losperiodistas.com.mx\/portal\/wp-content\/uploads\/2022\/10\/WhatsApp-Image-2022-10-24-at-10.02.06-AM-1-1024x682.jpeg 1024w, https:\/\/losperiodistas.com.mx\/portal\/wp-content\/uploads\/2022\/10\/WhatsApp-Image-2022-10-24-at-10.02.06-AM-1-300x200.jpeg 300w, https:\/\/losperiodistas.com.mx\/portal\/wp-content\/uploads\/2022\/10\/WhatsApp-Image-2022-10-24-at-10.02.06-AM-1-768x512.jpeg 768w, https:\/\/losperiodistas.com.mx\/portal\/wp-content\/uploads\/2022\/10\/WhatsApp-Image-2022-10-24-at-10.02.06-AM-1.jpeg 1280w\" sizes=\"(max-width: 561px) 100vw, 561px\" \/><figcaption>Ayuntamiento Puebla<\/figcaption><\/figure><\/div>\n\n\n\n<p><\/p>\n\n\n\n<p><\/p>\n\n\n\n<p><\/p>\n\n\n\n<p class=\"has-vivid-cyan-blue-color has-text-color has-medium-font-size\">REDACCI\u00d3N<\/p>\n\n\n\n<p>En la colonia Granjas Puebla, las vialidades 10 de Mayo, 1\u00b0 de Mayo, 115 Oriente y 2 Sur est\u00e1n listas para que las m\u00e1s de 23 mil personas que transitan por la zona lo hagan de manera segura y accesible, pues luego de invertir 12.4 millones de pesos, el Ayuntamiento de Puebla hizo de estas cuatro obras unas \u2018Calles de 10\u2019.<\/p>\n\n\n\n<p>Fue precisamente desde la 10 de Mayo que Eduardo Rivera P\u00e9rez, Presidente Municipal de Puebla, dijo \u201cnos comprometimos a hacer mil calles y ya llevamos 334\u201d, luego de inaugurar en compa\u00f1\u00eda de la comunidad vecinal de la zona estas rehabilitaciones viales, las cuales \u2013detall\u00f3\u2014 implicaron la restauraci\u00f3n de m\u00e1s de cinco mil 800 metros cuadrados de concreto asf\u00e1ltico, el mejoramiento de las banquetas, guarniciones y alumbrado, la colocaci\u00f3n de huella podot\u00e1ctil, bolardos y la siembra de \u00e1rboles.<\/p>\n\n\n\n<p>Es as\u00ed como estas nuevas v\u00edas, que en distancia equivalen a la rehabilitaci\u00f3n de 8.5 calles, son una muestra de compromiso por seguir Corrigiendo el Rumbo de Puebla, afirm\u00f3 Luis Franco Mart\u00ednez, Regidor Presidente de la Comisi\u00f3n de Bienestar, pues de acuerdo con el Cabildante, son reflejo de que la participaci\u00f3n y organizaci\u00f3n vecinal permiten avanzar con m\u00e1s acciones, mejores programas y m\u00e1s obras.<\/p>\n\n\n\n<p>En este sentido, Carolina Beauregard Mart\u00ednez, Diputada Federal por la LXV Legislatura, reconoci\u00f3 el m\u00e9rito de estas cuatro intervenciones en Granjas Puebla, pues fueron impulsadas con recursos propios del Municipio, pese a tener \u201crecortes brutales por parte de la Federaci\u00f3n\u201d. Es por ello que tambi\u00e9n ratific\u00f3 su apoyo al Ayuntamiento para que desde el Congreso de la Uni\u00f3n se discuta una repartici\u00f3n presupuestal que tome en cuenta a los Municipios, a fin de que \u201cno se queden solos con las peticiones de los ciudadanos\u201d.<\/p>\n\n\n\n<div class=\"wp-block-image is-style-default\"><figure class=\"aligncenter size-large is-resized\"><img decoding=\"async\" src=\"https:\/\/losperiodistas.com.mx\/portal\/wp-content\/uploads\/2022\/10\/WhatsApp-Image-2022-10-24-at-10.02.06-AM-1024x682.jpeg\" alt=\"\" class=\"wp-image-39798\" width=\"614\" height=\"409\" srcset=\"https:\/\/losperiodistas.com.mx\/portal\/wp-content\/uploads\/2022\/10\/WhatsApp-Image-2022-10-24-at-10.02.06-AM-1024x682.jpeg 1024w, https:\/\/losperiodistas.com.mx\/portal\/wp-content\/uploads\/2022\/10\/WhatsApp-Image-2022-10-24-at-10.02.06-AM-300x200.jpeg 300w, https:\/\/losperiodistas.com.mx\/portal\/wp-content\/uploads\/2022\/10\/WhatsApp-Image-2022-10-24-at-10.02.06-AM-768x512.jpeg 768w, https:\/\/losperiodistas.com.mx\/portal\/wp-content\/uploads\/2022\/10\/WhatsApp-Image-2022-10-24-at-10.02.06-AM.jpeg 1280w\" sizes=\"(max-width: 614px) 100vw, 614px\" \/><\/figure><\/div>\n\n\n\n<p>Tambi\u00e9n encabezaron la inauguraci\u00f3n de estas vialidades Edgar V\u00e9lez Tirado, Secretario de Movilidad e Infraestructura; Miguel M\u00e9ndez Guti\u00e9rrez, Director de Promoci\u00f3n Social de la Secretar\u00eda de Bienestar; Jos\u00e9 Rosas C\u00e1rcamo, Jefe de la Polic\u00eda Zona 8; y Fabiola Hern\u00e1ndez Rodr\u00edguez, Vecina Presidenta del Comit\u00e9 de Obra de la calle 10 de Mayo.<\/p>\n","protected":false},"excerpt":{"rendered":"<p>Estas nuevas calles forman parte de las 334 que la Administraci\u00f3n de Eduardo Rivera P\u00e9rez ha pavimentado y relaminado hasta [&hellip;]<\/p>\n","protected":false},"author":1,"featured_media":39798,"comment_status":"open","ping_status":"open","sticky":false,"template":"","format":"standard","meta":{"site-sidebar-layout":"default","site-content-layout":"","ast-site-content-layout":"default","site-content-style":"default","site-sidebar-style":"default","ast-global-header-display":"","ast-banner-title-visibility":"","ast-main-header-display":"","ast-hfb-above-header-display":"","ast-hfb-below-header-display":"","ast-hfb-mobile-header-display":"","site-post-title":"","ast-breadcrumbs-content":"","ast-featured-img":"","footer-sml-layout":"","theme-transparent-header-meta":"","adv-header-id-meta":"","stick-header-meta":"","header-above-stick-meta":"","header-main-stick-meta":"","header-below-stick-meta":"","astra-migrate-meta-layouts":"default","ast-page-background-enabled":"default","ast-page-background-meta":{"desktop":{"background-color":"var(--ast-global-color-4)","background-image":"","background-repeat":"repeat","background-position":"center center","background-size":"auto","background-attachment":"scroll","background-type":"","background-media":"","overlay-type":"","overlay-color":"","overlay-opacity":"","overlay-gradient":""},"tablet":{"background-color":"","background-image":"","background-repeat":"repeat","background-position":"center center","background-size":"auto","background-attachment":"scroll","background-type":"","background-media":"","overlay-type":"","overlay-color":"","overlay-opacity":"","overlay-gradient":""},"mobile":{"background-color":"","background-image":"","background-repeat":"repeat","background-position":"center center","background-size":"auto","background-attachment":"scroll","background-type":"","background-media":"","overlay-type":"","overlay-color":"","overlay-opacity":"","overlay-gradient":""}},"ast-content-background-meta":{"desktop":{"background-color":"var(--ast-global-color-5)","background-image":"","background-repeat":"repeat","background-position":"center center","background-size":"auto","background-attachment":"scroll","background-type":"","background-media":"","overlay-type":"","overlay-color":"","overlay-opacity":"","overlay-gradient":""},"tablet":{"background-color":"var(--ast-global-color-5)","background-image":"","background-repeat":"repeat","background-position":"center center","background-size":"auto","background-attachment":"scroll","background-type":"","background-media":"","overlay-type":"","overlay-color":"","overlay-opacity":"","overlay-gradient":""},"mobile":{"background-color":"var(--ast-global-color-5)","background-image":"","background-repeat":"repeat","background-position":"center center","background-size":"auto","background-attachment":"scroll","background-type":"","background-media":"","overlay-type":"","overlay-color":"","overlay-opacity":"","overlay-gradient":""}},"footnotes":""},"categories":[8],"tags":[7279],"class_list":["post-39796","post","type-post","status-publish","format-standard","has-post-thumbnail","hentry","category-noticias","tag-contigoyconrumbo"],"_links":{"self":[{"href":"https:\/\/losperiodistas.com.mx\/portal\/wp-json\/wp\/v2\/posts\/39796","targetHints":{"allow":["GET"]}}],"collection":[{"href":"https:\/\/losperiodistas.com.mx\/portal\/wp-json\/wp\/v2\/posts"}],"about":[{"href":"https:\/\/losperiodistas.com.mx\/portal\/wp-json\/wp\/v2\/types\/post"}],"author":[{"embeddable":true,"href":"https:\/\/losperiodistas.com.mx\/portal\/wp-json\/wp\/v2\/users\/1"}],"replies":[{"embeddable":true,"href":"https:\/\/losperiodistas.com.mx\/portal\/wp-json\/wp\/v2\/comments?post=39796"}],"version-history":[{"count":1,"href":"https:\/\/losperiodistas.com.mx\/portal\/wp-json\/wp\/v2\/posts\/39796\/revisions"}],"predecessor-version":[{"id":39799,"href":"https:\/\/losperiodistas.com.mx\/portal\/wp-json\/wp\/v2\/posts\/39796\/revisions\/39799"}],"wp:featuredmedia":[{"embeddable":true,"href":"https:\/\/losperiodistas.com.mx\/portal\/wp-json\/wp\/v2\/media\/39798"}],"wp:attachment":[{"href":"https:\/\/losperiodistas.com.mx\/portal\/wp-json\/wp\/v2\/media?parent=39796"}],"wp:term":[{"taxonomy":"category","embeddable":true,"href":"https:\/\/losperiodistas.com.mx\/portal\/wp-json\/wp\/v2\/categories?post=39796"},{"taxonomy":"post_tag","embeddable":true,"href":"https:\/\/losperiodistas.com.mx\/portal\/wp-json\/wp\/v2\/tags?post=39796"}],"curies":[{"name":"wp","href":"https:\/\/api.w.org\/{rel}","templated":true}]}}